{"id":28412,"date":"2025-01-29T08:11:53","date_gmt":"2025-01-29T11:11:53","guid":{"rendered":"https:\/\/diariotribuna.com.br\/?p=28412"},"modified":"2025-01-29T08:11:53","modified_gmt":"2025-01-29T11:11:53","slug":"ouro-preto-avanca-na-contencao-de-morro","status":"publish","type":"post","link":"https:\/\/diariotribuna.com.br\/?p=28412","title":{"rendered":"Ouro Preto avan\u00e7a na conten\u00e7\u00e3o de morro\u00a0"},"content":{"rendered":"<p><span>Foto: Secretaria de Obras PMOP<\/span><\/p>\n<p><strong><span>COLUNA MG<\/span><\/strong><br \/><span>Principais destaques dos jornais e portais integrantes da rede Sindijori MG <\/span><br \/><span><a href=\"http:\/\/www.sindijorimg.com.br\/\">www.sindijorimg.com.br<\/a><\/span><\/p>\n<p><strong><span>Ouro Preto avan\u00e7a na conten\u00e7\u00e3o <\/span><\/strong><br \/><span>A Prefeitura Municipal de Ouro Preto, representada pelo prefeito Angelo Oswaldo e pelo secret\u00e1rio de Obras, Franklin Evangelista, deu mais um passo importante na execu\u00e7\u00e3o das obras de conten\u00e7\u00e3o do Morro da Forca. Na \u00faltima quinta-feira, 16 de janeiro, os gestores participaram de uma reuni\u00e3o estrat\u00e9gica na Cidade Administrativa, em Belo Horizonte, com o secret\u00e1rio de Estado de Infraestrutura, Pedro Bruno Barros de Souza, e a superintendente do IPHAN, Luciana Feres. O encontro representou um momento crucial para a viabiliza\u00e7\u00e3o do projeto de engenharia destinado \u00e0 estabiliza\u00e7\u00e3o da encosta (O Liberal \u2013 Ouro Preto)<\/span><br \/><span><a href=\"https:\/\/oliberalinconfidentes.com.br\/destaque\/ouro-preto-avanca-na-contencao-do-morro-da-forca-com-apoio-dos-governos-estadual-e-federal\">https:\/\/oliberalinconfidentes.com.br\/destaque\/ouro-preto-avanca-na-contencao-do-morro-da-forca-com-apoio-dos-governos-estadual-e-federal<\/a><\/span><\/p>\n<p><strong><span>Guaxup\u00e9 adota a Techdengue<\/span><\/strong><br \/><span>A cidade de Guaxup\u00e9 adotou a tecnologia Techdengue para combater a dengue e outras arboviroses, utilizando drones de alta capacidade para monitorar e eliminar focos do mosquito Aedes aegypti. A iniciativa, que come\u00e7ou no dia 24 de janeiro, envolve um mapeamento detalhado de \u00e1reas da cidade. O Techdengue, j\u00e1 comprovado em mais de 400 munic\u00edpios, visa otimizar a gest\u00e3o de recursos e aumentar a efic\u00e1cia no combate \u00e0s doen\u00e7as transmitidas pelo mosquito. Autoridades locais acreditam que a tecnologia representa um avan\u00e7o importante na sa\u00fade p\u00fablical. (A Folha Regional \u2013 Muzambinho)<\/span><br \/><span><a href=\"https:\/\/afolharegional.com.br\/noticias\/guaxupe-adota-nova-tecnologia-para-combater-a-dengue-techdengue\/\">https:\/\/afolharegional.com.br\/noticias\/guaxupe-adota-nova-tecnologia-para-combater-a-dengue-techdengue\/<\/a><\/span><\/p>\n<p><strong><span>BH tem Campanha \u201cCarnaval \u00e9 na Lata\u201d<\/span><\/strong><br \/><span>A Prefeitura de Belo Horizonte iniciou a campanha &#8220;Carnaval \u00e9 na Lata&#8221; com o objetivo de promover a seguran\u00e7a durante o Carnaval. A campanha foca na redu\u00e7\u00e3o dos riscos de acidentes causados pelo uso de recipientes perfurocortantes, como garrafas de vidro, durante os blocos de rua. A iniciativa envolve visitas de fiscais a bares e restaurantes nas rotas dos blocos, oferecendo orienta\u00e7\u00f5es sobre proibi\u00e7\u00f5es e regras de seguran\u00e7a, al\u00e9m de proibir ambulantes licenciados de vender bebidas em garrafas de vidro. (Balc\u00e3o News \u2013 Belo Horizonte)<\/span><br \/><span><a href=\"https:\/\/balcaonews.com.br\/2025\/01\/28\/pbh-comeca-hoje-campanha-carnaval-e-na-lata\/\">https:\/\/balcaonews.com.br\/2025\/01\/28\/pbh-comeca-hoje-campanha-carnaval-e-na-lata\/<\/a><\/span><\/p>\n<p><strong><span>Pal\u00e1cio da Liberdade celebra 50 anos <\/span><\/strong><br \/><span>O Pal\u00e1cio da Liberdade, em Belo Horizonte, celebrou os 50 anos de seu tombamento e receber\u00e1 o maior investimento em sua restaura\u00e7\u00e3o, no valor de mais de R$ 10 milh\u00f5es. O pal\u00e1cio, que serve como um importante centro cultural desde 2019, abriga exposi\u00e7\u00f5es, eventos e recebe cerca de 400 mil visitantes anualmente. A restaura\u00e7\u00e3o, que inclui a troca do telhado, recupera\u00e7\u00e3o de pinturas e jardins, visa preservar esse \u00edcone da hist\u00f3ria e cultura de Minas Gerais, promovendo ainda mais o acesso p\u00fablico a esse patrim\u00f4nio. (Cidade Conecta \u2013 Nova Lima)<\/span><br \/><span><a href=\"https:\/\/www.itatiaia.com.br\/cidade-conecta\/2025\/01\/28\/palacio-da-liberdade-celebra-50-anos-de-tombamento-e-sera-restaurado\">https:\/\/www.itatiaia.com.br\/cidade-conecta\/2025\/01\/28\/palacio-da-liberdade-celebra-50-anos-de-tombamento-e-sera-restaurado<\/a><\/span><\/p>\n<p><strong><span>Lafaiete sedia o maior evento de beleza <\/span><\/strong><br \/><span>Conselheiro Lafaiete se tornar\u00e1 um importante polo de beleza infantil ao sediar o concurso Pequena Miss Minas Gerais no dia 8 de fevereiro. O evento, que faz parte da franquia Pequena Miss Brasil, ser\u00e1 um marco para a cidade, destacando o talento das pequenas participantes e celebrando a beleza mirim local. Durante a noite, ser\u00e3o escolhidas as representantes de Lafaiete para o concurso de 2026. O evento contar\u00e1 com a presen\u00e7a de estrelas e personalidades locais, prometendo muita emo\u00e7\u00e3o e glamour. (Correio da Cidade \u2013 Conselheiro Lafaiete)<\/span><br \/><span><a href=\"https:\/\/jornalcorreiodacidade.com.br\/noticias\/39655-lafaiete-sedia-o-maior-evento-de-beleza-infantil-do-estado\">https:\/\/jornalcorreiodacidade.com.br\/noticias\/39655-lafaiete-sedia-o-maior-evento-de-beleza-infantil-do-estado<\/a><\/span><\/p>\n<p><strong><span>Al\u00e9m Para\u00edba n\u00e3o ter\u00e1 desfile <\/span><\/strong><br \/><span>As escolas de samba de Al\u00e9m Para\u00edba decidiram n\u00e3o participar dos desfiles de Carnaval em 2025, optando por priorizar a reestrutura\u00e7\u00e3o financeira das agremia\u00e7\u00f5es. A decis\u00e3o foi tomada ap\u00f3s reuni\u00f5es com a Prefeitura, e o foco do ano ser\u00e1 arrecadar fundos para garantir um retorno grandioso em 2026. Os presidentes das seis escolas, como a Unidos Tr\u00eas Cora\u00e7\u00f5es e a Uni\u00e3o da Colina, afirmaram que essa escolha visa preservar a qualidade e a grandiosidade do Carnaval da cidade, que \u00e9 um dos mais tradicionais da regi\u00e3o. A Prefeitura se comprometeu a apoiar as iniciativas das escolas durante o ano. (Agora \u2013 Al\u00e9m Para\u00edba)<\/span><br \/><span><a href=\"https:\/\/www.agorajornais.com.br\/noticia\/4807\/escolas-de-samba-alem-paraiba-decidem-nao-desfilar-no-carnaval-2025\">https:\/\/www.agorajornais.com.br\/noticia\/4807\/escolas-de-samba-alem-paraiba-decidem-nao-desfilar-no-carnaval-2025<\/a><\/span><\/p>\n<p><span><\/span><\/p>\n<p>\u00a0<\/p>","protected":false},"excerpt":{"rendered":"<p>Foto: Secretaria de Obras PMOP COLUNA MGPrincipais destaques dos jornais e portais integrantes da rede Sindijori MG www.sindijorimg.com.br Ouro Preto avan\u00e7a na conten\u00e7\u00e3o A Prefeitura Municipal de Ouro Preto, representada pelo prefeito Angelo Oswaldo e pelo secret\u00e1rio de Obras, Franklin Evangelista, deu mais um passo importante na execu\u00e7\u00e3o das obras de conten\u00e7\u00e3o do Morro da [&hellip;]<\/p>\n","protected":false},"author":0,"featured_media":28413,"comment_status":"open","ping_status":"open","sticky":false,"template":"","format":"standard","meta":{"rop_custom_images_group":[],"rop_custom_messages_group":[],"rop_publish_now":"initial","rop_publish_now_accounts":[],"rop_publish_now_history":[],"rop_publish_now_status":"pending","footnotes":""},"categories":[6745],"tags":[],"class_list":["post-28412","post","type-post","status-publish","format-standard","has-post-thumbnail","hentry","category-coluna-sindijori"],"_links":{"self":[{"href":"https:\/\/diariotribuna.com.br\/index.php?rest_route=\/wp\/v2\/posts\/28412"}],"collection":[{"href":"https:\/\/diariotribuna.com.br\/index.php?rest_route=\/wp\/v2\/posts"}],"about":[{"href":"https:\/\/diariotribuna.com.br\/index.php?rest_route=\/wp\/v2\/types\/post"}],"replies":[{"embeddable":true,"href":"https:\/\/diariotribuna.com.br\/index.php?rest_route=%2Fwp%2Fv2%2Fcomments&post=28412"}],"version-history":[{"count":0,"href":"https:\/\/diariotribuna.com.br\/index.php?rest_route=\/wp\/v2\/posts\/28412\/revisions"}],"wp:featuredmedia":[{"embeddable":true,"href":"https:\/\/diariotribuna.com.br\/index.php?rest_route=\/wp\/v2\/media\/28413"}],"wp:attachment":[{"href":"https:\/\/diariotribuna.com.br\/index.php?rest_route=%2Fwp%2Fv2%2Fmedia&parent=28412"}],"wp:term":[{"taxonomy":"category","embeddable":true,"href":"https:\/\/diariotribuna.com.br\/index.php?rest_route=%2Fwp%2Fv2%2Fcategories&post=28412"},{"taxonomy":"post_tag","embeddable":true,"href":"https:\/\/diariotribuna.com.br\/index.php?rest_route=%2Fwp%2Fv2%2Ftags&post=28412"}],"curies":[{"name":"wp","href":"https:\/\/api.w.org\/{rel}","templated":true}]}}