{"id":28414,"date":"2025-01-29T10:27:33","date_gmt":"2025-01-29T13:27:33","guid":{"rendered":"https:\/\/diariotribuna.com.br\/?p=28414"},"modified":"2025-01-29T10:27:33","modified_gmt":"2025-01-29T13:27:33","slug":"amm-propoe-criacao-de-consorcio-especifico-para-a-defesa-civil-no-vale-do-aco","status":"publish","type":"post","link":"https:\/\/diariotribuna.com.br\/?p=28414","title":{"rendered":"AMM prop\u00f5e cria\u00e7\u00e3o de cons\u00f3rcio espec\u00edfico para a Defesa Civil no Vale do A\u00e7o\u00a0"},"content":{"rendered":"<p class=\"MsoNormal\"><span>Foto: AMM | Divulga\u00e7\u00e3o<\/span><span><\/span><\/p>\n<p>\u00a0<\/p>\n<p><\/p>\n<p class=\"MsoNormal\"><span>O presidente da Associa\u00e7\u00e3o Mineira de Munic\u00edpios (AMM) e 1\u00ba vice-presidente da Confedera\u00e7\u00e3o Nacional de Munic\u00edpios (CNM), Dr. Marcos Vinicius, prop\u00f4s, na manh\u00e3 desta ter\u00e7a-feira (28), a forma\u00e7\u00e3o de um cons\u00f3rcio da Defesa Civil no Vale do A\u00e7o. \u201cSe fizermos um cons\u00f3rcio, trabalharemos de maneira preventiva, com uma equipe robusta para fazer o planejamento do que a gente precisa no dia a dia. Quando tiver algum desastre, estaremos aptos e prontos para atender aos munic\u00edpios deste cons\u00f3rcio\u201d, afirma. O an\u00fancio foi feito durante solenidade de abertura do AMM nas Macros, evento de capacita\u00e7\u00e3o de servidores municipais promovido pela AMM, em Ipatinga.<\/span><\/p>\n<p class=\"MsoNormal\"><span>\u201cA gente vem enfrentando esses fen\u00f4menos clim\u00e1ticos h\u00e1 alguns anos. As chuvas desabrigaram fam\u00edlias em Ant\u00f4nio Dias, Tim\u00f3teo e uma trag\u00e9dia ainda maior em Ipatinga e Santana do Para\u00edso ceifou vidas. Vimos a necessidade de consorciarmos todos os munic\u00edpios do Vale do A\u00e7o com uma Defesa Civil robusta. A forma mais eficaz de trabalhar as pol\u00edticas p\u00fablicas \u00e9 por meio dos cons\u00f3rcios. A uni\u00e3o entre todos \u00e9 que d\u00e1 resultado. Ent\u00e3o, a AMM traz solu\u00e7\u00f5es ao dia a dia dos munic\u00edpios\u201d, refor\u00e7a o presidente da AMM.<\/span><\/p>\n<p class=\"MsoNormal\"><span>O prefeito de Ipatinga, Gustavo Nunes, ressalta que a cria\u00e7\u00e3o do cons\u00f3rcio pode auxiliar muito os gestores p\u00fablicos. \u201cTudo o que a gente faz por meio de um cons\u00f3rcio, faz em larga escala e, consequentemente, tem custo menor daquela opera\u00e7\u00e3o, al\u00e9m de ter mais efici\u00eancia\u201d, refor\u00e7a o gestor.<\/span><\/p>\n<p class=\"MsoNormal\"><span>A mesma opini\u00e3o \u00e9 compartilhada pelo prefeito de Rio Piracicaba, Augusto Silva, ao falar que a cria\u00e7\u00e3o do cons\u00f3rcio \u00e9 uma forma de apoiar os prefeitos com respostas r\u00e1pidas, uma vez que a maior parte dos munic\u00edpios do Vale do Rio Doce s\u00e3o popula\u00e7\u00f5es ribeirinhas, ent\u00e3o, h\u00e1 o risco de acontecer incidentes. <\/span><\/p>\n<p><\/p>\n<p class=\"MsoNormal\"><span>AMM nas Macros<\/span><\/p>\n<p class=\"MsoNormal\"><span>Nesta semana, o Vale do Jequitinhonha\/Mucuri e o Vale do Rio Doce recebem o AMM nas Macros, evento de capacita\u00e7\u00e3o de servidores municipais realizado pela Associa\u00e7\u00e3o Mineira de Munic\u00edpios (AMM). Os eventos s\u00e3o realizados em Ipatinga, no dia 28 de janeiro, e em Te\u00f3filo Otoni, no dia 30 de janeiro, ambos das 8h \u00e0s 17h. O p\u00fablico-alvo do AMM nas Macros<span>\u00a0 <\/span>s\u00e3o prefeitos, vice-prefeitos, vereadores, secret\u00e1rios municipais e demais gestores, que receber\u00e3o orienta\u00e7\u00f5es estrat\u00e9gicas para a implementa\u00e7\u00e3o de pol\u00edticas p\u00fablicas de forma eficaz.<\/span><\/p>\n<p class=\"MsoNormal\"><span>Em Ipatinga, o encontro acontece na Federa\u00e7\u00e3o das Ind\u00fastrias do Estado de Minas Gerais (FIEMG) \u2013 Vale do A\u00e7o, na Avenida Pedro Linhares Gomes, n\u00ba 5.431; enquanto em Te\u00f3filo Otoni o evento ser\u00e1 na C\u00e2mara de Dirigentes Lojistas (CDL), na Avenida Dr. Luis Boali P\u00f4rto Salman, n\u00ba 1.370.<\/span><\/p>\n<p class=\"MsoNormal\"><span>\u201cCom o sucesso da edi\u00e7\u00e3o anterior, o AMM nas Macros se consolida como uma iniciativa essencial para promover avan\u00e7os na gest\u00e3o p\u00fablica municipal em Minas Gerais, contribuindo para uma administra\u00e7\u00e3o mais eficiente e integrada. Este \u00e9 um momento \u00fanico para fomentar a troca de experi\u00eancias e fortalecer a governan\u00e7a local\u201d, destaca Dr. Marcos Vinicius.<\/span><\/p>\n<p class=\"MsoNormal\"><span>SERVI\u00c7O:<\/span><\/p>\n<p><\/p>\n<p class=\"MsoNormal\"><span>Informa\u00e7\u00f5es para a imprensa: <\/span><\/p>\n<p><span>Tatiana Moraes | <\/span><\/p>\n<p><span>31 98811.6769<\/span><\/p>\n<p><\/p>\n<p>\u00a0<\/p>","protected":false},"excerpt":{"rendered":"<p>Foto: AMM | Divulga\u00e7\u00e3o \u00a0 O presidente da Associa\u00e7\u00e3o Mineira de Munic\u00edpios (AMM) e 1\u00ba vice-presidente da Confedera\u00e7\u00e3o Nacional de Munic\u00edpios (CNM), Dr. Marcos Vinicius, prop\u00f4s, na manh\u00e3 desta ter\u00e7a-feira (28), a forma\u00e7\u00e3o de um cons\u00f3rcio da Defesa Civil no Vale do A\u00e7o. \u201cSe fizermos um cons\u00f3rcio, trabalharemos de maneira preventiva, com uma equipe robusta [&hellip;]<\/p>\n","protected":false},"author":0,"featured_media":28415,"comment_status":"open","ping_status":"open","sticky":false,"template":"","format":"standard","meta":{"rop_custom_images_group":[],"rop_custom_messages_group":[],"rop_publish_now":"initial","rop_publish_now_accounts":[],"rop_publish_now_history":[],"rop_publish_now_status":"pending","footnotes":""},"categories":[6745],"tags":[],"class_list":["post-28414","post","type-post","status-publish","format-standard","has-post-thumbnail","hentry","category-coluna-sindijori"],"_links":{"self":[{"href":"https:\/\/diariotribuna.com.br\/index.php?rest_route=\/wp\/v2\/posts\/28414"}],"collection":[{"href":"https:\/\/diariotribuna.com.br\/index.php?rest_route=\/wp\/v2\/posts"}],"about":[{"href":"https:\/\/diariotribuna.com.br\/index.php?rest_route=\/wp\/v2\/types\/post"}],"replies":[{"embeddable":true,"href":"https:\/\/diariotribuna.com.br\/index.php?rest_route=%2Fwp%2Fv2%2Fcomments&post=28414"}],"version-history":[{"count":0,"href":"https:\/\/diariotribuna.com.br\/index.php?rest_route=\/wp\/v2\/posts\/28414\/revisions"}],"wp:featuredmedia":[{"embeddable":true,"href":"https:\/\/diariotribuna.com.br\/index.php?rest_route=\/wp\/v2\/media\/28415"}],"wp:attachment":[{"href":"https:\/\/diariotribuna.com.br\/index.php?rest_route=%2Fwp%2Fv2%2Fmedia&parent=28414"}],"wp:term":[{"taxonomy":"category","embeddable":true,"href":"https:\/\/diariotribuna.com.br\/index.php?rest_route=%2Fwp%2Fv2%2Fcategories&post=28414"},{"taxonomy":"post_tag","embeddable":true,"href":"https:\/\/diariotribuna.com.br\/index.php?rest_route=%2Fwp%2Fv2%2Ftags&post=28414"}],"curies":[{"name":"wp","href":"https:\/\/api.w.org\/{rel}","templated":true}]}}