{"id":28420,"date":"2025-01-29T17:32:30","date_gmt":"2025-01-29T20:32:30","guid":{"rendered":"https:\/\/diariotribuna.com.br\/?p=28420"},"modified":"2025-01-29T17:32:31","modified_gmt":"2025-01-29T20:32:31","slug":"pela-primeira-vez-na-historia-uma-mulher-vai-comandar-o-corpo-de-bombeiros-de-minas-gerais","status":"publish","type":"post","link":"https:\/\/diariotribuna.com.br\/?p=28420","title":{"rendered":"Pela primeira vez na hist\u00f3ria, uma mulher vai comandar o Corpo de Bombeiros de Minas Gerais"},"content":{"rendered":"\n<p><em><em>An\u00fancio foi feito pelo governador Romeu Zema, durante a reuni\u00e3o com o secretariado nesta quarta-feira (29\/1), e faz parte da pol\u00edtica de reconhecimento do trabalho de mulheres na alta gest\u00e3o do Estado<\/em><\/em><\/p>\n\n\n\n<figure class=\"wp-block-image size-full is-resized\"><img loading=\"lazy\" decoding=\"async\" width=\"700\" height=\"452\" src=\"https:\/\/diariotribuna.com.br\/wp-content\/uploads\/2025\/01\/Cel-Jordana.jpg\" alt=\"\" class=\"wp-image-28421\" style=\"width:499px;height:auto\" srcset=\"https:\/\/diariotribuna.com.br\/wp-content\/uploads\/2025\/01\/Cel-Jordana.jpg 700w, https:\/\/diariotribuna.com.br\/wp-content\/uploads\/2025\/01\/Cel-Jordana-300x194.jpg 300w, https:\/\/diariotribuna.com.br\/wp-content\/uploads\/2025\/01\/Cel-Jordana-696x449.jpg 696w, https:\/\/diariotribuna.com.br\/wp-content\/uploads\/2025\/01\/Cel-Jordana-650x420.jpg 650w\" sizes=\"(max-width: 700px) 100vw, 700px\" \/><\/figure>\n\n\n\n<p>De forma in\u00e9dita no Estado, na marca de 113 anos de hist\u00f3ria do\u00a0<a href=\"https:\/\/www.bombeiros.mg.gov.br\/\" target=\"_blank\" rel=\"noreferrer noopener\">Corpo de Bombeiros Militar de Minas Gerais (CBMMG)<\/a>, pela primeira vez uma mulher estar\u00e1 \u00e0 frente da corpora\u00e7\u00e3o mineira. O an\u00fancio foi feito pelo governador Romeu Zema, na reuni\u00e3o com o secretariado nesta quarta-feira (29\/1).<\/p>\n\n\n\n<p>O comando-geral do Corpo de Bombeiros ser\u00e1 de compet\u00eancia da <strong>coronel Jordana de Oliveira Filgueiras Daldegan<\/strong>, em substitui\u00e7\u00e3o ao coronel Erlon Dias do Nascimento Botelho. O governador Romeu Zema ressaltou que a escolha faz parte das prioridades da atual gest\u00e3o em valorizar o trabalho de mulheres nos principais cargos de lideran\u00e7a da administra\u00e7\u00e3o p\u00fablica estadual.<\/p>\n\n\n\n<p>O governador agradeceu os servi\u00e7os prestados pelo coronel Erlon Dias e pela subcomandante Daniela Lopes Rocha da Costa, e desejou sucesso e continuidade ao excelente trabalho realizado pelo Comando dos Bombeiros de Minas.<\/p>\n\n\n\n<p><strong>&#8220;Desde o in\u00edcio da minha gest\u00e3o, as pessoas indicadas para ocupar os cargos de lideran\u00e7a s\u00e3o escolhidas por crit\u00e9rios t\u00e9cnicos e de compet\u00eancia. Nesse processo, tenho buscado valorizar o excelente trabalho que as mulheres fazem na administra\u00e7\u00e3o p\u00fablica de Minas Gerais. A coronel Jordana \u00e9 um desses exemplos. Tenho certeza que ela far\u00e1 uma gest\u00e3o primorosa \u00e0 frente dos Bombeiros, mantendo a corpora\u00e7\u00e3o em um lugar de destaque no Brasil e no mundo&#8221;, disse Romeu Zema.<\/strong><\/p>\n\n\n\n<p><strong>Comando-geral<\/strong> &#8211; Ao longo da carreira, a coronel Jordana de Oliveira ocupou diversas posi\u00e7\u00f5es de destaque na corpora\u00e7\u00e3o, incluindo a subchefia da Se\u00e7\u00e3o de Planejamento Operacional do Estado-Maior, o subcomando do 3\u00ba BBM, a chefia da Assessoria de Comunica\u00e7\u00e3o do CBMMG e, mais recentemente, a Diretoria de Assuntos Institucionais.<\/p>\n\n\n\n<p>\u00c9 especialista em Administra\u00e7\u00e3o P\u00fablica, com enfoque em Gest\u00e3o de Pessoas pela Escola de Governo da Funda\u00e7\u00e3o Jo\u00e3o Pinheiro; e em Gest\u00e3o Estrat\u00e9gica e Pol\u00edticas P\u00fablicas pela Academia de Bombeiros Militar. Al\u00e9m disso, leciona e orienta no Curso de P\u00f3s-Gradua\u00e7\u00e3o em Gest\u00e3o, Prote\u00e7\u00e3o e Defesa Civil da Academia de Bombeiros Militar.<\/p>\n\n\n\n<figure class=\"wp-block-image size-full is-resized\"><img loading=\"lazy\" decoding=\"async\" width=\"700\" height=\"449\" src=\"https:\/\/diariotribuna.com.br\/wp-content\/uploads\/2025\/01\/Cel-Moises.jpg\" alt=\"\" class=\"wp-image-28422\" style=\"width:506px;height:auto\" srcset=\"https:\/\/diariotribuna.com.br\/wp-content\/uploads\/2025\/01\/Cel-Moises.jpg 700w, https:\/\/diariotribuna.com.br\/wp-content\/uploads\/2025\/01\/Cel-Moises-300x192.jpg 300w, https:\/\/diariotribuna.com.br\/wp-content\/uploads\/2025\/01\/Cel-Moises-696x446.jpg 696w, https:\/\/diariotribuna.com.br\/wp-content\/uploads\/2025\/01\/Cel-Moises-655x420.jpg 655w\" sizes=\"(max-width: 700px) 100vw, 700px\" \/><\/figure>\n\n\n\n<p><strong>Estado Maior<\/strong> &#8211; O subcomando da corpora\u00e7\u00e3o e a chefia do Estado Maior estar\u00e3o a cargo do coronel Mois\u00e9s Magalh\u00e3es de Souza, em substitui\u00e7\u00e3o \u00e0 coronel Daniela Lopes. Comandante Especializado de Bombeiros, \u00e9 especialista em Engenharia de Seguran\u00e7a do Trabalho, em Normaliza\u00e7\u00e3o de Medidas contra Inc\u00eandio, P\u00e2nico e Explos\u00f5es, e em Gest\u00e3o Estrat\u00e9gica e Pol\u00edticas P\u00fablicas. Tamb\u00e9m leciona e orienta no Curso de P\u00f3s-Gradua\u00e7\u00e3o em Gest\u00e3o Estrat\u00e9gica e Pol\u00edticas P\u00fablicas da Academia de Bombeiros Militar.<\/p>\n\n\n\n<p>A data para oficializar a troca do comando do Corpo de Bombeiros ainda ser\u00e1 definida, momento em que ser\u00e3o prestadas as honras e agradecimentos aos comandantes coronel Erlon Dias do Nascimento Botelho e coronel Daniela Lopes Rocha da Costa. (ASCOM Governo de Minas \/ Cr\u00e9dito da foto: CBMMG \/ Divulga\u00e7\u00e3o)<\/p>\n","protected":false},"excerpt":{"rendered":"<p>An\u00fancio foi feito pelo governador Romeu Zema, durante a reuni\u00e3o com o secretariado nesta quarta-feira (29\/1), e faz parte da pol\u00edtica de reconhecimento do trabalho de mulheres na alta gest\u00e3o do Estado De forma in\u00e9dita no Estado, na marca de 113 anos de hist\u00f3ria do\u00a0Corpo de Bombeiros Militar de Minas Gerais (CBMMG), pela primeira vez [&hellip;]<\/p>\n","protected":false},"author":1,"featured_media":28421,"comment_status":"open","ping_status":"open","sticky":false,"template":"","format":"standard","meta":{"rop_custom_images_group":[],"rop_custom_messages_group":[],"rop_publish_now":"initial","rop_publish_now_accounts":[],"rop_publish_now_history":[],"rop_publish_now_status":"pending","footnotes":""},"categories":[25,19],"tags":[382,91,6960],"class_list":["post-28420","post","type-post","status-publish","format-standard","has-post-thumbnail","hentry","category-destaque","category-gerais","tag-corpo-de-bombeiros","tag-minas","tag-mulher-no-comando"],"_links":{"self":[{"href":"https:\/\/diariotribuna.com.br\/index.php?rest_route=\/wp\/v2\/posts\/28420"}],"collection":[{"href":"https:\/\/diariotribuna.com.br\/index.php?rest_route=\/wp\/v2\/posts"}],"about":[{"href":"https:\/\/diariotribuna.com.br\/index.php?rest_route=\/wp\/v2\/types\/post"}],"author":[{"embeddable":true,"href":"https:\/\/diariotribuna.com.br\/index.php?rest_route=\/wp\/v2\/users\/1"}],"replies":[{"embeddable":true,"href":"https:\/\/diariotribuna.com.br\/index.php?rest_route=%2Fwp%2Fv2%2Fcomments&post=28420"}],"version-history":[{"count":1,"href":"https:\/\/diariotribuna.com.br\/index.php?rest_route=\/wp\/v2\/posts\/28420\/revisions"}],"predecessor-version":[{"id":28423,"href":"https:\/\/diariotribuna.com.br\/index.php?rest_route=\/wp\/v2\/posts\/28420\/revisions\/28423"}],"wp:featuredmedia":[{"embeddable":true,"href":"https:\/\/diariotribuna.com.br\/index.php?rest_route=\/wp\/v2\/media\/28421"}],"wp:attachment":[{"href":"https:\/\/diariotribuna.com.br\/index.php?rest_route=%2Fwp%2Fv2%2Fmedia&parent=28420"}],"wp:term":[{"taxonomy":"category","embeddable":true,"href":"https:\/\/diariotribuna.com.br\/index.php?rest_route=%2Fwp%2Fv2%2Fcategories&post=28420"},{"taxonomy":"post_tag","embeddable":true,"href":"https:\/\/diariotribuna.com.br\/index.php?rest_route=%2Fwp%2Fv2%2Ftags&post=28420"}],"curies":[{"name":"wp","href":"https:\/\/api.w.org\/{rel}","templated":true}]}}