{"id":28424,"date":"2025-01-29T21:54:54","date_gmt":"2025-01-30T00:54:54","guid":{"rendered":"https:\/\/diariotribuna.com.br\/?p=28424"},"modified":"2025-01-29T21:54:55","modified_gmt":"2025-01-30T00:54:55","slug":"pm-de-meio-ambiente-apreende-arma-de-fogo-e-42-passaros-durante-operacao-em-palmopolis","status":"publish","type":"post","link":"https:\/\/diariotribuna.com.br\/?p=28424","title":{"rendered":"PM de Meio Ambiente apreende arma de fogo e 42 p\u00e1ssaros durante opera\u00e7\u00e3o em Palm\u00f3polis"},"content":{"rendered":"\n<figure class=\"wp-block-image size-full is-resized\"><img loading=\"lazy\" decoding=\"async\" width=\"700\" height=\"394\" src=\"https:\/\/diariotribuna.com.br\/wp-content\/uploads\/2025\/01\/Imagem-do-WhatsApp-de-2025-01-29-as-07.16.15_f3c1e546.jpg\" alt=\"\" class=\"wp-image-28425\" style=\"width:506px;height:auto\" srcset=\"https:\/\/diariotribuna.com.br\/wp-content\/uploads\/2025\/01\/Imagem-do-WhatsApp-de-2025-01-29-as-07.16.15_f3c1e546.jpg 700w, https:\/\/diariotribuna.com.br\/wp-content\/uploads\/2025\/01\/Imagem-do-WhatsApp-de-2025-01-29-as-07.16.15_f3c1e546-300x169.jpg 300w, https:\/\/diariotribuna.com.br\/wp-content\/uploads\/2025\/01\/Imagem-do-WhatsApp-de-2025-01-29-as-07.16.15_f3c1e546-696x392.jpg 696w\" sizes=\"(max-width: 700px) 100vw, 700px\" \/><\/figure>\n\n\n\n<p>A Pol\u00edcia Militar de Meio Ambiente realizou uma opera\u00e7\u00e3o de combate aos crimes ambientais na zona rural da cidade de Palm\u00f3polis, nesta quarta-feira (29\/1), resultando na apreens\u00e3o de arma de fogo e 42 p\u00e1ssaros da fauna silvestre nativa, al\u00e9m de gaiolas e suprimentos para recarga de arma de fogo, em uma resid\u00eancia.<\/p>\n\n\n\n<p>Segundo o comandante da Pol\u00edcia Militar de Meio Ambiente no Vale do Jequitinhonha, Tenente Heberth Dias, os p\u00e1ssaros foram devolvidos ao seu habitat natural tendo em vista seu estado bravio, e as gaiolas foram destru\u00eddas. <strong>Foram apreendidos:<\/strong> 1 espingarda chumbeira, 1 frasco com chumbo, 1 frasco com espoletas e 2 frascos com p\u00f3lvora, al\u00e9m de 42 p\u00e1ssaros e 38 gaiolas.<\/p>\n\n\n\n<p>Foi confeccionado um Auto de Infra\u00e7\u00e3o Ambiental no valor de R$ 50.525,68 contra o morador da resid\u00eancia, que foi conduzido \u00e0 delegacia de Pol\u00edcia Civil, devido a apreens\u00e3o da arma de fogo, para as provid\u00eancias de pol\u00edcia judici\u00e1ria. (Informa\u00e7\u00f5es\/Fotos: Tenente Heberth Dias, comandante da Pol\u00edcia Militar de Meio Ambiente no Vale do Jequitinhonha).<\/p>\n","protected":false},"excerpt":{"rendered":"<p>A Pol\u00edcia Militar de Meio Ambiente realizou uma opera\u00e7\u00e3o de combate aos crimes ambientais na zona rural da cidade de Palm\u00f3polis, nesta quarta-feira (29\/1), resultando na apreens\u00e3o de arma de fogo e 42 p\u00e1ssaros da fauna silvestre nativa, al\u00e9m de gaiolas e suprimentos para recarga de arma de fogo, em uma resid\u00eancia. Segundo o comandante [&hellip;]<\/p>\n","protected":false},"author":1,"featured_media":28425,"comment_status":"open","ping_status":"open","sticky":false,"template":"","format":"standard","meta":{"rop_custom_images_group":[],"rop_custom_messages_group":[],"rop_publish_now":"initial","rop_publish_now_accounts":[],"rop_publish_now_history":[],"rop_publish_now_status":"pending","footnotes":""},"categories":[25,20],"tags":[1055,4636,949,6459,2484,3135],"class_list":["post-28424","post","type-post","status-publish","format-standard","has-post-thumbnail","hentry","category-destaque","category-policia","tag-arma-de-fogo","tag-palmopolis","tag-passaros","tag-pm-meio-ambiente","tag-um-preso","tag-vale-do-jequitinhonha"],"_links":{"self":[{"href":"https:\/\/diariotribuna.com.br\/index.php?rest_route=\/wp\/v2\/posts\/28424"}],"collection":[{"href":"https:\/\/diariotribuna.com.br\/index.php?rest_route=\/wp\/v2\/posts"}],"about":[{"href":"https:\/\/diariotribuna.com.br\/index.php?rest_route=\/wp\/v2\/types\/post"}],"author":[{"embeddable":true,"href":"https:\/\/diariotribuna.com.br\/index.php?rest_route=\/wp\/v2\/users\/1"}],"replies":[{"embeddable":true,"href":"https:\/\/diariotribuna.com.br\/index.php?rest_route=%2Fwp%2Fv2%2Fcomments&post=28424"}],"version-history":[{"count":1,"href":"https:\/\/diariotribuna.com.br\/index.php?rest_route=\/wp\/v2\/posts\/28424\/revisions"}],"predecessor-version":[{"id":28426,"href":"https:\/\/diariotribuna.com.br\/index.php?rest_route=\/wp\/v2\/posts\/28424\/revisions\/28426"}],"wp:featuredmedia":[{"embeddable":true,"href":"https:\/\/diariotribuna.com.br\/index.php?rest_route=\/wp\/v2\/media\/28425"}],"wp:attachment":[{"href":"https:\/\/diariotribuna.com.br\/index.php?rest_route=%2Fwp%2Fv2%2Fmedia&parent=28424"}],"wp:term":[{"taxonomy":"category","embeddable":true,"href":"https:\/\/diariotribuna.com.br\/index.php?rest_route=%2Fwp%2Fv2%2Fcategories&post=28424"},{"taxonomy":"post_tag","embeddable":true,"href":"https:\/\/diariotribuna.com.br\/index.php?rest_route=%2Fwp%2Fv2%2Ftags&post=28424"}],"curies":[{"name":"wp","href":"https:\/\/api.w.org\/{rel}","templated":true}]}}