{"id":28427,"date":"2025-01-30T11:46:23","date_gmt":"2025-01-30T14:46:23","guid":{"rendered":"https:\/\/diariotribuna.com.br\/?p=28427"},"modified":"2025-01-30T11:46:23","modified_gmt":"2025-01-30T14:46:23","slug":"banco-do-nordeste-investe-em-energia-solar","status":"publish","type":"post","link":"https:\/\/diariotribuna.com.br\/?p=28427","title":{"rendered":"Banco do Nordeste investe em energia solar\u00a0"},"content":{"rendered":"<p><span>Foto: Divulga\u00e7\u00e3o<\/span><\/p>\n<p><strong><span>COLUNA MG<\/span><\/strong><br \/><span>Principais destaques dos jornais e portais integrantes da rede Sindijori MG <\/span><br \/><span><a href=\"http:\/\/www.sindijorimg.com.br\/\">www.sindijorimg.com.br<\/a><\/span><\/p>\n<p><strong><span>Banco do Nordeste investe em solar <\/span><\/strong><br \/><span>O Banco do Nordeste (BNB) anunciou que em 2024 investiu mais de R$ 1,2 bilh\u00e3o em energia solar fotovoltaica em Minas Gerais, com foco em 249 munic\u00edpios, especialmente no Norte de Minas. Esses investimentos, incluindo a constru\u00e7\u00e3o de grandes projetos como a megausina solar de Jana\u00faba, t\u00eam gerado milhares de empregos e contribu\u00eddo para a sustentabilidade regional. Al\u00e9m disso, o banco contratou R$ 4,2 bilh\u00f5es no estado, com destaque para o microcr\u00e9dito, que somou R$ 1,4 bilh\u00e3o em apoio a pequenos neg\u00f3cios e agricultores. A institui\u00e7\u00e3o tamb\u00e9m est\u00e1 expandindo sua presen\u00e7a no estado com novas ag\u00eancias. (Gazeta Norte Mineira \u2013 Montes Claros)<\/span><br \/><span><a href=\"https:\/\/gazetanm.com.br\/banco-do-nordeste-investe-mais-de-r-12-bilhao-em-energia-solar-em-2024\/\">https:\/\/gazetanm.com.br\/banco-do-nordeste-investe-mais-de-r-12-bilhao-em-energia-solar-em-2024\/<\/a><\/span><\/p>\n<p><strong><span>Parceria traz Cinema Sem Fronteiras <\/span><\/strong><br \/><span>A Prefeitura de Belo Horizonte, o Minist\u00e9rio P\u00fablico de Minas Gerais (MPMG) e o Instituto Universo Cultural firmaram uma parceria para o &#8220;Cinema Sem Fronteiras \u2013 Programa Internacional de Audiovisual&#8221;, com um investimento de R$ 6 milh\u00f5es. O programa, que tem dura\u00e7\u00e3o de 18 meses, incluir\u00e1 quatro importantes eventos do setor audiovisual: a Mostra de Cinema de Tiradentes, a Mostra de Cinema de Ouro Preto (CineOP), a Mostra Internacional de Cinema de Belo Horizonte (CineBH) e o Brasil CineMundi \u2013 Encontro Internacional de Coprodu\u00e7\u00e3o. (Balc\u00e3o News \u2013 Belo Horizonte)<\/span><br \/><span><a href=\"https:\/\/balcaonews.com.br\/2025\/01\/27\/parceria-traz-cinema-sem-fronteiras-programa-internacional-de-audiovisual\/\">https:\/\/balcaonews.com.br\/2025\/01\/27\/parceria-traz-cinema-sem-fronteiras-programa-internacional-de-audiovisual\/<\/a><\/span><\/p>\n<p><strong><span>Quase 13 mil ton de terra recolhidas <\/span><\/strong><br \/><span>Desde o dia 12 de janeiro, a Prefeitura de Ipatinga tem realizado um intenso trabalho de limpeza nas vias p\u00fablicas da cidade, ap\u00f3s um forte temporal causar danos em v\u00e1rias \u00e1reas. Com o apoio de m\u00e1quinas e caminh\u00f5es, seis equipes est\u00e3o atuando diariamente, com foco nas principais vias de acesso, como linhas de transporte coletivo e rotas usadas por trabalhadores. At\u00e9 agora, quase 13 mil toneladas de barro, terra e entulho foram retiradas das ruas, um volume seis vezes maior do que o habitual, equivalente a tr\u00eas meses de trabalho normal. O munic\u00edpio segue com esfor\u00e7os cont\u00ednuos de limpeza, mesmo aos fins de semana. (Di\u00e1rio do Rio Doce \u2013 Governador Valadares)<\/span><br \/><span><a href=\"https:\/\/www.diariodoaco.com.br\/noticia\/0121905-quase-13-mil-toneladas-de-barro-terra-e-entulho-foram-recolhidas-em-ipatinga-desde-o-dia-121\">https:\/\/www.diariodoaco.com.br\/noticia\/0121905-quase-13-mil-toneladas-de-barro-terra-e-entulho-foram-recolhidas-em-ipatinga-desde-o-dia-121<\/a><\/span><\/p>\n<p><strong><span>For\u00e7a-tarefa contra golpes de IPVA<\/span><\/strong><br \/><span>O Governo de Minas Gerais criou uma for\u00e7a-tarefa composta pela Secretaria de Estado da Fazenda (SEF), Pol\u00edcia Civil e Minist\u00e9rio P\u00fablico (MPMG) para combater golpes relacionados ao pagamento do IPVA. Essa a\u00e7\u00e3o surge em resposta a fraudes, especialmente durante o per\u00edodo de pagamento do imposto. Os golpes mais comuns incluem sites falsos que simulam os oficiais do governo e links enviados por mensagens e e-mails, prometendo descontos atraentes. As autoridades alertam que, mesmo que o contribuinte seja v\u00edtima de um golpe, ele n\u00e3o ser\u00e1 isento de pagar o IPVA para regularizar sua situa\u00e7\u00e3o. As den\u00fancias devem ser feitas na Delegacia Virtual ou em uma delegacia local. (Po\u00e7os J\u00e1 \u2013 Po\u00e7os de Caldas)<\/span><br \/><span><a href=\"https:\/\/pocosja.com.br\/2025\/01\/28\/governo-de-minas-cria-forca-tarefa-contra-golpes-de-ipva\/\">https:\/\/pocosja.com.br\/2025\/01\/28\/governo-de-minas-cria-forca-tarefa-contra-golpes-de-ipva\/<\/a><\/span><\/p>\n<p><strong><span>Sul registra novos neg\u00f3cios <\/span><\/strong><br \/><span>Em 2024, o Sul de Minas registrou a abertura de 19.256 novos pequenos neg\u00f3cios, principalmente microempreendedores individuais (MEI), que representaram 72,8% dos empreendimentos. Entre os setores, o de obras de alvenaria se destacou, seguido pelo setor de servi\u00e7os. Po\u00e7os de Caldas, Pouso Alegre e Varginha foram os munic\u00edpios com maior n\u00famero de novas empresas. O Sebrae Minas tem apoiado esses empreendedores com capacita\u00e7\u00f5es e ferramentas para promover uma gest\u00e3o eficiente e inova\u00e7\u00e3o. No cen\u00e1rio estadual, Minas Gerais foi o segundo estado com mais aberturas de pequenos neg\u00f3cios, ficando atr\u00e1s de S\u00e3o Paulo. (Jornal Mantiqueira \u2013 Po\u00e7os de Caldas)<\/span><br \/><span><a href=\"https:\/\/www.jornalmantiqueira.com.br\/2025\/01\/28\/sul-de-minas-registra-abertura-de-mais-de-19-mil-pequenos-negocios-em-2024\/\">https:\/\/www.jornalmantiqueira.com.br\/2025\/01\/28\/sul-de-minas-registra-abertura-de-mais-de-19-mil-pequenos-negocios-em-2024\/<\/a><\/span><\/p>\n<p><strong><span>Produ\u00e7\u00e3o da Vale cresceu 1,3% <\/span><\/strong><br \/><span>Em 2024, a produ\u00e7\u00e3o de min\u00e9rio de ferro da Vale em Minas Gerais cresceu 1,3%, totalizando 150,1 milh\u00f5es de toneladas, com destaque para o aumento de 5,5% no Sistema Sudeste. Apesar do crescimento, a participa\u00e7\u00e3o do estado no total produzido caiu ligeiramente devido ao aumento da produ\u00e7\u00e3o no Par\u00e1. No total, a Vale alcan\u00e7ou 327,7 milh\u00f5es de toneladas, batendo recorde desde 2019. Para 2025, a mineradora espera produzir entre 325 e 335 milh\u00f5es de toneladas, com foco na otimiza\u00e7\u00e3o de opera\u00e7\u00f5es e novos projetos, como o Capanema, que adicionar\u00e1 15 milh\u00f5es de toneladas anuais \u00e0 produ\u00e7\u00e3o. (Di\u00e1rio do Com\u00e9rcio \u2013 Belo Horizonte)<\/span><br \/><span><a href=\"https:\/\/diariodocomercio.com.br\/economia\/producao-de-minerio-de-ferro-da-vale-em-minas-gerais-sobe-13\/\">https:\/\/diariodocomercio.com.br\/economia\/producao-de-minerio-de-ferro-da-vale-em-minas-gerais-sobe-13\/<\/a><\/span><\/p>\n<p><span><\/span><\/p>\n<p>\u00a0<\/p>","protected":false},"excerpt":{"rendered":"<p>Foto: Divulga\u00e7\u00e3o COLUNA MGPrincipais destaques dos jornais e portais integrantes da rede Sindijori MG www.sindijorimg.com.br Banco do Nordeste investe em solar O Banco do Nordeste (BNB) anunciou que em 2024 investiu mais de R$ 1,2 bilh\u00e3o em energia solar fotovoltaica em Minas Gerais, com foco em 249 munic\u00edpios, especialmente no Norte de Minas. Esses investimentos, [&hellip;]<\/p>\n","protected":false},"author":0,"featured_media":28428,"comment_status":"open","ping_status":"open","sticky":false,"template":"","format":"standard","meta":{"rop_custom_images_group":[],"rop_custom_messages_group":[],"rop_publish_now":"initial","rop_publish_now_accounts":[],"rop_publish_now_history":[],"rop_publish_now_status":"pending","footnotes":""},"categories":[6745],"tags":[],"class_list":["post-28427","post","type-post","status-publish","format-standard","has-post-thumbnail","hentry","category-coluna-sindijori"],"_links":{"self":[{"href":"https:\/\/diariotribuna.com.br\/index.php?rest_route=\/wp\/v2\/posts\/28427"}],"collection":[{"href":"https:\/\/diariotribuna.com.br\/index.php?rest_route=\/wp\/v2\/posts"}],"about":[{"href":"https:\/\/diariotribuna.com.br\/index.php?rest_route=\/wp\/v2\/types\/post"}],"replies":[{"embeddable":true,"href":"https:\/\/diariotribuna.com.br\/index.php?rest_route=%2Fwp%2Fv2%2Fcomments&post=28427"}],"version-history":[{"count":0,"href":"https:\/\/diariotribuna.com.br\/index.php?rest_route=\/wp\/v2\/posts\/28427\/revisions"}],"wp:featuredmedia":[{"embeddable":true,"href":"https:\/\/diariotribuna.com.br\/index.php?rest_route=\/wp\/v2\/media\/28428"}],"wp:attachment":[{"href":"https:\/\/diariotribuna.com.br\/index.php?rest_route=%2Fwp%2Fv2%2Fmedia&parent=28427"}],"wp:term":[{"taxonomy":"category","embeddable":true,"href":"https:\/\/diariotribuna.com.br\/index.php?rest_route=%2Fwp%2Fv2%2Fcategories&post=28427"},{"taxonomy":"post_tag","embeddable":true,"href":"https:\/\/diariotribuna.com.br\/index.php?rest_route=%2Fwp%2Fv2%2Ftags&post=28427"}],"curies":[{"name":"wp","href":"https:\/\/api.w.org\/{rel}","templated":true}]}}