{"id":28433,"date":"2025-01-30T23:00:42","date_gmt":"2025-01-31T02:00:42","guid":{"rendered":"https:\/\/diariotribuna.com.br\/?p=28433"},"modified":"2025-01-30T23:00:44","modified_gmt":"2025-01-31T02:00:44","slug":"denuncia-anonima-leva-pm-de-meio-ambiente-do-vale-do-jequitinhonha-a-prender-individuo-de-alta-periculosidade","status":"publish","type":"post","link":"https:\/\/diariotribuna.com.br\/?p=28433","title":{"rendered":"Den\u00fancia an\u00f4nima leva PM de Meio Ambiente do Vale do Jequitinhonha a prender indiv\u00edduo de alta\u00a0periculosidade"},"content":{"rendered":"\n<figure class=\"wp-block-image size-full is-resized\"><img loading=\"lazy\" decoding=\"async\" width=\"700\" height=\"394\" src=\"https:\/\/diariotribuna.com.br\/wp-content\/uploads\/2025\/01\/Imagem-do-WhatsApp-de-2025-01-30-as-15.09.20_c9f40914.jpg\" alt=\"\" class=\"wp-image-28434\" style=\"width:522px;height:auto\" srcset=\"https:\/\/diariotribuna.com.br\/wp-content\/uploads\/2025\/01\/Imagem-do-WhatsApp-de-2025-01-30-as-15.09.20_c9f40914.jpg 700w, https:\/\/diariotribuna.com.br\/wp-content\/uploads\/2025\/01\/Imagem-do-WhatsApp-de-2025-01-30-as-15.09.20_c9f40914-300x169.jpg 300w, https:\/\/diariotribuna.com.br\/wp-content\/uploads\/2025\/01\/Imagem-do-WhatsApp-de-2025-01-30-as-15.09.20_c9f40914-696x392.jpg 696w\" sizes=\"(max-width: 700px) 100vw, 700px\" \/><\/figure>\n\n\n\n<p>O comandante da Pol\u00edcia Militar de Meio Ambiente do Vale do Jequitinhonha, tenente Heberth Dias, informou que, nesta quinta-feira (30\/1), durante realiza\u00e7\u00e3o da opera\u00e7\u00e3o Piracema, na zona rural de Jequitinhonha, e em patrulhamento t\u00edpico de meio ambiente, as equipes receberam diversas den\u00fancias apontando que um homem estaria pescando no per\u00edodo da piracema e realizando a ca\u00e7a predat\u00f3ria de animais silvestres.<\/p>\n\n\n\n<p>Os militares fizeram dilig\u00eancias e depararam com o denunciado realizando a pesca de forma embarcada no Rio Jequitinhonha. Ele foi preso, e foram apreendidos os apetrechos e pescado. Na resid\u00eancia do autor, ap\u00f3s ser franqueada a entrada dos militares, foi localizada uma espingarda de fabrica\u00e7\u00e3o artesanal e parte de um tatu na geladeira.<\/p>\n\n\n\n<p>Ele foi preso e encaminhado para a delegacia de Jequitinhonha, juntamente com os materiais apreendidos, para os procedimentos de pol\u00edcia judici\u00e1ria. Foi confeccionado um auto de infra\u00e7\u00e3o no valor de R$ 17.074,19 contra ele. <strong>Materiais apreendidos:<\/strong> al\u00e9m da espingarda polveira, 5 redes, 2,1 Kg de pescado, 1 tarrafa, 1 motor de rabeta, 1 barco de madeira, 1 parte de animal silvestre.<\/p>\n\n\n\n<figure class=\"wp-block-gallery has-nested-images columns-default is-cropped wp-block-gallery-1 is-layout-flex wp-block-gallery-is-layout-flex\">\n<figure class=\"wp-block-image size-large\"><img loading=\"lazy\" decoding=\"async\" width=\"700\" height=\"391\" data-id=\"28435\" src=\"https:\/\/diariotribuna.com.br\/wp-content\/uploads\/2025\/01\/Imagem-do-WhatsApp-de-2025-01-30-as-15.09.20_92b8ceba.jpg\" alt=\"\" class=\"wp-image-28435\" srcset=\"https:\/\/diariotribuna.com.br\/wp-content\/uploads\/2025\/01\/Imagem-do-WhatsApp-de-2025-01-30-as-15.09.20_92b8ceba.jpg 700w, https:\/\/diariotribuna.com.br\/wp-content\/uploads\/2025\/01\/Imagem-do-WhatsApp-de-2025-01-30-as-15.09.20_92b8ceba-300x168.jpg 300w, https:\/\/diariotribuna.com.br\/wp-content\/uploads\/2025\/01\/Imagem-do-WhatsApp-de-2025-01-30-as-15.09.20_92b8ceba-696x389.jpg 696w\" sizes=\"(max-width: 700px) 100vw, 700px\" \/><\/figure>\n\n\n\n<figure class=\"wp-block-image size-large\"><img loading=\"lazy\" decoding=\"async\" width=\"747\" height=\"1024\" data-id=\"28437\" src=\"https:\/\/diariotribuna.com.br\/wp-content\/uploads\/2025\/01\/Imagem-do-WhatsApp-de-2025-01-30-as-15.09.21_49e7d92f-747x1024.jpg\" alt=\"\" class=\"wp-image-28437\" srcset=\"https:\/\/diariotribuna.com.br\/wp-content\/uploads\/2025\/01\/Imagem-do-WhatsApp-de-2025-01-30-as-15.09.21_49e7d92f-747x1024.jpg 747w, https:\/\/diariotribuna.com.br\/wp-content\/uploads\/2025\/01\/Imagem-do-WhatsApp-de-2025-01-30-as-15.09.21_49e7d92f-219x300.jpg 219w, https:\/\/diariotribuna.com.br\/wp-content\/uploads\/2025\/01\/Imagem-do-WhatsApp-de-2025-01-30-as-15.09.21_49e7d92f-768x1053.jpg 768w, https:\/\/diariotribuna.com.br\/wp-content\/uploads\/2025\/01\/Imagem-do-WhatsApp-de-2025-01-30-as-15.09.21_49e7d92f-1121x1536.jpg 1121w, https:\/\/diariotribuna.com.br\/wp-content\/uploads\/2025\/01\/Imagem-do-WhatsApp-de-2025-01-30-as-15.09.21_49e7d92f-1494x2048.jpg 1494w, https:\/\/diariotribuna.com.br\/wp-content\/uploads\/2025\/01\/Imagem-do-WhatsApp-de-2025-01-30-as-15.09.21_49e7d92f-696x954.jpg 696w, https:\/\/diariotribuna.com.br\/wp-content\/uploads\/2025\/01\/Imagem-do-WhatsApp-de-2025-01-30-as-15.09.21_49e7d92f-1068x1464.jpg 1068w, https:\/\/diariotribuna.com.br\/wp-content\/uploads\/2025\/01\/Imagem-do-WhatsApp-de-2025-01-30-as-15.09.21_49e7d92f-306x420.jpg 306w, https:\/\/diariotribuna.com.br\/wp-content\/uploads\/2025\/01\/Imagem-do-WhatsApp-de-2025-01-30-as-15.09.21_49e7d92f-scaled.jpg 1868w\" sizes=\"(max-width: 747px) 100vw, 747px\" \/><\/figure>\n<\/figure>\n\n\n\n<p>O tenente Heberth informou que o autor j\u00e1 tinha registros policiais pelos crimes de tentativa de homic\u00eddio (Art. 121), amea\u00e7a (Art. 147) e desacato (Art.\u00a0331). (Informa\u00e7\u00f5es\/Fotos: tenente Heberth Dias, comandante da Pol\u00edcia Militar de Meio Ambiente do Vale do Jequitinhonha).<\/p>\n","protected":false},"excerpt":{"rendered":"<p>O comandante da Pol\u00edcia Militar de Meio Ambiente do Vale do Jequitinhonha, tenente Heberth Dias, informou que, nesta quinta-feira (30\/1), durante realiza\u00e7\u00e3o da opera\u00e7\u00e3o Piracema, na zona rural de Jequitinhonha, e em patrulhamento t\u00edpico de meio ambiente, as equipes receberam diversas den\u00fancias apontando que um homem estaria pescando no per\u00edodo da piracema e realizando a [&hellip;]<\/p>\n","protected":false},"author":1,"featured_media":28436,"comment_status":"open","ping_status":"open","sticky":false,"template":"","format":"standard","meta":{"rop_custom_images_group":[],"rop_custom_messages_group":[],"rop_publish_now":"initial","rop_publish_now_accounts":[],"rop_publish_now_history":[],"rop_publish_now_status":"pending","footnotes":""},"categories":[25,20],"tags":[297,6962,2094,6459,2484],"class_list":["post-28433","post","type-post","status-publish","format-standard","has-post-thumbnail","hentry","category-destaque","category-policia","tag-jequitinhonha","tag-pesca","tag-piracema","tag-pm-meio-ambiente","tag-um-preso"],"_links":{"self":[{"href":"https:\/\/diariotribuna.com.br\/index.php?rest_route=\/wp\/v2\/posts\/28433"}],"collection":[{"href":"https:\/\/diariotribuna.com.br\/index.php?rest_route=\/wp\/v2\/posts"}],"about":[{"href":"https:\/\/diariotribuna.com.br\/index.php?rest_route=\/wp\/v2\/types\/post"}],"author":[{"embeddable":true,"href":"https:\/\/diariotribuna.com.br\/index.php?rest_route=\/wp\/v2\/users\/1"}],"replies":[{"embeddable":true,"href":"https:\/\/diariotribuna.com.br\/index.php?rest_route=%2Fwp%2Fv2%2Fcomments&post=28433"}],"version-history":[{"count":1,"href":"https:\/\/diariotribuna.com.br\/index.php?rest_route=\/wp\/v2\/posts\/28433\/revisions"}],"predecessor-version":[{"id":28438,"href":"https:\/\/diariotribuna.com.br\/index.php?rest_route=\/wp\/v2\/posts\/28433\/revisions\/28438"}],"wp:featuredmedia":[{"embeddable":true,"href":"https:\/\/diariotribuna.com.br\/index.php?rest_route=\/wp\/v2\/media\/28436"}],"wp:attachment":[{"href":"https:\/\/diariotribuna.com.br\/index.php?rest_route=%2Fwp%2Fv2%2Fmedia&parent=28433"}],"wp:term":[{"taxonomy":"category","embeddable":true,"href":"https:\/\/diariotribuna.com.br\/index.php?rest_route=%2Fwp%2Fv2%2Fcategories&post=28433"},{"taxonomy":"post_tag","embeddable":true,"href":"https:\/\/diariotribuna.com.br\/index.php?rest_route=%2Fwp%2Fv2%2Ftags&post=28433"}],"curies":[{"name":"wp","href":"https:\/\/api.w.org\/{rel}","templated":true}]}}