{"id":28439,"date":"2025-01-30T23:38:41","date_gmt":"2025-01-31T02:38:41","guid":{"rendered":"https:\/\/diariotribuna.com.br\/?p=28439"},"modified":"2025-02-05T00:11:54","modified_gmt":"2025-02-05T03:11:54","slug":"autor-de-furto-e-preso-em-interacao-da-pm-e-a-comunidade-em-itambacuri","status":"publish","type":"post","link":"https:\/\/diariotribuna.com.br\/?p=28439","title":{"rendered":"Autor de furto \u00e9 preso em intera\u00e7\u00e3o da PM e a comunidade em Itambacuri"},"content":{"rendered":"\n<figure class=\"wp-block-image size-full is-resized\"><img loading=\"lazy\" decoding=\"async\" width=\"612\" height=\"770\" src=\"https:\/\/diariotribuna.com.br\/wp-content\/uploads\/2025\/01\/Imagem-do-WhatsApp-de-2025-01-30-as-21.55.31_cb5fa20b.jpg\" alt=\"\" class=\"wp-image-28440\" style=\"width:277px;height:auto\" srcset=\"https:\/\/diariotribuna.com.br\/wp-content\/uploads\/2025\/01\/Imagem-do-WhatsApp-de-2025-01-30-as-21.55.31_cb5fa20b.jpg 612w, https:\/\/diariotribuna.com.br\/wp-content\/uploads\/2025\/01\/Imagem-do-WhatsApp-de-2025-01-30-as-21.55.31_cb5fa20b-238x300.jpg 238w, https:\/\/diariotribuna.com.br\/wp-content\/uploads\/2025\/01\/Imagem-do-WhatsApp-de-2025-01-30-as-21.55.31_cb5fa20b-334x420.jpg 334w\" sizes=\"(max-width: 612px) 100vw, 612px\" \/><\/figure>\n\n\n\n<p>A v\u00edtima teria deixado o aparelho celular carregando em cima do balc\u00e3o de um bar, nesta quinta-feira (30\/1), e minutos depois percebeu que algu\u00e9m o havia furtado. Imediatamente ela acessou as imagens das c\u00e2meras de seguran\u00e7a e identificou um homem com roupas escuras, empurrando uma mulher na cadeira de rodas, tendo esse homem entrado no estabelecimento, furtado o aparelho e sa\u00eddo.<\/p>\n\n\n\n<p>Com as informa\u00e7\u00f5es e as imagens fornecidas \u00e0 Pol\u00edcia Militar, as equipes realizaram opera\u00e7\u00e3o e dialogaram com os comerciantes e com a &#8220;Rede de Prote\u00e7\u00e3o&#8221; da cidade, visando encontrar e prender o suspeito do furto. Durante a opera\u00e7\u00e3o pessoas ligaram no 190 informando a localiza\u00e7\u00e3o do autor, tendo os militares comparecido ao bar indicado, abordaram o homem, e na busca pessoal o celular foi encontrado no bolso de uma bermuda que ele vestia debaixo da cal\u00e7a.<\/p>\n\n\n\n<p>Questionado a respeito da proced\u00eancia do aparelho, ele contou v\u00e1rias hist\u00f3rias, mas a v\u00edtima reconheceu o smartphone e pelas imagens do circuito de seguran\u00e7a todas as caracter\u00edsticas eram dele. Constatado a autoria o homem, de 44 anos, foi preso em flagrante e encaminhado \u00e0 delegacia de Pol\u00edcia Civil em Te\u00f3filo Otoni, juntamente com o celular apreendido.<\/p>\n\n\n\n<p>A cadeirante de 62 anos tamb\u00e9m foi encontrada sozinha em outra rua. Ela disse que seu esposo a teria deixado naquele local e sa\u00eddo. A assistente social da cidade foi acionada e prestou apoio \u00e0 idosa. \u201cVale destacar que, enquanto a Pol\u00edcia Militar tentava localizar o autor do furto, surgiram informa\u00e7\u00f5es de que ele estaria em Itambacuri diariamente revezando com um homem e uma mulher na cadeira de rodas, e que ele era suspeito de outros furtos na \u00e1rea comercial.<\/p>\n\n\n\n<p>A Pol\u00edcia destaca a a\u00e7\u00e3o r\u00e1pida da equipe com a intera\u00e7\u00e3o da comunidade, o que possibilitou a pris\u00e3o do indiv\u00edduo e a recupera\u00e7\u00e3o do celular. &#8220;Importante frisar tamb\u00e9m o papel da tecnologia na capta\u00e7\u00e3o das imagens que identificaram o casal, e na troca de informa\u00e7\u00f5es, aumentando a probabilidade de sucesso. Relembramos que a popula\u00e7\u00e3o pode denunciar suspeitos de crimes atrav\u00e9s dos telefones 181 (Disque Den\u00fancia), 190 (Emerg\u00eancia) e 3511-1190 (Whatsapp), ou diretamente a um policial da sua confian\u00e7a&#8221;, disse o tenente, garantindo o sigilo do informante. (Tenente Reinaldo Martins, comandante do 1\u00ba Pelot\u00e3o da 155\u00aa Cia PM\/ Capit\u00e3o John, comandante da Companhia).<\/p>\n","protected":false},"excerpt":{"rendered":"<p>A v\u00edtima teria deixado o aparelho celular carregando em cima do balc\u00e3o de um bar, nesta quinta-feira (30\/1), e minutos depois percebeu que algu\u00e9m o havia furtado. Imediatamente ela acessou as imagens das c\u00e2meras de seguran\u00e7a e identificou um homem com roupas escuras, empurrando uma mulher na cadeira de rodas, tendo esse homem entrado no [&hellip;]<\/p>\n","protected":false},"author":1,"featured_media":28440,"comment_status":"open","ping_status":"open","sticky":false,"template":"","format":"standard","meta":{"rop_custom_images_group":[],"rop_custom_messages_group":[],"rop_publish_now":"initial","rop_publish_now_accounts":[],"rop_publish_now_history":[],"rop_publish_now_status":"pending","footnotes":""},"categories":[20],"tags":[6963,786,96,76],"class_list":["post-28439","post","type-post","status-publish","format-standard","has-post-thumbnail","hentry","category-policia","tag-furto-de-celular","tag-homem-preso","tag-itambacuri","tag-policia-militar"],"_links":{"self":[{"href":"https:\/\/diariotribuna.com.br\/index.php?rest_route=\/wp\/v2\/posts\/28439"}],"collection":[{"href":"https:\/\/diariotribuna.com.br\/index.php?rest_route=\/wp\/v2\/posts"}],"about":[{"href":"https:\/\/diariotribuna.com.br\/index.php?rest_route=\/wp\/v2\/types\/post"}],"author":[{"embeddable":true,"href":"https:\/\/diariotribuna.com.br\/index.php?rest_route=\/wp\/v2\/users\/1"}],"replies":[{"embeddable":true,"href":"https:\/\/diariotribuna.com.br\/index.php?rest_route=%2Fwp%2Fv2%2Fcomments&post=28439"}],"version-history":[{"count":2,"href":"https:\/\/diariotribuna.com.br\/index.php?rest_route=\/wp\/v2\/posts\/28439\/revisions"}],"predecessor-version":[{"id":28442,"href":"https:\/\/diariotribuna.com.br\/index.php?rest_route=\/wp\/v2\/posts\/28439\/revisions\/28442"}],"wp:featuredmedia":[{"embeddable":true,"href":"https:\/\/diariotribuna.com.br\/index.php?rest_route=\/wp\/v2\/media\/28440"}],"wp:attachment":[{"href":"https:\/\/diariotribuna.com.br\/index.php?rest_route=%2Fwp%2Fv2%2Fmedia&parent=28439"}],"wp:term":[{"taxonomy":"category","embeddable":true,"href":"https:\/\/diariotribuna.com.br\/index.php?rest_route=%2Fwp%2Fv2%2Fcategories&post=28439"},{"taxonomy":"post_tag","embeddable":true,"href":"https:\/\/diariotribuna.com.br\/index.php?rest_route=%2Fwp%2Fv2%2Ftags&post=28439"}],"curies":[{"name":"wp","href":"https:\/\/api.w.org\/{rel}","templated":true}]}}