{"id":29470,"date":"2025-04-17T12:05:00","date_gmt":"2025-04-17T15:05:00","guid":{"rendered":"https:\/\/diariotribuna.com.br\/?p=29470"},"modified":"2025-04-17T12:05:00","modified_gmt":"2025-04-17T15:05:00","slug":"feira-de-juruaia-movimenta-r-95-milhoes","status":"publish","type":"post","link":"https:\/\/diariotribuna.com.br\/?p=29470","title":{"rendered":"Feira de Juruaia movimenta R$ 9,5 milh\u00f5es\u00a0"},"content":{"rendered":"<p><em><span>Foto: Divulga\u00e7\u00e3o Sebrae MG<\/span><\/em><\/p>\n<p><strong><span>COLUNA MG<\/span><\/strong><br \/><span>Principais destaques dos jornais e portais integrantes da rede Sindijori MG <\/span><br \/><span><a href=\"http:\/\/www.sindijorimg.com.br\/\">www.sindijorimg.com.br<\/a><\/span><\/p>\n<p><strong><span>Feira movimenta R$ 9,5 milh\u00f5es<\/span><\/strong><br \/><span>A 28\u00aa edi\u00e7\u00e3o da Feira de Lingerie de Juruaia movimentou, no per\u00edodo de 6 a 13 de abril, R$ 9,5 milh\u00f5es em negocia\u00e7\u00f5es do setor confeccionista da cidade, que ocorreram de forma presencial e on-line. Apenas nos tr\u00eas dias de encontros presenciais foram mais de R$ 3 milh\u00f5es em negocia\u00e7\u00f5es. Al\u00e9m disso, a expectativa \u00e9 que, nos pr\u00f3ximos quatro meses, outros R$ 6 milh\u00f5es de reais sejam concretizados. Nas duas semanas que antecederam o evento e nos dias de desfiles e exposi\u00e7\u00f5es, a organiza\u00e7\u00e3o registrou 200 grandes clientes previamente cadastrados e 231 mil acessos \u00fanicos no site da feira. (Folha Regional \u2013 Muzambinho)<\/span><br \/><span><a href=\"https:\/\/afolharegional.com.br\/noticias\/feira-de-lingerie-em-juruaia-movimenta-r-95-milhoes\/\">https:\/\/afolharegional.com.br\/noticias\/feira-de-lingerie-em-juruaia-movimenta-r-95-milhoes\/<\/a><\/span><\/p>\n<p><strong><span>Concess\u00e3o do parque prossegue<\/span><\/strong><br \/><span>A Codemge realizou na quarta-feira, 16, sess\u00e3o p\u00fablica para abertura das propostas comerciais recebidas para concess\u00e3o do Parque das \u00c1guas de Caxambu. Foi recebida uma proposta que cumpriu todos os requisitos exigidos no edital. A pr\u00f3xima etapa do processo \u00e9 o envio da documenta\u00e7\u00e3o pela licitante at\u00e9 22\/4. Ap\u00f3s os prazos recursais legais, haver\u00e1 a publica\u00e7\u00e3o da adjudica\u00e7\u00e3o e homologa\u00e7\u00e3o do certame. O Parque das \u00c1guas de Caxambu \u00e9 conhecido por suas \u00e1guas minerais terap\u00eauticas e conta com \u00e1rea de 210 mil metros quadrados, contendo um g\u00eaiser, um coreto, esculturas e diversos outros elementos paisag\u00edsticos. (Jornal Panorama \u2013 Caxambu)<\/span><br \/><span><a href=\"https:\/\/jornalpanoramaminas.com.br\/site\/mais-uma-etapa-concluida-para-o-processo-de-concessao-do-parque-das-aguas-de-caxambu\/\">https:\/\/jornalpanoramaminas.com.br\/site\/mais-uma-etapa-concluida-para-o-processo-de-concessao-do-parque-das-aguas-de-caxambu\/<\/a><\/span><\/p>\n<p><strong><span>Caet\u00e9 ter\u00e1 queima do Judas<\/span><\/strong><br \/><span>Neste domingo de P\u00e1scoa (20 de abril), a tradicional queima do Judas vai acontecer \u00e0s 11 horas, na pra\u00e7a da Matriz. A celebra\u00e7\u00e3o, que contar\u00e1 com distribui\u00e7\u00e3o de guloseimas para as crian\u00e7as, resgata uma pr\u00e1tica cultural centen\u00e1ria, que mistura cr\u00edtica social, religiosidade e esp\u00edrito comunit\u00e1rio. A queima do Judas tem origem em pa\u00edses cat\u00f3licos e \u00e9 realizada geralmente no S\u00e1bado de Aleluia ou no Domingo de P\u00e1scoa. A tradi\u00e7\u00e3o consiste em confeccionar um boneco que representa Judas Iscariotes, o ap\u00f3stolo que traiu Jesus, e que \u00e9 \u201cpunido\u201d simbolicamente com sua queima. (Jornal Opini\u00e3o \u2013 Caet\u00e9)<\/span><br \/><span><a href=\"https:\/\/www.opiniaocaete.com.br\/caete-celebra-a-queima-do-judas-no-domingo-de-pascoa\/\">https:\/\/www.opiniaocaete.com.br\/caete-celebra-a-queima-do-judas-no-domingo-de-pascoa\/<\/a><\/span><\/p>\n<p><strong><span>Federal de Vi\u00e7osa \u00e9 5\u00aa no ranking<\/span><\/strong><br \/><span>De acordo com os dados do \u00cdndice Geral de Cursos (IGC) de 2023, a Universidade Federal de Vi\u00e7osa (UFV) \u00e9 uma das cinco melhores universidades p\u00fablicas federais do Brasil, conquistando o 5\u00ba lugar no ranking nacional e o 2\u00ba lugar de Minas Gerais. Ao considerar todas as 112 institui\u00e7\u00f5es p\u00fablicas federais, a UFV fica em 7\u00ba lugar do Brasil. O resultado foi divulgado na sexta-feira (12), pelo Minist\u00e9rio da Educa\u00e7\u00e3o (MEC). A Federal de Vi\u00e7osa ainda \u00e9 uma das 66 institui\u00e7\u00f5es a conquistar o conceito 5, o mais alto no \u00cdndice, entre um total de 2.048 avaliadas &#8211; das quais 44 s\u00e3o universidades ou institui\u00e7\u00f5es p\u00fablicas. (Folha da Mata \u2013 Vi\u00e7osa)<\/span><br \/><span><a href=\"https:\/\/www.folhadamata.com.br\/indice-aponta-ufv-como-uma-das-5-melhores-universidades-do-brasil\">https:\/\/www.folhadamata.com.br\/indice-aponta-ufv-como-uma-das-5-melhores-universidades-do-brasil<\/a><\/span><\/p>\n<p><strong><span>Barbacena far\u00e1 5\u00aa edi\u00e7\u00e3o da Exp\u00f4<\/span><\/strong><br \/><span>Barbacena vai sediar uma das mais tradicionais e importantes exposi\u00e7\u00f5es agropecu\u00e1rias de Minas Gerais. A 56\u00aa edi\u00e7\u00e3o da Exp\u00f4 Barbacena ser\u00e1 realizada de 14 a 18 de maio, no Parque de Exposi\u00e7\u00f5es Senador Bias Fortes, com entrada solid\u00e1ria, mediante a doa\u00e7\u00e3o de 1 kg de alimento n\u00e3o perec\u00edvel. Os principais nomes que agitar\u00e3o o palco da festa j\u00e1 foram confirmados: Luan Santana, Z\u00e9 Neto &amp; Cristiano, Maiara &amp; Maraisa, Leonardo, Murilo Huff e Guilherme &amp; Santiago. (Por Dentro de Minas)<\/span><br \/><span><a href=\"https:\/\/pordentrodeminas.com.br\/variedades\/eventos\/2025\/04\/expo-barbacena-2025-reune-os-maiores-nomes-do-sertanejo-em-maio\/\">https:\/\/pordentrodeminas.com.br\/variedades\/eventos\/2025\/04\/expo-barbacena-2025-reune-os-maiores-nomes-do-sertanejo-em-maio\/<\/a><\/span><\/p>\n<p><strong><span>Ita\u00fana ganha equipes de sa\u00fade<\/span><\/strong><br \/><span>Ap\u00f3s se reunir com o ministro da Sa\u00fade, Alexandre Padilha, o prefeito de Ita\u00fana, Gustavo Mitre, acompanhado do secret\u00e1rio de Sa\u00fade, Alan Rodrigo, anunciou v\u00e1rias conquistas para a \u00e1rea da aten\u00e7\u00e3o prim\u00e1ria da sa\u00fade dos itaunenses. Conforme o prefeito, est\u00e1 acertada a obten\u00e7\u00e3o de duas equipes de Sa\u00fade da Fam\u00edlia (ESF), duas equipes de Sa\u00fade Bucal (ESB) e duas equipes Multiprofissionais (eMulti).\u00a0 Essas equipes ser\u00e3o custeadas pelo Minist\u00e9rio da Sa\u00fade e v\u00e3o ampliar a capacidade de atendimento na sa\u00fade prim\u00e1ria do munic\u00edpio. Ainda conforme explicou o secret\u00e1rio Alan Rodrigo, as equipes multiprofissionais podem, por exemplo, ser compostas por \u201cfarmac\u00eauticos, psic\u00f3logos, nutricionistas, fisioterapeutas e assistentes sociais, permitindo um cuidado mais completo, especialmente no acompanhamento de doen\u00e7as cr\u00f4nicas e na promo\u00e7\u00e3o do autocuidado\u201d. (Folha do Povo \u2013 Ita\u00fana)<\/span><br \/><span><a href=\"https:\/\/www.folhapovoitauna.com.br\/prefeito-anuncia-seis-novas-equipes-para-a-atencao-primaria\">https:\/\/www.folhapovoitauna.com.br\/prefeito-anuncia-seis-novas-equipes-para-a-atencao-primaria<\/a><\/span><\/p>\n<p><span><\/span><\/p>\n<p>\u00a0<\/p>","protected":false},"excerpt":{"rendered":"<p>Foto: Divulga\u00e7\u00e3o Sebrae MG COLUNA MGPrincipais destaques dos jornais e portais integrantes da rede Sindijori MG www.sindijorimg.com.br Feira movimenta R$ 9,5 milh\u00f5esA 28\u00aa edi\u00e7\u00e3o da Feira de Lingerie de Juruaia movimentou, no per\u00edodo de 6 a 13 de abril, R$ 9,5 milh\u00f5es em negocia\u00e7\u00f5es do setor confeccionista da cidade, que ocorreram de forma presencial e [&hellip;]<\/p>\n","protected":false},"author":0,"featured_media":29471,"comment_status":"open","ping_status":"open","sticky":false,"template":"","format":"standard","meta":{"rop_custom_images_group":[],"rop_custom_messages_group":[],"rop_publish_now":"initial","rop_publish_now_accounts":[],"rop_publish_now_history":[],"rop_publish_now_status":"pending","footnotes":""},"categories":[6745],"tags":[],"class_list":["post-29470","post","type-post","status-publish","format-standard","has-post-thumbnail","hentry","category-coluna-sindijori"],"_links":{"self":[{"href":"https:\/\/diariotribuna.com.br\/index.php?rest_route=\/wp\/v2\/posts\/29470"}],"collection":[{"href":"https:\/\/diariotribuna.com.br\/index.php?rest_route=\/wp\/v2\/posts"}],"about":[{"href":"https:\/\/diariotribuna.com.br\/index.php?rest_route=\/wp\/v2\/types\/post"}],"replies":[{"embeddable":true,"href":"https:\/\/diariotribuna.com.br\/index.php?rest_route=%2Fwp%2Fv2%2Fcomments&post=29470"}],"version-history":[{"count":0,"href":"https:\/\/diariotribuna.com.br\/index.php?rest_route=\/wp\/v2\/posts\/29470\/revisions"}],"wp:featuredmedia":[{"embeddable":true,"href":"https:\/\/diariotribuna.com.br\/index.php?rest_route=\/wp\/v2\/media\/29471"}],"wp:attachment":[{"href":"https:\/\/diariotribuna.com.br\/index.php?rest_route=%2Fwp%2Fv2%2Fmedia&parent=29470"}],"wp:term":[{"taxonomy":"category","embeddable":true,"href":"https:\/\/diariotribuna.com.br\/index.php?rest_route=%2Fwp%2Fv2%2Fcategories&post=29470"},{"taxonomy":"post_tag","embeddable":true,"href":"https:\/\/diariotribuna.com.br\/index.php?rest_route=%2Fwp%2Fv2%2Ftags&post=29470"}],"curies":[{"name":"wp","href":"https:\/\/api.w.org\/{rel}","templated":true}]}}