{"id":29474,"date":"2025-04-17T16:31:50","date_gmt":"2025-04-17T19:31:50","guid":{"rendered":"https:\/\/diariotribuna.com.br\/?p=29474"},"modified":"2025-04-17T16:31:50","modified_gmt":"2025-04-17T19:31:50","slug":"caamg-100-dias-de-gestao-coletiva-escuta-ativa-e-entregas-concretas","status":"publish","type":"post","link":"https:\/\/diariotribuna.com.br\/?p=29474","title":{"rendered":"CAAMG: 100 dias de gest\u00e3o coletiva, escuta ativa e entregas concretas\u00a0"},"content":{"rendered":"<p class=\"\"><span>CAAMG | Divulga\u00e7\u00e3o<\/span><\/p>\n<p class=\"\">Sob a presid\u00eancia de <strong>\u00c2ngela Botelho<\/strong>, e com o apoio da vice-presid\u00eancia e da diretoria, a <a href=\"https:\/\/caamg.org.br\/\"><strong>CAAMG<\/strong><\/a> completa seus primeiros <strong>100 dias de gest\u00e3o<\/strong>, marcados por a\u00e7\u00f5es concretas, escuta ativa e compromisso com a advocacia mineira.<\/p>\n<p class=\"\">Em um cen\u00e1rio no qual a advocacia busca representatividade e acolhimento, a <strong>Caixa de Assist\u00eancia dos Advogados de Minas Gerais <a href=\"https:\/\/caamg.org.br\/\">(CAAMG)<\/a><\/strong> celebra um in\u00edcio de mandato din\u00e2mico e inovador no tri\u00eanio <strong>2025-2027<\/strong>. Primeira mulher a assumir o cargo em mais de 80 anos de hist\u00f3ria da institui\u00e7\u00e3o, a presidente levou para a sede da CAAMG e para os corredores da advocacia sua trajet\u00f3ria de perseveran\u00e7a e trabalho. Aos 11 anos, come\u00e7ou como vendedora em barraca de feira, passando por loja de sapatos, farm\u00e1cia e banco \u2014 at\u00e9 se tornar uma das principais lideran\u00e7as do sistema <strong>OAB-MG<\/strong>, com <strong>34 anos de advocacia<\/strong> e <strong>24 de atua\u00e7\u00e3o na Ordem<\/strong>.<\/p>\n<p class=\"\">Desde o dia <strong>6 de janeiro<\/strong>, quando realizou a primeira reuni\u00e3o com toda a diretoria, \u00c2ngela Botelho tem conduzido uma atua\u00e7\u00e3o marcada por presen\u00e7a constante e di\u00e1logo aberto com as <strong>subse\u00e7\u00f5es de todo o estado<\/strong>.<\/p>\n<p class=\"\">\u201cTemos feito um trabalho desde o in\u00edcio do ano com toda a nossa diretoria. Essa caminhada, que durar\u00e1 tr\u00eas anos, \u00e9 coletiva. Estamos comprometidos com a advocacia, como bra\u00e7o assistencial da OAB, e tamb\u00e9m com a sociedade e com a cidadania\u201d, afirma.<\/p>\n<p class=\"\">Os n\u00fameros refletem o impacto:<\/p>\n<p class=\"\"><strong>Mais de 10 mil atendimentos<\/strong> nos escrit\u00f3rios compartilhados<\/p>\n<p class=\"\"><strong>Quase 5 mil certificados digitais<\/strong> emitidos<\/p>\n<p class=\"\"><strong>Cerca de 1.400 aux\u00edlios<\/strong> deferidos pelo Servi\u00e7o Social<\/p>\n<p class=\"\"><strong>Mais de 200 agendas<\/strong> institucionais realizadas<\/p>\n<p class=\"\"><strong>101 novos conv\u00eanios<\/strong> firmados<\/p>\n<p class=\"\"><strong>96 subse\u00e7\u00f5es beneficiadas<\/strong> com algum tipo de apoio<\/p>\n<p class=\"\"><strong>31 cidades percorridas<\/strong> com a Van Itinerante<\/p>\n<p class=\"\">Manuten\u00e7\u00e3o de projetos como <strong>Melhor Idade<\/strong> e <strong>Falar e Escrever Direito<\/strong><\/p>\n<p class=\"\">In\u00edcio da <strong>Campanha de Vacina\u00e7\u00e3o Antigripal 2025<\/strong><\/p>\n<p class=\"\"><strong>3 m\u00f3dulos ministrados<\/strong> da <strong>Mentoria para Gestores<\/strong><\/p>\n<p class=\"\">Diversas <strong>a\u00e7\u00f5es voltadas para as mulheres advogadas<\/strong> no m\u00eas de mar\u00e7o<\/p>\n<p class=\"\">\u201cSeguiremos esse trabalho com um olhar ainda mais humano e acolhedor. Nosso objetivo \u00e9 ampliar aux\u00edlios, benef\u00edcios, conv\u00eanios e cuidados com a sa\u00fade e bem-estar da classe, al\u00e9m de fortalecer a assist\u00eancia e incentivar o pleno exerc\u00edcio da advocacia\u201d, garante \u00c2ngela.<\/p>\n<p class=\"\">Ela tamb\u00e9m ressalta o compromisso com os profissionais mais experientes:<\/p>\n<p class=\"\">\u201cEstamos atentos \u00e0s necessidades dos colegas idosos, n\u00e3o remidos. Vamos promover a\u00e7\u00f5es que garantam suporte, benef\u00edcios e qualidade de vida para aqueles que tanto contribu\u00edram com a advocacia mineira.\u201d<\/p>\n<p class=\"\">Ao lado da presidente, a diretoria atua de forma colaborativa e comprometida com os mesmos princ\u00edpios.<\/p>\n<p class=\"\">Para o <strong>Primeiro Secret\u00e1rio, Giuliano Almada<\/strong>,<\/p>\n<p class=\"\">\u201cNestes 100 dias, trabalhamos incansavelmente, levando cuidado, afeto e carinho para toda a advocacia em todos os cantos de Minas Gerais.\u201d<\/p>\n<p class=\"\">J\u00e1 o <strong>Segundo Secret\u00e1rio, Rodrigo Botti<\/strong>, pontua:<\/p>\n<p class=\"\">\u201cA sintonia entre presid\u00eancia e diretoria revelou um prop\u00f3sito comum: cuidar da advocacia mineira com respeito, acolhimento e presen\u00e7a constante.\u201d<\/p>\n<p class=\"\">As <strong>Diretoras Institucionais<\/strong>, <strong>Larissa Santiago<\/strong>, <strong>Michelly Siqueira<\/strong> e <strong>Roberta Pegorari<\/strong>, refor\u00e7am o car\u00e1ter coletivo da gest\u00e3o:<\/p>\n<p class=\"\"><strong>Larissa Santiago<\/strong>:<\/p>\n<p class=\"\">\u201cA parceria entre a presid\u00eancia e a diretoria tem sido marcada por escuta ativa, responsabilidade e dedica\u00e7\u00e3o. Cada a\u00e7\u00e3o desenvolvida \u00e9 fruto de um trabalho coletivo que valoriza o exerc\u00edcio da nossa profiss\u00e3o e busca, com sensibilidade e firmeza, avan\u00e7os reais para a classe.\u201d<\/p>\n<p class=\"\"><strong>Michelly Siqueira<\/strong>:<\/p>\n<p class=\"\">\u201cNestes primeiros 100 dias, a atua\u00e7\u00e3o conjunta entre a presid\u00eancia e a diretoria tem se consolidado como um pilar de uma gest\u00e3o comprometida com o di\u00e1logo, a articula\u00e7\u00e3o t\u00e9cnica e a defesa intransigente dos direitos da advocacia e da sociedade.\u201d<\/p>\n<p class=\"\"><strong>Roberta Pegorari<\/strong>:<\/p>\n<p class=\"\">\u201cOs primeiros 100 dias de gest\u00e3o foram marcados por di\u00e1logo, coopera\u00e7\u00e3o e compromisso com a advocacia mineira. Estamos construindo, juntos, uma gest\u00e3o presente, inovadora e alinhada \u00e0s reais necessidades da classe.\u201d<\/p>\n<p class=\"\">Concluindo esse marco inicial, <strong>\u00c2ngela Botelho<\/strong> reafirma o compromisso com a inclus\u00e3o, a paridade e o fortalecimento da classe:<\/p>\n<p class=\"\">\u201cHomens e mulheres est\u00e3o caminhando juntos, de m\u00e3os e bra\u00e7os entrela\u00e7ados. Isso mostra que a sociedade pode confiar em n\u00f3s. Como primeira mulher presidente da CAAMG, reconhe\u00e7o a hist\u00f3ria dos nossos antecessores e sigo determinada a construir, ao lado de toda a diretoria, um caminho justo e representativo.\u201d<\/p>\n\n<p class=\"\"><strong>Os pr\u00f3ximos cap\u00edtulos desta gest\u00e3o prometem seguir a mesma linha dos primeiros 100 dias: proximidade, trabalho, a\u00e7\u00e3o e cuidado. Porque, em Minas, a advocacia tem voz, tem vez \u2014 e agora, tamb\u00e9m tem escuta.<\/strong><\/p>\n<p>\u00a0<\/p>","protected":false},"excerpt":{"rendered":"<p>CAAMG | Divulga\u00e7\u00e3o Sob a presid\u00eancia de \u00c2ngela Botelho, e com o apoio da vice-presid\u00eancia e da diretoria, a CAAMG completa seus primeiros 100 dias de gest\u00e3o, marcados por a\u00e7\u00f5es concretas, escuta ativa e compromisso com a advocacia mineira. Em um cen\u00e1rio no qual a advocacia busca representatividade e acolhimento, a Caixa de Assist\u00eancia dos [&hellip;]<\/p>\n","protected":false},"author":0,"featured_media":29475,"comment_status":"open","ping_status":"open","sticky":false,"template":"","format":"standard","meta":{"rop_custom_images_group":[],"rop_custom_messages_group":[],"rop_publish_now":"initial","rop_publish_now_accounts":[],"rop_publish_now_history":[],"rop_publish_now_status":"pending","footnotes":""},"categories":[6745],"tags":[],"class_list":["post-29474","post","type-post","status-publish","format-standard","has-post-thumbnail","hentry","category-coluna-sindijori"],"_links":{"self":[{"href":"https:\/\/diariotribuna.com.br\/index.php?rest_route=\/wp\/v2\/posts\/29474"}],"collection":[{"href":"https:\/\/diariotribuna.com.br\/index.php?rest_route=\/wp\/v2\/posts"}],"about":[{"href":"https:\/\/diariotribuna.com.br\/index.php?rest_route=\/wp\/v2\/types\/post"}],"replies":[{"embeddable":true,"href":"https:\/\/diariotribuna.com.br\/index.php?rest_route=%2Fwp%2Fv2%2Fcomments&post=29474"}],"version-history":[{"count":0,"href":"https:\/\/diariotribuna.com.br\/index.php?rest_route=\/wp\/v2\/posts\/29474\/revisions"}],"wp:featuredmedia":[{"embeddable":true,"href":"https:\/\/diariotribuna.com.br\/index.php?rest_route=\/wp\/v2\/media\/29475"}],"wp:attachment":[{"href":"https:\/\/diariotribuna.com.br\/index.php?rest_route=%2Fwp%2Fv2%2Fmedia&parent=29474"}],"wp:term":[{"taxonomy":"category","embeddable":true,"href":"https:\/\/diariotribuna.com.br\/index.php?rest_route=%2Fwp%2Fv2%2Fcategories&post=29474"},{"taxonomy":"post_tag","embeddable":true,"href":"https:\/\/diariotribuna.com.br\/index.php?rest_route=%2Fwp%2Fv2%2Ftags&post=29474"}],"curies":[{"name":"wp","href":"https:\/\/api.w.org\/{rel}","templated":true}]}}