{"id":29481,"date":"2025-04-17T22:42:30","date_gmt":"2025-04-18T01:42:30","guid":{"rendered":"https:\/\/diariotribuna.com.br\/?p=29481"},"modified":"2025-04-21T11:34:44","modified_gmt":"2025-04-21T14:34:44","slug":"policia-militar-realiza-megaoperacao-semana-santa-2025-em-todo-o-estado","status":"publish","type":"post","link":"https:\/\/diariotribuna.com.br\/?p=29481","title":{"rendered":"Pol\u00edcia Militar realiza megaopera\u00e7\u00e3o Semana Santa 2025 em todo o estado"},"content":{"rendered":"\n<p><strong><em>A\u00e7\u00f5es abranger\u00e3o\u00a0os cerca de 30 mil quil\u00f4metros de rodovias estaduais e federais delegadas sob a responsabilidade da PMMG, al\u00e9m de \u00e1reas rurais, balne\u00e1rios, parques, lagos e rios<\/em><\/strong><\/p>\n\n\n\n<figure class=\"wp-block-image size-full is-resized\"><img loading=\"lazy\" decoding=\"async\" width=\"700\" height=\"261\" src=\"https:\/\/diariotribuna.com.br\/wp-content\/uploads\/2025\/04\/corteada.jpg\" alt=\"\" class=\"wp-image-29482\" style=\"width:556px;height:auto\" srcset=\"https:\/\/diariotribuna.com.br\/wp-content\/uploads\/2025\/04\/corteada.jpg 700w, https:\/\/diariotribuna.com.br\/wp-content\/uploads\/2025\/04\/corteada-300x112.jpg 300w, https:\/\/diariotribuna.com.br\/wp-content\/uploads\/2025\/04\/corteada-696x261.jpg 696w\" sizes=\"(max-width: 700px) 100vw, 700px\" \/><\/figure>\n\n\n\n<p>Para garantir a seguran\u00e7a e a tranquilidade dos mineiros e turistas durante o feriado da Semana Santa 2025, a\u00a0<a href=\"https:\/\/www.policiamilitar.mg.gov.br\/\" target=\"_blank\" rel=\"noreferrer noopener\">Pol\u00edcia Militar de Minas Gerais (PMMG)<\/a>, por meio dos Batalh\u00f5es de Policia Militar Rodovi\u00e1ria (BPMRv) e de Pol\u00edcia Militar de Meio Ambiente (BPMMAmb), lan\u00e7ou na quarta-feira (16\/4), em todo o estado, a megaopera\u00e7\u00e3o Semana Santa 2025.<\/p>\n\n\n\n<p>As a\u00e7\u00f5es est\u00e3o sendo desencadeadas durante as 24 horas do dia, nos cerca de 30 mil quil\u00f4metros\u00a0de rodovias estaduais e federais delegadas sob a responsabilidade da PMMG, al\u00e9m de \u00e1reas rurais e balne\u00e1rios, bem como parques, lagos e rios. O foco ser\u00e1 a preven\u00e7\u00e3o de acidentes e o combate \u00e0 criminalidade, com \u00eanfase no tr\u00e1fico de drogas, recupera\u00e7\u00e3o de ve\u00edculos furtados e captura de foragidos da Justi\u00e7a.<\/p>\n\n\n\n<p>A megaopera\u00e7\u00e3o conta com apoio do\u00a0<a href=\"https:\/\/www.der.mg.gov.br\/\" target=\"_blank\" rel=\"noreferrer noopener\">Departamento de Estradas de Rodagem de Minas Gerais (DER-MG)<\/a>, da\u00a0<a href=\"https:\/\/meioambiente.mg.gov.br\/\" target=\"_blank\" rel=\"noreferrer noopener\">Secretaria de Estado de Meio Ambiente e Desenvolvimento Sustent\u00e1vel (Semad)<\/a>, do\u00a0<a href=\"https:\/\/www.ief.mg.gov.br\/\" target=\"_blank\" rel=\"noreferrer noopener\">Instituto Estadual de Florestas (IEF)<\/a>, do Departamento Nacional de Infraestrutura de Transportes (DNIT) e outros \u00f3rg\u00e3os.<\/p>\n\n\n\n<p>De acordo com o subcomandante do Batalh\u00e3o de Pol\u00edcia Militar Rodovi\u00e1ria (BPMRv), major Vinicius Ara\u00fajo, a megaopera\u00e7\u00e3o&nbsp;&nbsp;Semana Santa&nbsp;&nbsp;2025 ir\u00e1 at\u00e9 o dia&nbsp;&nbsp;21\/4&nbsp;e ser\u00e1 realizada em mais de 200 pontos nos cerca de 30 mil quil\u00f4metros&nbsp;de rodovias estaduais e federais delegadas sob a responsabilidade da PMMG.&nbsp;<\/p>\n\n\n\n<p>\u201cFaremos fiscaliza\u00e7\u00e3o, principalmente daquelas infra\u00e7\u00f5es que colocam em risco o condutor, como ultrapassagens proibidas, uso de eletr\u00f4nicos e bebidas alco\u00f3licas ao volante, falta de cinto de seguran\u00e7a e outros\u201d,&nbsp;&nbsp;destacou.<\/p>\n\n\n\n<p>O major Vin\u00edcius tamb\u00e9m fez um alerta aos motoristas que ir\u00e3o trafegar pelas rodovias durante o feriado, refor\u00e7ando a import\u00e2ncia da cautela ao dirigir.&nbsp;&nbsp;\u201cBom senso \u00e9 a principal ferramenta de preven\u00e7\u00e3o. Antes de viajar, o motorista deve levar em conta alguns cuidados como verificar&nbsp;&nbsp;a previs\u00e3o meteorol\u00f3gica&nbsp;&nbsp;e fazer a revis\u00e3o do ve\u00edculo.&nbsp;&nbsp;Lembrando que ele pode colocar em risco n\u00e3o s\u00f3 a seguran\u00e7a dele, quanto a de terceiros\u201d, destacou.&nbsp;&nbsp;<\/p>\n\n\n\n<p><strong>A\u00e7\u00f5es de Meio Ambiente<\/strong> &#8211; A megaopera\u00e7\u00e3o Semana Santa 2025 tamb\u00e9m contemplar\u00e1 a\u00e7\u00f5es espec\u00edficas nas \u00e1reas rurais, balne\u00e1rios, parques, lagos e rios.\u00a0\u00a0Segundo o subcomandante do Batalh\u00e3o de Pol\u00edcia Militar de Meio Ambiente, capit\u00e3o Adenilson Brito Ferreira, o efetivo estar\u00e1 empenhado na fiscaliza\u00e7\u00e3o de pr\u00e1ticas proibidas, como fogueiras em locais sens\u00edveis \u00e0 propaga\u00e7\u00e3o de fogo,\u00a0\u00a0ca\u00e7a e pesca irregular, tr\u00e1fico de animais, e na repress\u00e3o aos demais crimes, incluindo o tr\u00e1fico de drogas.\u00a0\u00a0<\/p>\n\n\n\n<p>Al\u00e9m disso, ser\u00e3o repassadas dicas de preven\u00e7\u00e3o aos banhistas quanto \u00e0s medidas de autoprote\u00e7\u00e3o no caso de trombas d\u2019\u00e0gua e fortes chuvas. \u201cEm caso de chuvas nas cabeceiras dos rios, pode ocorrer o transbordamento, colocando em risco as pessoas que ali est\u00e3o\u201d, alertou o capit\u00e3o.\u00a0(SECOM \/ Governo de Minas).<\/p>\n","protected":false},"excerpt":{"rendered":"<p>A\u00e7\u00f5es abranger\u00e3o\u00a0os cerca de 30 mil quil\u00f4metros de rodovias estaduais e federais delegadas sob a responsabilidade da PMMG, al\u00e9m de \u00e1reas rurais, balne\u00e1rios, parques, lagos e rios Para garantir a seguran\u00e7a e a tranquilidade dos mineiros e turistas durante o feriado da Semana Santa 2025, a\u00a0Pol\u00edcia Militar de Minas Gerais (PMMG), por meio dos Batalh\u00f5es [&hellip;]<\/p>\n","protected":false},"author":1,"featured_media":29482,"comment_status":"open","ping_status":"open","sticky":false,"template":"","format":"standard","meta":{"rop_custom_images_group":[],"rop_custom_messages_group":[],"rop_publish_now":"initial","rop_publish_now_accounts":[],"rop_publish_now_history":[],"rop_publish_now_status":"pending","footnotes":""},"categories":[20],"tags":[6896,70,2875],"class_list":["post-29481","post","type-post","status-publish","format-standard","has-post-thumbnail","hentry","category-policia","tag-6896","tag-minas-gerais","tag-operacao-semana-santa"],"_links":{"self":[{"href":"https:\/\/diariotribuna.com.br\/index.php?rest_route=\/wp\/v2\/posts\/29481"}],"collection":[{"href":"https:\/\/diariotribuna.com.br\/index.php?rest_route=\/wp\/v2\/posts"}],"about":[{"href":"https:\/\/diariotribuna.com.br\/index.php?rest_route=\/wp\/v2\/types\/post"}],"author":[{"embeddable":true,"href":"https:\/\/diariotribuna.com.br\/index.php?rest_route=\/wp\/v2\/users\/1"}],"replies":[{"embeddable":true,"href":"https:\/\/diariotribuna.com.br\/index.php?rest_route=%2Fwp%2Fv2%2Fcomments&post=29481"}],"version-history":[{"count":2,"href":"https:\/\/diariotribuna.com.br\/index.php?rest_route=\/wp\/v2\/posts\/29481\/revisions"}],"predecessor-version":[{"id":29484,"href":"https:\/\/diariotribuna.com.br\/index.php?rest_route=\/wp\/v2\/posts\/29481\/revisions\/29484"}],"wp:featuredmedia":[{"embeddable":true,"href":"https:\/\/diariotribuna.com.br\/index.php?rest_route=\/wp\/v2\/media\/29482"}],"wp:attachment":[{"href":"https:\/\/diariotribuna.com.br\/index.php?rest_route=%2Fwp%2Fv2%2Fmedia&parent=29481"}],"wp:term":[{"taxonomy":"category","embeddable":true,"href":"https:\/\/diariotribuna.com.br\/index.php?rest_route=%2Fwp%2Fv2%2Fcategories&post=29481"},{"taxonomy":"post_tag","embeddable":true,"href":"https:\/\/diariotribuna.com.br\/index.php?rest_route=%2Fwp%2Fv2%2Ftags&post=29481"}],"curies":[{"name":"wp","href":"https:\/\/api.w.org\/{rel}","templated":true}]}}