{"id":29488,"date":"2025-04-18T08:58:46","date_gmt":"2025-04-18T11:58:46","guid":{"rendered":"https:\/\/diariotribuna.com.br\/?p=29488"},"modified":"2025-04-18T08:58:46","modified_gmt":"2025-04-18T11:58:46","slug":"amm-abre-inscricoes-para-o-40o-congresso-mineiro-de-municipios","status":"publish","type":"post","link":"https:\/\/diariotribuna.com.br\/?p=29488","title":{"rendered":"AMM abre inscri\u00e7\u00f5es para o 40\u00ba Congresso Mineiro de Munic\u00edpios\u00a0"},"content":{"rendered":"<p class=\"\"><strong>Gratuito, evento deve reunir 10 mil participantes e concentrar F\u00f3rum de Comunica\u00e7\u00e3o e Feira para o Desenvolvimento<\/strong><\/p>\n<p class=\"\">J\u00e1 est\u00e3o abertas as <strong>inscri\u00e7\u00f5es gratuitas<\/strong> para o <strong>40\u00ba Congresso Mineiro de Munic\u00edpios<\/strong>, que acontece nos dias <strong>6 e 7 de maio de 2025<\/strong>, no <strong>Expominas<\/strong>, em <strong>Belo Horizonte<\/strong>. Neste ano, o tradicional evento realizado pela <a href=\"https:\/\/portalamm.com\/\"><strong>Associa\u00e7\u00e3o Mineira de Munic\u00edpios (AMM)<\/strong><\/a> celebra uma edi\u00e7\u00e3o especial, marcando os <strong>40 anos de exist\u00eancia<\/strong> do Congresso, consolidado como o <strong>maior evento municipalista promovido por entidade estadual do Brasil<\/strong>.<\/p>\n<p class=\"\">Com o tema <strong>\u201cCapacita\u00e7\u00e3o e Gest\u00e3o Estrat\u00e9gica: as chaves para um mandato de sucesso\u201d<\/strong>, o Congresso ser\u00e1 um espa\u00e7o essencial para o debate, qualifica\u00e7\u00e3o e troca de experi\u00eancias entre os gestores p\u00fablicos de Minas Gerais, promovendo a excel\u00eancia na administra\u00e7\u00e3o municipal.<\/p>\n<p class=\"\">Durante os dois dias de programa\u00e7\u00e3o, o evento deve reunir <strong>10 mil participantes<\/strong>, entre <strong>prefeitos, vice-prefeitos, vereadores, agentes p\u00fablicos, imprensa, formadores de opini\u00e3o e sociedade civil<\/strong>. Os presentes ter\u00e3o acesso a <strong>f\u00f3runs, semin\u00e1rios e salas t\u00e9cnicas<\/strong>, abordando temas cruciais para o cotidiano da gest\u00e3o p\u00fablica, com foco no <strong>desenvolvimento econ\u00f4mico<\/strong> dos munic\u00edpios e na <strong>melhoria da qualidade de vida da popula\u00e7\u00e3o<\/strong>.<\/p>\n<p class=\"\">O presidente da AMM, <strong>Dr. Marcos Vinicius<\/strong>, prefeito de <strong>Coronel Fabriciano<\/strong> e 1\u00ba vice-presidente da <strong>Confedera\u00e7\u00e3o Nacional de Munic\u00edpios (CNM)<\/strong>, destaca:<br \/>\u201cQueremos deixar uma marca de capacita\u00e7\u00e3o e planejamento como forma de garantir efici\u00eancia e transpar\u00eancia nas gest\u00f5es municipais. Est\u00e3o todos convidados para participar do 40\u00ba Congresso, que proporcionar\u00e1 acesso a <strong>informa\u00e7\u00f5es privilegiadas<\/strong>, <strong>gest\u00e3o moderna de recursos<\/strong> e novos projetos\u201d.<\/p>\n<h3 class=\"\"><strong>Posse da nova diretoria da AMM<\/strong><\/h3>\n<p class=\"\">No dia <strong>7 de maio<\/strong>, segundo dia do Congresso, ser\u00e1 realizada a <strong>posse da nova diretoria da AMM<\/strong> para o tri\u00eanio <strong>2025\u20132028<\/strong>. O <strong>prefeito de Patos de Minas, Lu\u00eds Eduardo Falc\u00e3o Ferreira<\/strong>, assumir\u00e1 a presid\u00eancia da entidade, ao lado dos novos membros da diretoria executiva.<\/p>\n<h3 class=\"\"><strong>2\u00ba F\u00f3rum Mineiro de Comunica\u00e7\u00e3o<\/strong><\/h3>\n<p class=\"\">Um dos destaques da programa\u00e7\u00e3o ser\u00e1 o <strong>2\u00ba F\u00f3rum Mineiro de Comunica\u00e7\u00e3o<\/strong>, no dia <strong>6 de maio<\/strong>, com a presen\u00e7a do professor e consultor <strong>Marcelo Vitorino<\/strong>, especialista em <strong>comunica\u00e7\u00e3o p\u00fablica e marketing pol\u00edtico<\/strong>. Ele ministrar\u00e1 a palestra <strong>\u201cComo vencer o desafio de comunicar bem com os cidad\u00e3os e ter a gest\u00e3o reconhecida\u201d<\/strong>.<\/p>\n<p class=\"\">Com mais de <strong>20 anos de experi\u00eancia<\/strong>, Vitorino \u00e9 considerado uma das maiores refer\u00eancias nacionais na \u00e1rea, tendo atuado em <strong>campanhas, consultorias e treinamentos<\/strong> voltados para institui\u00e7\u00f5es p\u00fablicas e lideran\u00e7as pol\u00edticas em todo o pa\u00eds.<\/p>\n<h3 class=\"\"><strong>38\u00aa Feira para o Desenvolvimento dos Munic\u00edpios<\/strong><\/h3>\n<p class=\"\">Paralelamente ao Congresso, ser\u00e1 realizada a <strong>38\u00aa Feira para o Desenvolvimento dos Munic\u00edpios<\/strong>, com a participa\u00e7\u00e3o de <strong>empresas, institui\u00e7\u00f5es e prestadores de servi\u00e7os<\/strong> voltados \u00e0 gest\u00e3o p\u00fablica municipal. O espa\u00e7o ser\u00e1 prop\u00edcio \u00e0 <strong>gera\u00e7\u00e3o de neg\u00f3cios, networking e compartilhamento de boas pr\u00e1ticas<\/strong>, estimulando a moderniza\u00e7\u00e3o da administra\u00e7\u00e3o p\u00fablica.<\/p>\n<p class=\"\">Interessados em expor seus servi\u00e7os podem entrar em contato com a AMM pelo telefone <strong>(31) 2125-2400<\/strong> para garantir seu estande.<\/p>\n<h3 class=\"\"><strong>13\u00ba Pr\u00eamio Mineiro de Boas Pr\u00e1ticas na Gest\u00e3o Municipal<\/strong><\/h3>\n<p class=\"\">O Congresso tamb\u00e9m sediar\u00e1 a entrega do <strong>13\u00ba Pr\u00eamio Mineiro de Boas Pr\u00e1ticas na Gest\u00e3o Municipal<\/strong>, que contemplar\u00e1 projetos nas \u00e1reas de <strong>Educa\u00e7\u00e3o, Meio Ambiente, Turismo<\/strong> e <strong>Desenvolvimento Econ\u00f4mico<\/strong>. A premia\u00e7\u00e3o reconhece iniciativas inovadoras que contribuem para uma <strong>gest\u00e3o p\u00fablica eficiente e voltada para resultados efetivos<\/strong>.<\/p>\n<p class=\"\">Segundo <strong>Dr. Marcos Vinicius<\/strong>, vencedor da premia\u00e7\u00e3o em edi\u00e7\u00f5es anteriores:<\/p>\n<p class=\"\">\u201cSer reconhecido por meio do Pr\u00eamio \u00e9 se destacar na gest\u00e3o p\u00fablica, promovendo <strong>inova\u00e7\u00e3o<\/strong>, <strong>redu\u00e7\u00e3o de custos<\/strong>, <strong>qualidade dos servi\u00e7os<\/strong> e <strong>satisfa\u00e7\u00e3o dos cidad\u00e3os<\/strong>. Nosso objetivo \u00e9 valorizar ideias que transformam realidades nos munic\u00edpios mineiros\u201d.<\/p>\n<p class=\"\"><strong>Data:<\/strong> 6 e 7 de maio de 2025<br \/><strong>Local:<\/strong> Expominas \u2013 Av. Amazonas, 6200 \u2013 Gameleira \u2013 Belo Horizonte<br \/><strong>Inscri\u00e7\u00f5es gratuitas e programa\u00e7\u00e3o completa:<\/strong><br \/><a href=\"https:\/\/congresso.amm-mg.org.br\/40\/\">Acesse aqui: congresso.amm-mg.org.br\/40<\/a><\/p>\n\n<p class=\"\"><strong>Informa\u00e7\u00f5es para a imprensa<\/strong><br \/>Tatiana Moraes \u2013 (31) 98811-6769<\/p>\n<p>\u00a0<\/p>","protected":false},"excerpt":{"rendered":"<p>Gratuito, evento deve reunir 10 mil participantes e concentrar F\u00f3rum de Comunica\u00e7\u00e3o e Feira para o Desenvolvimento J\u00e1 est\u00e3o abertas as inscri\u00e7\u00f5es gratuitas para o 40\u00ba Congresso Mineiro de Munic\u00edpios, que acontece nos dias 6 e 7 de maio de 2025, no Expominas, em Belo Horizonte. Neste ano, o tradicional evento realizado pela Associa\u00e7\u00e3o Mineira [&hellip;]<\/p>\n","protected":false},"author":0,"featured_media":29489,"comment_status":"open","ping_status":"open","sticky":false,"template":"","format":"standard","meta":{"rop_custom_images_group":[],"rop_custom_messages_group":[],"rop_publish_now":"initial","rop_publish_now_accounts":[],"rop_publish_now_history":[],"rop_publish_now_status":"pending","footnotes":""},"categories":[6745],"tags":[],"class_list":["post-29488","post","type-post","status-publish","format-standard","has-post-thumbnail","hentry","category-coluna-sindijori"],"_links":{"self":[{"href":"https:\/\/diariotribuna.com.br\/index.php?rest_route=\/wp\/v2\/posts\/29488"}],"collection":[{"href":"https:\/\/diariotribuna.com.br\/index.php?rest_route=\/wp\/v2\/posts"}],"about":[{"href":"https:\/\/diariotribuna.com.br\/index.php?rest_route=\/wp\/v2\/types\/post"}],"replies":[{"embeddable":true,"href":"https:\/\/diariotribuna.com.br\/index.php?rest_route=%2Fwp%2Fv2%2Fcomments&post=29488"}],"version-history":[{"count":0,"href":"https:\/\/diariotribuna.com.br\/index.php?rest_route=\/wp\/v2\/posts\/29488\/revisions"}],"wp:featuredmedia":[{"embeddable":true,"href":"https:\/\/diariotribuna.com.br\/index.php?rest_route=\/wp\/v2\/media\/29489"}],"wp:attachment":[{"href":"https:\/\/diariotribuna.com.br\/index.php?rest_route=%2Fwp%2Fv2%2Fmedia&parent=29488"}],"wp:term":[{"taxonomy":"category","embeddable":true,"href":"https:\/\/diariotribuna.com.br\/index.php?rest_route=%2Fwp%2Fv2%2Fcategories&post=29488"},{"taxonomy":"post_tag","embeddable":true,"href":"https:\/\/diariotribuna.com.br\/index.php?rest_route=%2Fwp%2Fv2%2Ftags&post=29488"}],"curies":[{"name":"wp","href":"https:\/\/api.w.org\/{rel}","templated":true}]}}