{"id":29504,"date":"2025-04-19T11:12:58","date_gmt":"2025-04-19T14:12:58","guid":{"rendered":"https:\/\/diariotribuna.com.br\/?p=29504"},"modified":"2025-04-19T11:12:58","modified_gmt":"2025-04-19T14:12:58","slug":"fenarap-movimentou-r-25-milhoes","status":"publish","type":"post","link":"https:\/\/diariotribuna.com.br\/?p=29504","title":{"rendered":"Fenarap movimentou R$ 25 milh\u00f5es\u00a0"},"content":{"rendered":"<p><em><span>Foto: Divulga\u00e7\u00e3o<\/span><\/em><\/p>\n<p><strong><span>COLUNA MG<\/span><\/strong><br \/><span>Principais destaques dos jornais e portais integrantes da rede Sindijori MG <\/span><br \/><span><a href=\"http:\/\/www.sindijorimg.com.br\/\">www.sindijorimg.com.br<\/a><\/span><\/p>\n<p><strong><span>Fenarap movimentou R$ 25 milh\u00f5es <\/span><\/strong><br \/><span>A Feira de Agroneg\u00f3cio do Alto Parana\u00edba (Fenarap) estreou com n\u00fameros expressivos. O evento recebeu mais de 7 mil visitantes entre os dias 9 e 12 de abril e movimentou mais de R$ 30 milh\u00f5es em neg\u00f3cios, al\u00e9m de contatos que poder\u00e3o gerar ainda mais vendas. A feira se consolidou como um importante espa\u00e7o para fomentar conex\u00f5es no agroneg\u00f3cio, aproximando empresas, produtores, institui\u00e7\u00f5es e pesquisadores em um ambiente de inova\u00e7\u00e3o, conhecimento e gera\u00e7\u00e3o de oportunidades. Com 53 expositores, a Fenarap trouxe o que h\u00e1 de mais atual em tecnologia, m\u00e1quinas, implementos, insumos e solu\u00e7\u00f5es voltadas ao produtor rural. (Jornal Intera\u00e7\u00e3o \u2013 Arax\u00e1)<\/span><br \/><span><a href=\"https:\/\/www.jornalinteracao.com.br\/fenarap-movimentou-r-25-milhoes-na-primeira-edicao-do-evento\">https:\/\/www.jornalinteracao.com.br\/fenarap-movimentou-r-25-milhoes-na-primeira-edicao-do-evento<\/a><\/span><\/p>\n<p><strong><span>Tiradentes respirou literatura<\/span><\/strong><br \/><span>A edi\u00e7\u00e3o da Fliti \u2013 Feira de Literatura de Tiradentes, realizada de 9 a 13 de abril, trouxe um balan\u00e7o satisfat\u00f3rio para seus organizadores que prometem repetir a dose no segundo semestre. O evento reuniu um p\u00fablico de 17.376 pessoas nas duas etapas (a primeira no final de 2024 e a segunda agora neste m\u00eas). Foram mais de 60 autores e quase 70 horas de programa\u00e7\u00e3o. Com a\u00e7\u00f5es voltadas \u00e0 forma\u00e7\u00e3o de leitores, a Fliti ainda distribuiu mais de 2.300 vouchers de livros para estudantes da rede p\u00fablica da regi\u00e3o do Campo das Vertentes, onde se localiza a cidade hist\u00f3rica. (Cidade Conecta \u2013 Nova Lima)<\/span><br \/><span><a href=\"https:\/\/www.cidadeconecta.com\/noticias\/tiradentes-respira-literatura-em-feira-com-presenca-de-importantes-autores\/\">https:\/\/www.cidadeconecta.com\/noticias\/tiradentes-respira-literatura-em-feira-com-presenca-de-importantes-autores\/<\/a><\/span><\/p>\n<p><strong><span>Manhua\u00e7u debate cafeicultura<\/span><\/strong><br \/><span>O munic\u00edpio de Manhua\u00e7u ser\u00e1 palco, nos dias 23 e 24 de abril, do 26\u00ba Simp\u00f3sio da Cafeicultura das Matas de Minas, um dos eventos mais relevantes do setor cafeeiro na Zona da Mata. Realizado no Complexo Esportivo Boston City, no bairro Ponte da Aldeia, o evento \u00e9 gratuito e as inscri\u00e7\u00f5es s\u00e3o feitas na portaria. Organizado pela ACIAM (Associa\u00e7\u00e3o Comercial, Industrial e Agroneg\u00f3cios de Manhua\u00e7u), com apoio de entidades como Emater-MG, AMUC, Senar Minas, FAEMG, Sindicatos Rurais, Conselho das Matas de Minas, Secretaria Municipal de Agricultura e o Instituto Federal Sudeste de Minas, o simp\u00f3sio promete reunir cafeicultores, especialistas e grandes nomes da cafeicultura nacional. (Di\u00e1rio de Manhua\u00e7u)<\/span><br \/><span><a href=\"https:\/\/diariodemanhuacu.com.br\/evento-e-marcado-por-palestras-foto-arquivo-portal-caparao\/\">https:\/\/diariodemanhuacu.com.br\/evento-e-marcado-por-palestras-foto-arquivo-portal-caparao\/<\/a><\/span><\/p>\n<p><strong><span>F\u00e1brica de biodiesel em agosto<\/span><\/strong><br \/><span>Be8 pode come\u00e7ar a obra de implanta\u00e7\u00e3o de f\u00e1brica de biodiesel em Uberaba at\u00e9 agosto deste ano. A informa\u00e7\u00e3o \u00e9 do ex-prefeito Anderson Adauto, que esteve reunido com dirigentes da empresa e com representantes do governo estadual para tratar sobre incentivos para viabilizar a concretiza\u00e7\u00e3o do investimento. Ele ressalta que o projeto da f\u00e1brica de biodiesel n\u00e3o depende do g\u00e1s, pois podem ser utilizadas outras matrizes energ\u00e9ticas para a produ\u00e7\u00e3o. Ele frisa que o interesse no investimento se deve \u00e0 pol\u00edtica do governo federal de aumento da mistura do biodiesel no diesel. \u201cEra 12% e agora est\u00e1 em 14%. J\u00e1 teve que aumentar a produ\u00e7\u00e3o. E tem um compromisso de chegar a 15%. Isso que leva a Be8 a projetar uma nova f\u00e1brica de biodiesel em Uberaba\u201d, ponderou. (Jornal da Manh\u00e3 \u2013 Uberaba)<\/span><br \/><span><a href=\"https:\/\/jmonline.com.br\/politica\/obra-da-fabrica-de-biodiesel-em-uberaba-deve-comecar-ate-agosto-1.494371\">https:\/\/jmonline.com.br\/politica\/obra-da-fabrica-de-biodiesel-em-uberaba-deve-comecar-ate-agosto-1.494371<\/a><\/span><\/p>\n<p><strong><span>Produtores de vinho buscam selo<\/span><\/strong><br \/><span>Ap\u00f3s a conquista da Indica\u00e7\u00e3o Geogr\u00e1fica (IG), na esp\u00e9cie Indica\u00e7\u00e3o de Proced\u00eancia (IP) reconhecendo o Sul de Minas como produtor de vinhos de inverno, as vin\u00edcolas a regi\u00e3o se preparam para se adequar \u00e0s regras e iniciar o uso do selo que diferencia a produ\u00e7\u00e3o dos vinhos no mercado. Concedida pelo Instituto Nacional da Propriedade Industrial (Inpi), a conquista da IG \u00e9 um marco que promete impulsionar ainda mais a produ\u00e7\u00e3o e a demanda pelos vinhos da regi\u00e3o. A IG abrange os seguintes munic\u00edpios: S\u00e3o Jo\u00e3o da Mata; Cordisl\u00e2ndia; S\u00e3o Gon\u00e7alo do Sapuca\u00ed; Tr\u00eas Cora\u00e7\u00f5es; Tr\u00eas Pontas; Campos Gerais; Boa Esperan\u00e7a; Bom Sucesso, Ibituruna e Ijaci. (Di\u00e1rio do Com\u00e9rcio \u2013 Belo Horizonte)<\/span><br \/><span><a href=\"https:\/\/diariodocomercio.com.br\/agronegocio\/apos-conquista-ig-produtores-buscam-selo-vinhos-inverno-sul-minas\/\">https:\/\/diariodocomercio.com.br\/agronegocio\/apos-conquista-ig-produtores-buscam-selo-vinhos-inverno-sul-minas\/<\/a><\/span><\/p>\n<p><strong><span>Ipatinga investe R$ 300 mil no esporte <\/span><\/strong><br \/><span>Na semana que passou, Ipatinga deu um grande passo para fortalecer o esporte na cidade. Seis entidades locais foram contempladas com um total de R$ 300 mil, divididos igualmente em R$ 50 mil para cada uma, provenientes do programa ICMS Esportivo. A iniciativa, coordenada pela Prefeitura por meio da Secretaria Municipal de Cultura, Esporte e Lazer (Semcel), vai impulsionar projetos que promovem inclus\u00e3o, sa\u00fade e qualidade de vida. (Portal Silmara de Freitas \u2013 Ipatinga)<\/span><br \/><span><a href=\"https:\/\/www.silmaradefreitas.com.br\/ipatinga-investe-r-300-mil-no-esporte-e-lazer-com-recursos-do-icms-esportivo-seis-entidades-recebem-apoio-para-transformar-vidas-por-meio-do-esporte\/\">https:\/\/www.silmaradefreitas.com.br\/ipatinga-investe-r-300-mil-no-esporte-e-lazer-com-recursos-do-icms-esportivo-seis-entidades-recebem-apoio-para-transformar-vidas-por-meio-do-esporte\/<\/a><\/span><\/p>\n\n<p>\u00a0<\/p>","protected":false},"excerpt":{"rendered":"<p>Foto: Divulga\u00e7\u00e3o COLUNA MGPrincipais destaques dos jornais e portais integrantes da rede Sindijori MG www.sindijorimg.com.br Fenarap movimentou R$ 25 milh\u00f5es A Feira de Agroneg\u00f3cio do Alto Parana\u00edba (Fenarap) estreou com n\u00fameros expressivos. O evento recebeu mais de 7 mil visitantes entre os dias 9 e 12 de abril e movimentou mais de R$ 30 milh\u00f5es [&hellip;]<\/p>\n","protected":false},"author":0,"featured_media":29505,"comment_status":"open","ping_status":"open","sticky":false,"template":"","format":"standard","meta":{"rop_custom_images_group":[],"rop_custom_messages_group":[],"rop_publish_now":"initial","rop_publish_now_accounts":[],"rop_publish_now_history":[],"rop_publish_now_status":"pending","footnotes":""},"categories":[6745],"tags":[],"class_list":["post-29504","post","type-post","status-publish","format-standard","has-post-thumbnail","hentry","category-coluna-sindijori"],"_links":{"self":[{"href":"https:\/\/diariotribuna.com.br\/index.php?rest_route=\/wp\/v2\/posts\/29504"}],"collection":[{"href":"https:\/\/diariotribuna.com.br\/index.php?rest_route=\/wp\/v2\/posts"}],"about":[{"href":"https:\/\/diariotribuna.com.br\/index.php?rest_route=\/wp\/v2\/types\/post"}],"replies":[{"embeddable":true,"href":"https:\/\/diariotribuna.com.br\/index.php?rest_route=%2Fwp%2Fv2%2Fcomments&post=29504"}],"version-history":[{"count":0,"href":"https:\/\/diariotribuna.com.br\/index.php?rest_route=\/wp\/v2\/posts\/29504\/revisions"}],"wp:featuredmedia":[{"embeddable":true,"href":"https:\/\/diariotribuna.com.br\/index.php?rest_route=\/wp\/v2\/media\/29505"}],"wp:attachment":[{"href":"https:\/\/diariotribuna.com.br\/index.php?rest_route=%2Fwp%2Fv2%2Fmedia&parent=29504"}],"wp:term":[{"taxonomy":"category","embeddable":true,"href":"https:\/\/diariotribuna.com.br\/index.php?rest_route=%2Fwp%2Fv2%2Fcategories&post=29504"},{"taxonomy":"post_tag","embeddable":true,"href":"https:\/\/diariotribuna.com.br\/index.php?rest_route=%2Fwp%2Fv2%2Ftags&post=29504"}],"curies":[{"name":"wp","href":"https:\/\/api.w.org\/{rel}","templated":true}]}}