{"id":29506,"date":"2025-04-19T23:36:47","date_gmt":"2025-04-20T02:36:47","guid":{"rendered":"https:\/\/diariotribuna.com.br\/?p=29506"},"modified":"2025-04-19T23:36:48","modified_gmt":"2025-04-20T02:36:48","slug":"foi-dada-a-largada-a-1a-etapa-do-circuito-sesc-de-corrida-2025-comeca-em-teofilo-otoni","status":"publish","type":"post","link":"https:\/\/diariotribuna.com.br\/?p=29506","title":{"rendered":"Foi dada a largada: a 1\u00aa etapa do Circuito Sesc de Corrida 2025 come\u00e7a em Te\u00f3filo Otoni"},"content":{"rendered":"\n<p>Foi dada a largada para a comemora\u00e7\u00e3o dos 10 anos do Circuito Sesc de Corrida. Desde o in\u00edcio, mais de 32 mil atletas j\u00e1 passaram pelas pistas em 13 munic\u00edpios de Minas Gerais. E em 2025, a organiza\u00e7\u00e3o segue firme no prop\u00f3sito de incentivar o movimento, a sa\u00fade e a transforma\u00e7\u00e3o que a corrida proporciona. A primeira etapa do ano come\u00e7a em Te\u00f3filo Otoni.<\/p>\n\n\n\n<p>Um convite especial para se movimentar, estar presente e descobrir tudo o que a corrida pode mudar em voc\u00ea. O Circuito \u00e9 para todos: adultos, crian\u00e7as e at\u00e9 seu bichinho de estima\u00e7\u00e3o. E tem mais: sua inscri\u00e7\u00e3o ainda contribui com o projeto Mesa Brasil Sesc. Aqui, sa\u00fade, bem-estar e solidariedade correm lado a lado. Garanta sua vaga: <a href=\"http:\/\/www.circuitosesc.com.br\"><strong>www.circuitosesc.com.br<\/strong><\/a>.<\/p>\n\n\n\n<p>Te\u00f3filo Otoni | Pra\u00e7a Tiradentes, Centro. 1\u00ba de junho, concentra\u00e7\u00e3o a partir de 6h30, largada: 8h (adulto) | 9h (kids). Inscri\u00e7\u00f5es a partir de R$55,00 (adulto) para trabalhador do com\u00e9rcio. Os valores arrecadados com as inscri\u00e7\u00f5es ser\u00e3o doados ao programa Mesa Brasil Sesc. (Informa\u00e7\u00f5es: SESC MG).<\/p>\n\n\n\n<figure class=\"wp-block-image size-full is-resized\"><img loading=\"lazy\" decoding=\"async\" width=\"700\" height=\"875\" src=\"https:\/\/diariotribuna.com.br\/wp-content\/uploads\/2025\/04\/1.jpg\" alt=\"\" class=\"wp-image-29507\" style=\"width:396px;height:auto\" srcset=\"https:\/\/diariotribuna.com.br\/wp-content\/uploads\/2025\/04\/1.jpg 700w, https:\/\/diariotribuna.com.br\/wp-content\/uploads\/2025\/04\/1-240x300.jpg 240w, https:\/\/diariotribuna.com.br\/wp-content\/uploads\/2025\/04\/1-696x870.jpg 696w, https:\/\/diariotribuna.com.br\/wp-content\/uploads\/2025\/04\/1-336x420.jpg 336w\" sizes=\"(max-width: 700px) 100vw, 700px\" \/><\/figure>\n","protected":false},"excerpt":{"rendered":"<p>Foi dada a largada para a comemora\u00e7\u00e3o dos 10 anos do Circuito Sesc de Corrida. Desde o in\u00edcio, mais de 32 mil atletas j\u00e1 passaram pelas pistas em 13 munic\u00edpios de Minas Gerais. E em 2025, a organiza\u00e7\u00e3o segue firme no prop\u00f3sito de incentivar o movimento, a sa\u00fade e a transforma\u00e7\u00e3o que a corrida proporciona. [&hellip;]<\/p>\n","protected":false},"author":1,"featured_media":29507,"comment_status":"open","ping_status":"open","sticky":false,"template":"","format":"standard","meta":{"rop_custom_images_group":[],"rop_custom_messages_group":[],"rop_publish_now":"initial","rop_publish_now_accounts":[],"rop_publish_now_history":[],"rop_publish_now_status":"pending","footnotes":""},"categories":[25,19],"tags":[6896,7103,7104,2879],"class_list":["post-29506","post","type-post","status-publish","format-standard","has-post-thumbnail","hentry","category-destaque","category-gerais","tag-6896","tag-circuito-sesc-de-corridas","tag-etapa-teofilo-otoni","tag-sesc"],"_links":{"self":[{"href":"https:\/\/diariotribuna.com.br\/index.php?rest_route=\/wp\/v2\/posts\/29506"}],"collection":[{"href":"https:\/\/diariotribuna.com.br\/index.php?rest_route=\/wp\/v2\/posts"}],"about":[{"href":"https:\/\/diariotribuna.com.br\/index.php?rest_route=\/wp\/v2\/types\/post"}],"author":[{"embeddable":true,"href":"https:\/\/diariotribuna.com.br\/index.php?rest_route=\/wp\/v2\/users\/1"}],"replies":[{"embeddable":true,"href":"https:\/\/diariotribuna.com.br\/index.php?rest_route=%2Fwp%2Fv2%2Fcomments&post=29506"}],"version-history":[{"count":1,"href":"https:\/\/diariotribuna.com.br\/index.php?rest_route=\/wp\/v2\/posts\/29506\/revisions"}],"predecessor-version":[{"id":29508,"href":"https:\/\/diariotribuna.com.br\/index.php?rest_route=\/wp\/v2\/posts\/29506\/revisions\/29508"}],"wp:featuredmedia":[{"embeddable":true,"href":"https:\/\/diariotribuna.com.br\/index.php?rest_route=\/wp\/v2\/media\/29507"}],"wp:attachment":[{"href":"https:\/\/diariotribuna.com.br\/index.php?rest_route=%2Fwp%2Fv2%2Fmedia&parent=29506"}],"wp:term":[{"taxonomy":"category","embeddable":true,"href":"https:\/\/diariotribuna.com.br\/index.php?rest_route=%2Fwp%2Fv2%2Fcategories&post=29506"},{"taxonomy":"post_tag","embeddable":true,"href":"https:\/\/diariotribuna.com.br\/index.php?rest_route=%2Fwp%2Fv2%2Ftags&post=29506"}],"curies":[{"name":"wp","href":"https:\/\/api.w.org\/{rel}","templated":true}]}}