{"id":29519,"date":"2025-04-21T10:55:11","date_gmt":"2025-04-21T13:55:11","guid":{"rendered":"https:\/\/diariotribuna.com.br\/?p=29519"},"modified":"2025-04-26T22:33:54","modified_gmt":"2025-04-27T01:33:54","slug":"o-mundo-se-despede-do-papa-francisco","status":"publish","type":"post","link":"https:\/\/diariotribuna.com.br\/?p=29519","title":{"rendered":"O mundo se despede do Papa Francisco"},"content":{"rendered":"\n<p><strong><em>Na manh\u00e3 desta segunda-feira (21\/4\/2025) o mundo se despede do Papa Francisco, um l\u00edder espiritual que marcou sua \u00e9poca com humildade e sensibilidade diante de um mundo dividido<\/em><\/strong><\/p>\n\n\n\n<figure class=\"wp-block-image size-full is-resized\"><img loading=\"lazy\" decoding=\"async\" width=\"700\" height=\"394\" src=\"https:\/\/diariotribuna.com.br\/wp-content\/uploads\/2025\/04\/cq5dam.thumbnail.cropped.1500.844.jpg\" alt=\"\" class=\"wp-image-29520\" style=\"width:505px;height:auto\" srcset=\"https:\/\/diariotribuna.com.br\/wp-content\/uploads\/2025\/04\/cq5dam.thumbnail.cropped.1500.844.jpg 700w, https:\/\/diariotribuna.com.br\/wp-content\/uploads\/2025\/04\/cq5dam.thumbnail.cropped.1500.844-300x169.jpg 300w, https:\/\/diariotribuna.com.br\/wp-content\/uploads\/2025\/04\/cq5dam.thumbnail.cropped.1500.844-696x392.jpg 696w\" sizes=\"(max-width: 700px) 100vw, 700px\" \/><\/figure>\n\n\n\n<p>Desde sua elei\u00e7\u00e3o em 2013, Jorge Mario Bergoglio encantou fi\u00e9is e n\u00e3o fi\u00e9is com sua mensagem de miseric\u00f3rdia, justi\u00e7a social e amor ao pr\u00f3ximo. Seu papado foi caracterizado por uma proximidade singular com os mais pobres, uma vis\u00e3o renovada sobre o papel da Igreja e reformas que buscaram tornar a institui\u00e7\u00e3o mais transparente e inclusiva.<\/p>\n\n\n\n<p>Uma das primeiras grandes paradas de seu pontificado foi no Brasil, durante a Jornada Mundial da Juventude de 2013, aqui no Rio de Janeiro quando tivemos a gra\u00e7a de receb\u00ea-lo por uma semana. Com um sorriso acolhedor e palavras cheias de esperan\u00e7a, Francisco conquistou os cora\u00e7\u00f5es dos jovens, incentivando-os a serem \u201cprotagonistas da mudan\u00e7a\u201d e a levarem o Evangelho a todos os cantos do mundo. Sua simplicidade e carisma marcaram essa visita hist\u00f3rica, deixando um legado inesquec\u00edvel.<\/p>\n\n\n\n<p><strong>Durante seu pontificado, Francisco publicou quatro enc\u00edclicas que sintetizam seu pensamento e sua miss\u00e3o:<\/strong><\/p>\n\n\n\n<p><strong>1. Lumen Fidei (2013) \u2013<\/strong> \u201cA Luz da F\u00e9\u201d foi uma enc\u00edclica iniciada por Bento XVI e finalizada por Francisco, ressaltando a import\u00e2ncia da f\u00e9 como guia para a vida crist\u00e3. Nela, Francisco sublinha que a f\u00e9 n\u00e3o \u00e9 apenas um sentimento, mas um compromisso concreto que transforma a vida do crente e o impele ao testemunho e \u00e0 caridade.<\/p>\n\n\n\n<p><strong>2. Laudato Si\u2019 (2015) \u2013<\/strong> \u201cLouvado Seja\u201d trouxe uma vis\u00e3o inovadora sobre a ecologia integral, destacando a responsabilidade dos seres humanos na preserva\u00e7\u00e3o do meio ambiente. Nesta enc\u00edclica, Francisco faz uma forte cr\u00edtica ao consumismo desenfreado e \u00e0 degrada\u00e7\u00e3o ambiental, chamando a humanidade a uma convers\u00e3o ecol\u00f3gica. O Papa denuncia o impacto das mudan\u00e7as clim\u00e1ticas sobre os mais pobres e incentiva governos e indiv\u00edduos a adotarem pr\u00e1ticas sustent\u00e1veis e justas.<\/p>\n\n\n\n<p><strong>3. Fratelli Tutti (2020) \u2013<\/strong> \u201cTodos Irm\u00e3os\u201d enfatizou a fraternidade e a amizade social, promovendo o di\u00e1logo e a paz entre os povos. Inspirado no esp\u00edrito de S\u00e3o Francisco de Assis, o Papa prop\u00f5e um mundo onde as barreiras da indiferen\u00e7a sejam derrubadas, a solidariedade prevale\u00e7a e a pol\u00edtica seja guiada pelo bem comum, n\u00e3o por interesses pessoais ou econ\u00f4micos. A enc\u00edclica tamb\u00e9m condena o racismo, o populismo exacerbado e o individualismo que fragmenta as sociedades.<\/p>\n\n\n\n<p><strong>4. Dilexit Nos (2024) \u2013<\/strong> \u201cEle nos amou\u201d destacou a centralidade do Cora\u00e7\u00e3o de Jesus como fonte de amor e miss\u00e3o para a Igreja e o mundo. Francisco convida os fi\u00e9is a redescobrirem a ternura da f\u00e9 e o fervor mission\u00e1rio, enfatizando que o amor divino deve se traduzir em a\u00e7\u00f5es concretas de compaix\u00e3o e justi\u00e7a social. A enc\u00edclica refor\u00e7a o papel da Igreja como uma institui\u00e7\u00e3o que acolhe, escuta e serve.<\/p>\n\n\n\n<p><strong>Al\u00e9m dessas contribui\u00e7\u00f5es teol\u00f3gicas, o Papa Francisco promoveu mudan\u00e7as profundas na estrutura da Igreja. Entre suas principais reformas est\u00e3o:<\/strong><\/p>\n\n\n\n<p><strong>1. Reforma da C\u00faria Romana \u2013<\/strong> Tornou a estrutura administrativa do Vaticano mais eficiente e acess\u00edvel, promovendo uma descentraliza\u00e7\u00e3o e incentivando uma maior participa\u00e7\u00e3o das confer\u00eancias episcopais na tomada de decis\u00f5es.<\/p>\n\n\n\n<p><strong>2. Transpar\u00eancia financeira \u2013<\/strong> Implementou medidas rigorosas para combater a corrup\u00e7\u00e3o no Vaticano, reformando o Banco do Vaticano e estabelecendo novos mecanismos de controle financeiro. Essas a\u00e7\u00f5es fortaleceram a credibilidade da Igreja diante da sociedade.<\/p>\n\n\n\n<p><strong>3. Foco na evangeliza\u00e7\u00e3o \u2013<\/strong> Criou um dicast\u00e9rio dedicado \u00e0 evangeliza\u00e7\u00e3o, refor\u00e7ando a miss\u00e3o central da Igreja de levar o Evangelho ao mundo. Com isso, impulsionou a atua\u00e7\u00e3o mission\u00e1ria e enfatizou a necessidade de uma Igreja que sai ao encontro das periferias existenciais.<\/p>\n\n\n\n<p><strong>4. Inclus\u00e3o de mulheres em cargos de lideran\u00e7a \u2013<\/strong> Nomeou mulheres para posi\u00e7\u00f5es de alta relev\u00e2ncia dentro da C\u00faria, como o caso da irm\u00e3 Simona Brambilla, tornando-se a primeira mulher a liderar um organismo vaticano de grande import\u00e2ncia.<\/p>\n\n\n\n<p><strong>5. Atualiza\u00e7\u00f5es no Direito Can\u00f4nico \u2013<\/strong> Realizou modifica\u00e7\u00f5es no C\u00f3digo de Direito Can\u00f4nico para tornar a disciplina da Igreja mais justa e coerente com os desafios contempor\u00e2neos. Suas reformas buscaram equilibrar a tradi\u00e7\u00e3o com a necessidade de respostas mais pastorais e humanas.<\/p>\n\n\n\n<p><strong>6. Simplifica\u00e7\u00e3o dos rituais funer\u00e1rios papais \u2013<\/strong> Em 2024, Francisco aprovou um novo protocolo para os funerais papais, eliminando elementos considerados excessivamente pomposos, como o uso de tr\u00eas caix\u00f5es. Sua inten\u00e7\u00e3o era refor\u00e7ar a ideia de uma Igreja despojada, focada na ess\u00eancia da f\u00e9 e n\u00e3o em formalismos.<\/p>\n\n\n\n<p>Agora, com sua partida, o Papa Francisco deixa saudades e lembran\u00e7as inesquec\u00edveis. Seu sorriso, sua coragem para enfrentar desafios e sua capacidade de unir cora\u00e7\u00f5es permanecer\u00e3o vivos na mem\u00f3ria de milh\u00f5es de pessoas. Ele foi um Papa que abra\u00e7ou os marginalizados, que denunciou injusti\u00e7as, que promoveu o di\u00e1logo inter-religioso e que desafiou o mundo a ser mais humano e solid\u00e1rio.<\/p>\n\n\n\n<p>O mundo se despede de um Papa que, com gestos e palavras, trouxe esperan\u00e7a e amor a uma humanidade tantas vezes dividida. Seu legado transcende seu tempo e continuar\u00e1 a iluminar gera\u00e7\u00f5es futuras, inspirando a todos a viverem com f\u00e9, compaix\u00e3o e compromisso com o bem comum. Seu pontificado n\u00e3o foi apenas um per\u00edodo na hist\u00f3ria da Igreja, mas um testemunho de que a f\u00e9 pode transformar o mundo quando \u00e9 vivida com autenticidade e servi\u00e7o. Descanse em paz!<\/p>\n\n\n\n<p><strong>(Cardeal Orani Jo\u00e3o Tempesta, O. Cist. &#8211; Arcebispo Metropolitano de S\u00e3o Sebasti\u00e3o do Rio de Janeiro, RJ\/ Vatican News)<\/strong>.<\/p>\n","protected":false},"excerpt":{"rendered":"<p>Na manh\u00e3 desta segunda-feira (21\/4\/2025) o mundo se despede do Papa Francisco, um l\u00edder espiritual que marcou sua \u00e9poca com humildade e sensibilidade diante de um mundo dividido Desde sua elei\u00e7\u00e3o em 2013, Jorge Mario Bergoglio encantou fi\u00e9is e n\u00e3o fi\u00e9is com sua mensagem de miseric\u00f3rdia, justi\u00e7a social e amor ao pr\u00f3ximo. Seu papado foi [&hellip;]<\/p>\n","protected":false},"author":1,"featured_media":29520,"comment_status":"open","ping_status":"open","sticky":false,"template":"","format":"standard","meta":{"rop_custom_images_group":[],"rop_custom_messages_group":[],"rop_publish_now":"initial","rop_publish_now_accounts":[],"rop_publish_now_history":[],"rop_publish_now_status":"pending","footnotes":""},"categories":[19],"tags":[7107,7105],"class_list":["post-29519","post","type-post","status-publish","format-standard","has-post-thumbnail","hentry","category-gerais","tag-21-4-25","tag-morte-do-papa-francisco"],"_links":{"self":[{"href":"https:\/\/diariotribuna.com.br\/index.php?rest_route=\/wp\/v2\/posts\/29519"}],"collection":[{"href":"https:\/\/diariotribuna.com.br\/index.php?rest_route=\/wp\/v2\/posts"}],"about":[{"href":"https:\/\/diariotribuna.com.br\/index.php?rest_route=\/wp\/v2\/types\/post"}],"author":[{"embeddable":true,"href":"https:\/\/diariotribuna.com.br\/index.php?rest_route=\/wp\/v2\/users\/1"}],"replies":[{"embeddable":true,"href":"https:\/\/diariotribuna.com.br\/index.php?rest_route=%2Fwp%2Fv2%2Fcomments&post=29519"}],"version-history":[{"count":1,"href":"https:\/\/diariotribuna.com.br\/index.php?rest_route=\/wp\/v2\/posts\/29519\/revisions"}],"predecessor-version":[{"id":29521,"href":"https:\/\/diariotribuna.com.br\/index.php?rest_route=\/wp\/v2\/posts\/29519\/revisions\/29521"}],"wp:featuredmedia":[{"embeddable":true,"href":"https:\/\/diariotribuna.com.br\/index.php?rest_route=\/wp\/v2\/media\/29520"}],"wp:attachment":[{"href":"https:\/\/diariotribuna.com.br\/index.php?rest_route=%2Fwp%2Fv2%2Fmedia&parent=29519"}],"wp:term":[{"taxonomy":"category","embeddable":true,"href":"https:\/\/diariotribuna.com.br\/index.php?rest_route=%2Fwp%2Fv2%2Fcategories&post=29519"},{"taxonomy":"post_tag","embeddable":true,"href":"https:\/\/diariotribuna.com.br\/index.php?rest_route=%2Fwp%2Fv2%2Ftags&post=29519"}],"curies":[{"name":"wp","href":"https:\/\/api.w.org\/{rel}","templated":true}]}}