{"id":29523,"date":"2025-04-21T11:35:19","date_gmt":"2025-04-21T14:35:19","guid":{"rendered":"https:\/\/diariotribuna.com.br\/?p=29523"},"modified":"2025-04-26T22:49:18","modified_gmt":"2025-04-27T01:49:18","slug":"nota-de-pesar-da-cnbb-pelo-falecimento-do-papa-francisco","status":"publish","type":"post","link":"https:\/\/diariotribuna.com.br\/?p=29523","title":{"rendered":"Nota de Pesar da CNBB pelo falecimento do Papa Francisco"},"content":{"rendered":"\n<figure class=\"wp-block-image size-full is-resized\"><img loading=\"lazy\" decoding=\"async\" width=\"700\" height=\"369\" src=\"https:\/\/diariotribuna.com.br\/wp-content\/uploads\/2025\/04\/Papa-Francisco-Nota-de-pesar.png\" alt=\"\" class=\"wp-image-29524\" style=\"width:515px;height:auto\" srcset=\"https:\/\/diariotribuna.com.br\/wp-content\/uploads\/2025\/04\/Papa-Francisco-Nota-de-pesar.png 700w, https:\/\/diariotribuna.com.br\/wp-content\/uploads\/2025\/04\/Papa-Francisco-Nota-de-pesar-300x158.png 300w, https:\/\/diariotribuna.com.br\/wp-content\/uploads\/2025\/04\/Papa-Francisco-Nota-de-pesar-696x367.png 696w\" sizes=\"(max-width: 700px) 100vw, 700px\" \/><\/figure>\n\n\n\n<p>A Confer\u00eancia Nacional dos Bispos do Brasil (CNBB) une-se em ora\u00e7\u00f5es e preces ao povo de Deus em todo o mundo pelo falecimento de Sua Santidade, o Papa Francisco, nesta segunda-feira (21\/4\/2025), peregrino da esperan\u00e7a, pastor humilde e corajoso, testemunha incans\u00e1vel da miseric\u00f3rdia de Deus, que conduziu a Igreja com sabedoria evang\u00e9lica, compaix\u00e3o e esp\u00edrito mission\u00e1rio.<\/p>\n\n\n\n<p>Desde o in\u00edcio de seu pontificado, o Papa Francisco nos inspirou com a for\u00e7a dos gestos simples e com a profundidade de seus ensinamentos. Ele nos ensinou que a verdadeira grandeza da Igreja est\u00e1 em sua capacidade de encontro com as feridas da humanidade. Em suas palavras, atitudes e escolhas, fomos conduzidos a um encontro mais aut\u00eantico com Cristo, especialmente presente nos pobres, nos migrantes, nos doentes e em todos os que sofrem.<\/p>\n\n\n\n<p>Recordamos com carinho sua presen\u00e7a no Brasil, por ocasi\u00e3o da Jornada Mundial da Juventude de 2013, quando exortou: \u201cN\u00e3o tenham medo de ir e de levar Cristo a todos os ambientes\u201d. Francisco foi, para o nosso tempo, sinal da esperan\u00e7a viva, express\u00e3o da ternura do Pai e mensageiro da fraternidade universal. Com o cora\u00e7\u00e3o entristecido, mas cheio de esperan\u00e7a, elevamos nossas preces ao Senhor da Vida, confiando ao Seu infinito amor o servo fiel que, como Pedro, guiou a barca da Igreja com coragem e amor ao Evangelho.<\/p>\n\n\n\n<p>Como Igreja no Brasil, rendemos gra\u00e7as ao Senhor por este testemunho luminoso. Unimo-nos a toda a Igreja em ora\u00e7\u00e3o, confiando a alma do querido Papa Francisco \u00e0 miseric\u00f3rdia do Pai. Que o Ressuscitado, a quem ele seguiu com amor fiel, o receba no seu Reino de luz e de paz. Bras\u00edlia, 21 de abril de 2025.<\/p>\n\n\n\n<p><strong>Dom Jaime Cardeal Spengler<\/strong><\/p>\n\n\n\n<p>Arcebispo de Porto Alegre (RS)<\/p>\n\n\n\n<p>Presidente da CNBB<\/p>\n\n\n\n<p><\/p>\n\n\n\n<p><strong>Dom Jo\u00e3o Justino de Medeiros Silva<\/strong><\/p>\n\n\n\n<p>Arcebispo de Goi\u00e2nia (GO)<\/p>\n\n\n\n<p>Primeiro Vice-presidente da CNBB<\/p>\n\n\n\n<p><\/p>\n\n\n\n<p><strong>Dom Paulo Jackson N\u00f3brega de Sousa<\/strong><\/p>\n\n\n\n<p>Arcebispo de Olinda e Recife (PE)<\/p>\n\n\n\n<p>Segundo Vice-presidente da CNBB<\/p>\n\n\n\n<p><\/p>\n\n\n\n<p><strong>Dom Ricardo Hoepers<\/strong><\/p>\n\n\n\n<p>Bispo auxiliar de Bras\u00edlia (DF)<\/p>\n\n\n\n<p>Secret\u00e1rio-geral da CNBB<\/p>\n\n\n\n<p><strong>(CNBB)<\/strong><\/p>\n","protected":false},"excerpt":{"rendered":"<p>A Confer\u00eancia Nacional dos Bispos do Brasil (CNBB) une-se em ora\u00e7\u00f5es e preces ao povo de Deus em todo o mundo pelo falecimento de Sua Santidade, o Papa Francisco, nesta segunda-feira (21\/4\/2025), peregrino da esperan\u00e7a, pastor humilde e corajoso, testemunha incans\u00e1vel da miseric\u00f3rdia de Deus, que conduziu a Igreja com sabedoria evang\u00e9lica, compaix\u00e3o e esp\u00edrito [&hellip;]<\/p>\n","protected":false},"author":1,"featured_media":29524,"comment_status":"open","ping_status":"open","sticky":false,"template":"","format":"standard","meta":{"rop_custom_images_group":[],"rop_custom_messages_group":[],"rop_publish_now":"initial","rop_publish_now_accounts":[],"rop_publish_now_history":[],"rop_publish_now_status":"pending","footnotes":""},"categories":[19],"tags":[7105,7108],"class_list":["post-29523","post","type-post","status-publish","format-standard","has-post-thumbnail","hentry","category-gerais","tag-morte-do-papa-francisco","tag-nota-da-cnbb"],"_links":{"self":[{"href":"https:\/\/diariotribuna.com.br\/index.php?rest_route=\/wp\/v2\/posts\/29523"}],"collection":[{"href":"https:\/\/diariotribuna.com.br\/index.php?rest_route=\/wp\/v2\/posts"}],"about":[{"href":"https:\/\/diariotribuna.com.br\/index.php?rest_route=\/wp\/v2\/types\/post"}],"author":[{"embeddable":true,"href":"https:\/\/diariotribuna.com.br\/index.php?rest_route=\/wp\/v2\/users\/1"}],"replies":[{"embeddable":true,"href":"https:\/\/diariotribuna.com.br\/index.php?rest_route=%2Fwp%2Fv2%2Fcomments&post=29523"}],"version-history":[{"count":1,"href":"https:\/\/diariotribuna.com.br\/index.php?rest_route=\/wp\/v2\/posts\/29523\/revisions"}],"predecessor-version":[{"id":29525,"href":"https:\/\/diariotribuna.com.br\/index.php?rest_route=\/wp\/v2\/posts\/29523\/revisions\/29525"}],"wp:featuredmedia":[{"embeddable":true,"href":"https:\/\/diariotribuna.com.br\/index.php?rest_route=\/wp\/v2\/media\/29524"}],"wp:attachment":[{"href":"https:\/\/diariotribuna.com.br\/index.php?rest_route=%2Fwp%2Fv2%2Fmedia&parent=29523"}],"wp:term":[{"taxonomy":"category","embeddable":true,"href":"https:\/\/diariotribuna.com.br\/index.php?rest_route=%2Fwp%2Fv2%2Fcategories&post=29523"},{"taxonomy":"post_tag","embeddable":true,"href":"https:\/\/diariotribuna.com.br\/index.php?rest_route=%2Fwp%2Fv2%2Ftags&post=29523"}],"curies":[{"name":"wp","href":"https:\/\/api.w.org\/{rel}","templated":true}]}}