{"id":29526,"date":"2025-04-22T12:29:59","date_gmt":"2025-04-22T15:29:59","guid":{"rendered":"https:\/\/diariotribuna.com.br\/?p=29526"},"modified":"2025-04-22T12:29:59","modified_gmt":"2025-04-22T15:29:59","slug":"zona-da-mata-tera-nova-zpe","status":"publish","type":"post","link":"https:\/\/diariotribuna.com.br\/?p=29526","title":{"rendered":"Zona da Mata ter\u00e1 nova ZPE\u00a0"},"content":{"rendered":"<p><!-- [if gte mso 9]&gt;--><\/p>\n<p><!-- [if gte mso 9]&gt;--><\/p>\n<p>  Normal<br \/>\n  0<\/p>\n<p>  21<\/p>\n<p>  false<br \/>\n  false<br \/>\n  false<\/p>\n<p>  PT-BR<br \/>\n  X-NONE<br \/>\n  X-NONE<\/p>\n<p><!-- [if gte mso 9]&gt;--><\/p>\n<p><!-- [if gte mso 10]&gt;--><\/p>\n<p> \/* Style Definitions *\/<br \/>\n table.MsoNormalTable<br \/>\n\t{mso-style-name:&#8221;Tabela normal&#8221;;<br \/>\n\tmso-tstyle-rowband-size:0;<br \/>\n\tmso-tstyle-colband-size:0;<br \/>\n\tmso-style-noshow:yes;<br \/>\n\tmso-style-priority:99;<br \/>\n\tmso-style-parent:&#8221;&#8221;;<br \/>\n\tmso-padding-alt:0cm 5.4pt 0cm 5.4pt;<br \/>\n\tmso-para-margin-top:0cm;<br \/>\n\tmso-para-margin-right:0cm;<br \/>\n\tmso-para-margin-bottom:8.0pt;<br \/>\n\tmso-para-margin-left:0cm;<br \/>\n\tline-height:107%;<br \/>\n\tmso-pagination:widow-orphan;<br \/>\n\tfont-size:11.0pt;<br \/>\n\tfont-family:&#8221;Aptos&#8221;,sans-serif;<br \/>\n\tmso-ascii-font-family:Aptos;<br \/>\n\tmso-ascii-theme-font:minor-latin;<br \/>\n\tmso-hansi-font-family:Aptos;<br \/>\n\tmso-hansi-theme-font:minor-latin;<br \/>\n\tmso-font-kerning:1.0pt;<br \/>\n\tmso-ligatures:standardcontextual;<br \/>\n\tmso-fareast-language:EN-US;}<\/p>\n<p class=\"MsoNormal\"><span>Foto: Divulga\u00e7\u00e3o<\/span><\/p>\n<p class=\"MsoNoSpacing\"><span>\u00a0<\/span><\/p>\n<p class=\"MsoNoSpacing\">\n<\/p><p class=\"MsoNoSpacing\"><strong><span>COLUNA MG<\/span><\/strong><\/p>\n<p class=\"MsoNoSpacing\"><span>Principais destaques dos jornais e portais integrantes da rede Sindijori MG <\/span><\/p>\n<p class=\"MsoNoSpacing\"><span><a href=\"http:\/\/www.sindijorimg.com.br\/\"><span>www.sindijorimg.com.br<\/span><\/a><\/span><span><\/span><\/p>\n<p class=\"MsoNormal\"><span>\u00a0<\/span><\/p>\n<p class=\"MsoNormal\"><span>\u00a0<\/span><\/p>\n<p class=\"MsoNormal\"><strong><span>Zona da Mata ter\u00e1 nova ZPE<\/span><\/strong><\/p>\n<p class=\"MsoNormal\"><span>A Associa\u00e7\u00e3o Brasileira de Zonas de Processamento de Exporta\u00e7\u00e3o (Abrazpe) confirmou que a nova Zona de Processamento de Exporta\u00e7\u00e3o (ZPE) da Zona da Mata ser\u00e1 instalada em Goian\u00e1, pr\u00f3ximo ao Aeroporto Presidente Itamar Franco. <span>\u00a0<\/span>De acordo com o presidente da Abrazpe, Helson Braga, a licita\u00e7\u00e3o est\u00e1 em fase inicial. A \u00e1rea de 200 mil metros quadrados pertencia ao Estado e, ap\u00f3s articula\u00e7\u00f5es, foi doada ao munic\u00edpio. A previs\u00e3o \u00e9 que as obras tenham in\u00edcio em meados de 2026, com inaugura\u00e7\u00e3o ainda no mesmo ano. O investimento estimado para a realiza\u00e7\u00e3o do projeto \u00e9 de quase R$15 milh\u00f5es, e caber\u00e1 \u00e0 Prefeitura de Goian\u00e1 assumir ou negociar o valor. (Tribuna de Minas \u2013 Juiz de Fora)<\/span><\/p>\n<p class=\"MsoNormal\"><span><a href=\"https:\/\/tribunademinas.com.br\/noticias\/economia\/20-04-2025\/zpe-zona-da-mata.html\">https:\/\/tribunademinas.com.br\/noticias\/economia\/20-04-2025\/zpe-zona-da-mata.html<\/a><\/span><\/p>\n<p class=\"MsoNormal\"><strong><span><\/span><\/strong><\/p>\n<p class=\"MsoNormal\"><strong><span>\u00a0<\/span><\/strong><\/p>\n<p class=\"MsoNormal\"><strong><span>Alunos classificados na Olimp\u00edada<\/span><\/strong><\/p>\n<p class=\"MsoNormal\"><span>Os estudantes do ensino m\u00e9dio integrado ao ensino t\u00e9cnico do IFTM Campus Patroc\u00ednio conquistaram um expressivo resultado na Olimp\u00edada Brasileira de Biologia. Onze estudantes conquistaram a classifica\u00e7\u00e3o para a segunda fase da Olimp\u00edada, que ser\u00e1 realizada ainda neste m\u00eas. Eles se juntar\u00e3o a outros 2.134 alunos de outras institui\u00e7\u00f5es de ensino do estado de Minas Gerais que ir\u00e3o participar da pr\u00f3xima fase. Organizado pelo Instituto Butantan e apoiado pela ESIB (Escola Superior Instituto Butantan), a OBB \u00e9 um projeto voltado para estudantes de Ensino M\u00e9dio, com o intuito de promover e disseminar o conhecimento nas \u00e1reas da Biologia. (Jornal de Patroc\u00edcinio)<\/span><\/p>\n<p class=\"MsoNormal\"><span><a href=\"https:\/\/www.jornaldepatrocinio.com\/estudantes-do-iftm-campus-patrocinio-classificam-se-para-a-2a-fase-da-olimpiada-brasileira-de-biologia\">https:\/\/www.jornaldepatrocinio.com\/estudantes-do-iftm-campus-patrocinio-classificam-se-para-a-2a-fase-da-olimpiada-brasileira-de-biologia<\/a><\/span><\/p>\n<p class=\"MsoNormal\"><span><\/span><\/p>\n<p class=\"MsoNormal\"><span>\u00a0<\/span><\/p>\n<p class=\"MsoNormal\"><strong><span>Bueno Brand\u00e3o tem aula de dan\u00e7a<\/span><\/strong><\/p>\n<p class=\"MsoNormal\"><span>A magia da dan\u00e7a chegou ao Bairro Ponte Nova, em Bueno Brand\u00e3o, com o in\u00edcio do projeto Ballet Z\u00e9 Bagun\u00e7a Rural, realizado na quarta-feira (16) na Escola Municipal Sebasti\u00e3o Santana. A iniciativa, promovida pela escola de dan\u00e7a Meneio Dan\u00e7a, de Belo Horizonte, \u00e9 viabilizada por meio da Lei Paulo Gustavo e \u00e9 realizado no contraturno escolar, com aulas de dan\u00e7a gratuitas. O projeto oferece aulas \u00e0 dist\u00e2ncia, transmitidas ao vivo diretamente de Belo Horizonte, utilizando a lousa digital da escola. (Jornal Panorama \u2013 Caxambu)<\/span><\/p>\n<p class=\"MsoNormal\"><span><a href=\"https:\/\/jornalpanoramaminas.com.br\/site\/ballet-ze-bagunca-rural-chega-a-escola-municipal-sebastiao-santana-e-leva-arte-as-criancas-do-bairro-ponte-nova-em-bueno-brandao\/\">https:\/\/jornalpanoramaminas.com.br\/site\/ballet-ze-bagunca-rural-chega-a-escola-municipal-sebastiao-santana-e-leva-arte-as-criancas-do-bairro-ponte-nova-em-bueno-brandao\/<\/a><\/span><\/p>\n<p class=\"MsoNormal\"><span>\u00a0<\/span><\/p>\n<p class=\"MsoNormal\"><strong><span>Exposi\u00e7\u00e3o movimentou Sul de Minas<\/span><\/strong><\/p>\n<p class=\"MsoNormal\"><span>A 43\u00aa Exposi\u00e7\u00e3o Agropecu\u00e1ria de Itajub\u00e1 movimentou o Sul de Minas Gerais entre os dias 10 e 13 de abril, no Parque de Exposi\u00e7\u00f5es da cidade. O evento, que \u00e9 um dos mais tradicionais do setor agropecu\u00e1rio da regi\u00e3o, foi realizado pelo Sindicato dos Produtores Rurais de Itajub\u00e1 e contou com o apoio do Sistema Faemg Senar, da Prefeitura de Itajub\u00e1 e de diversos parceiros. Exposi\u00e7\u00f5es de animais, julgamentos, oficinas t\u00e9cnicas, torneios leiteiros, palestras, apresenta\u00e7\u00f5es culturais e grandes shows fizeram parte da agenda que atraiu milhares de visitantes ao longo dos quatro dias de evento. (Gazeta de Varginha)<\/span><\/p>\n<p class=\"MsoNormal\"><span><a href=\"https:\/\/www.gazetadevarginha.com.br\/post\/43%C2%AA-exposi%C3%A7%C3%A3o-agropecu%C3%A1ria-de-itajub%C3%A1-refor%C3%A7a-tradi%C3%A7%C3%A3o-e-movimenta-o-setor-no-sul-de-minas\">https:\/\/www.gazetadevarginha.com.br\/post\/43%C2%AA-exposi%C3%A7%C3%A3o-agropecu%C3%A1ria-de-itajub%C3%A1-refor%C3%A7a-tradi%C3%A7%C3%A3o-e-movimenta-o-setor-no-sul-de-minas<\/a><\/span><\/p>\n<p class=\"MsoNormal\"><span>\u00a0<\/span><\/p>\n<p class=\"MsoNormal\"><strong><span>N\u00edvel do lago est\u00e1 baixo<\/span><\/strong><\/p>\n<p class=\"MsoNormal\"><span>O volume do Lago de Furnas est\u00e1 em 68,38% da sua capacidade, de acordo com o Operador Nacional do Sistema. \u00c9 o menor volume desde 2021 para esta \u00e9poca do ano. Comparado com 2024, quando o n\u00edvel era de 73,72%, a queda \u00e9 de mais de 5 pontos percentuais. Se o n\u00edvel baixar, a economia da regi\u00e3o, que depende em boa parte da disponibilidade de uso do lago para turismo e pesca, pode ser afetada. (\u00daltimas Not\u00edcias \u2013 Formiga)<\/span><\/p>\n<p class=\"MsoNormal\"><span><a href=\"https:\/\/ultimasnoticias.inf.br\/noticia\/lago-de-furnas-atinge-o-menor-indice-do-periodo-nos-ultimos-quatro-anos-e-preocupa-quem-vive-do-turismo-e-da-pesca\/\">https:\/\/ultimasnoticias.inf.br\/noticia\/lago-de-furnas-atinge-o-menor-indice-do-periodo-nos-ultimos-quatro-anos-e-preocupa-quem-vive-do-turismo-e-da-pesca\/<\/a><\/span><\/p>\n<p class=\"MsoNormal\"><span>\u00a0<\/span><\/p>\n<p class=\"MsoNormal\"><strong><span>Sete Lagoas debate Instituto Federal<\/span><\/strong><\/p>\n<p class=\"MsoNormal\"><span>Na noite da \u00faltima segunda-feira, 14 de abril, a C\u00e2mara Municipal de Sete Lagoas foi palco da audi\u00eancia p\u00fablica de apresenta\u00e7\u00e3o do Instituto Federal do Tri\u00e2ngulo Mineiro (IFTM). <span>\u00a0<\/span>Uma pesquisa feita ao longo de um m\u00eas, que recebeu 1.770 respostas da comunidade apurou, segundo a diretora de implanta\u00e7\u00e3o, Renata Marques, explicou que os dados revelaram grande interesse por cursos t\u00e9cnicos integrados ao ensino m\u00e9dio, especialmente nas \u00e1reas de Desenvolvimento de Sistemas e Automa\u00e7\u00e3o Industrial, que foram confirmados como os primeiros cursos a serem oferecidos a partir de 2026. Tamb\u00e9m foram destaques da consulta os cursos de Energias Renov\u00e1veis, Seguran\u00e7a do Trabalho, Administra\u00e7\u00e3o e Log\u00edstica, que poder\u00e3o ser incorporados posteriormente. (Sete Dias \u2013 Sete Lagoas)<\/span><\/p>\n<p class=\"MsoNormal\"><span><a href=\"https:\/\/www.setedias.com.br\/audiencia-publica-revela-preferencia-por-cursos-para-o-instituto-federal\/\">https:\/\/www.setedias.com.br\/audiencia-publica-revela-preferencia-por-cursos-para-o-instituto-federal\/<\/a><\/span><\/p>\n<p class=\"MsoNormal\"><span><\/span><\/p>\n\n<p>\u00a0<\/p>","protected":false},"excerpt":{"rendered":"<p>Normal 0 21 false false false PT-BR X-NONE X-NONE \/* Style Definitions *\/ table.MsoNormalTable {mso-style-name:&#8221;Tabela normal&#8221;; mso-tstyle-rowband-size:0; mso-tstyle-colband-size:0; mso-style-noshow:yes; mso-style-priority:99; mso-style-parent:&#8221;&#8221;; mso-padding-alt:0cm 5.4pt 0cm 5.4pt; mso-para-margin-top:0cm; mso-para-margin-right:0cm; mso-para-margin-bottom:8.0pt; mso-para-margin-left:0cm; line-height:107%; mso-pagination:widow-orphan; font-size:11.0pt; font-family:&#8221;Aptos&#8221;,sans-serif; mso-ascii-font-family:Aptos; mso-ascii-theme-font:minor-latin; mso-hansi-font-family:Aptos; mso-hansi-theme-font:minor-latin; mso-font-kerning:1.0pt; mso-ligatures:standardcontextual; mso-fareast-language:EN-US;} Foto: Divulga\u00e7\u00e3o \u00a0 COLUNA MG Principais destaques dos jornais e portais integrantes da rede Sindijori [&hellip;]<\/p>\n","protected":false},"author":0,"featured_media":29527,"comment_status":"open","ping_status":"open","sticky":false,"template":"","format":"standard","meta":{"rop_custom_images_group":[],"rop_custom_messages_group":[],"rop_publish_now":"initial","rop_publish_now_accounts":[],"rop_publish_now_history":[],"rop_publish_now_status":"pending","footnotes":""},"categories":[6745],"tags":[],"class_list":["post-29526","post","type-post","status-publish","format-standard","has-post-thumbnail","hentry","category-coluna-sindijori"],"_links":{"self":[{"href":"https:\/\/diariotribuna.com.br\/index.php?rest_route=\/wp\/v2\/posts\/29526"}],"collection":[{"href":"https:\/\/diariotribuna.com.br\/index.php?rest_route=\/wp\/v2\/posts"}],"about":[{"href":"https:\/\/diariotribuna.com.br\/index.php?rest_route=\/wp\/v2\/types\/post"}],"replies":[{"embeddable":true,"href":"https:\/\/diariotribuna.com.br\/index.php?rest_route=%2Fwp%2Fv2%2Fcomments&post=29526"}],"version-history":[{"count":0,"href":"https:\/\/diariotribuna.com.br\/index.php?rest_route=\/wp\/v2\/posts\/29526\/revisions"}],"wp:featuredmedia":[{"embeddable":true,"href":"https:\/\/diariotribuna.com.br\/index.php?rest_route=\/wp\/v2\/media\/29527"}],"wp:attachment":[{"href":"https:\/\/diariotribuna.com.br\/index.php?rest_route=%2Fwp%2Fv2%2Fmedia&parent=29526"}],"wp:term":[{"taxonomy":"category","embeddable":true,"href":"https:\/\/diariotribuna.com.br\/index.php?rest_route=%2Fwp%2Fv2%2Fcategories&post=29526"},{"taxonomy":"post_tag","embeddable":true,"href":"https:\/\/diariotribuna.com.br\/index.php?rest_route=%2Fwp%2Fv2%2Ftags&post=29526"}],"curies":[{"name":"wp","href":"https:\/\/api.w.org\/{rel}","templated":true}]}}