{"id":29532,"date":"2025-04-23T12:23:23","date_gmt":"2025-04-23T15:23:23","guid":{"rendered":"https:\/\/diariotribuna.com.br\/?p=29532"},"modified":"2025-04-23T12:23:23","modified_gmt":"2025-04-23T15:23:23","slug":"semana-de-muitas-obras-na-br381","status":"publish","type":"post","link":"https:\/\/diariotribuna.com.br\/?p=29532","title":{"rendered":"Semana de muitas obras na BR&amp;381\u00a0"},"content":{"rendered":"<p><span>Foto: Divulga\u00e7\u00e3o<\/span><\/p>\n<p><strong><span>COLUNA MG<\/span><\/strong><br \/><span>Principais destaques dos jornais e portais integrantes da rede Sindijori MG <\/span><br \/><span><a href=\"http:\/\/www.sindijorimg.com.br\/\">www.sindijorimg.com.br<\/a><\/span><\/p>\n<p><strong><span>Semana de muitas obras na BR-381<\/span><\/strong><br \/><span>A Nova 381 Concession\u00e1ria de Rodovia retornou com as obras suspensas no feriado da Semana Santa e Tiradentes. A concession\u00e1ria avan\u00e7a em mais uma etapa do Plano de 100 Dias, no trecho entre Belo Horizonte e Governador Valadares. Entre os servi\u00e7os programados de 22 a 26 de abril est\u00e3o a recomposi\u00e7\u00e3o e pintura de barreiras de concreto, e a sinaliza\u00e7\u00e3o horizontal. Neste per\u00edodo, ser\u00e1 realizada a recupera\u00e7\u00e3o de eros\u00f5es em Belo Oriente, sentido BH, entre o km 233 e 234 km. O servi\u00e7o de pavimento flex\u00edvel \u2013 fresagem e recomposi\u00e7\u00e3o \/reparo profundo \u2013 ser\u00e1 realizado em Bar\u00e3o de Cocais, sentido Valadares, do km 384 ao 314 km. Entre os dias 22 e 26 de abril, o munic\u00edpio de Caet\u00e9, sentido Governador Valadares, do km 420 ao 384 km, ter\u00e1 o servi\u00e7o de pavimento r\u00edgido \u2013 demoli\u00e7\u00e3o e recomposi\u00e7\u00e3o de placas. (Jornal da Cidade \u2013 Governador Valadares)<\/span><br \/><span><a href=\"https:\/\/jornaldacidadegv.com.br\/jornal\/edicao-1054\/\">https:\/\/jornaldacidadegv.com.br\/jornal\/edicao-1054\/<\/a><\/span><\/p>\n<p><strong><span>Uberaba abre safra de a\u00e7\u00facar<\/span><\/strong><br \/><span>\u00a0A Companhia Mineira de A\u00e7\u00facar e \u00c1lcool (CMAA), em parceria com a Siamig Bioenergia, promove no pr\u00f3ximo dia 25, a 8\u00aa Abertura da Safra Mineira de A\u00e7\u00facar e Etanol, na Fazenda Santa Vit\u00f3ria, em Uberaba. O evento re\u00fane autoridades, empres\u00e1rios e lideran\u00e7as do setor para marcar o in\u00edcio da safra 2024\/2025 e celebrar os 50 anos do Pro\u00e1lcool, considerado um s\u00edmbolo da transi\u00e7\u00e3o energ\u00e9tica no Brasil. O evento marca o in\u00edcio da produ\u00e7\u00e3o sucroenerg\u00e9tica em Minas Gerais. Minas Gerais representa mais de 11% da produ\u00e7\u00e3o nacional de cana de a\u00e7\u00facar. (Jornal da Manh\u00e3 \u2013 Uberaba)<\/span><br \/><span><a href=\"https:\/\/jmonline.com.br\/cidade\/uberaba-sedia-abertura-da-safra-2024-25-e-celebra-marco-historico-do-proalcool-1.495071\">https:\/\/jmonline.com.br\/cidade\/uberaba-sedia-abertura-da-safra-2024-25-e-celebra-marco-historico-do-proalcool-1.495071<\/a><\/span><\/p>\n<p><strong><span>Maratona da Ind\u00fastria de Te\u00f3filo Otoni<\/span><\/strong><br \/><span>A Associa\u00e7\u00e3o Comercial e Empresarial (ACE) de Te\u00f3filo Otoni e o Sebrae Minas \u2013 Regional Mucuri e Jequitinhonha, lan\u00e7aram na ter\u00e7a-feira, 15 de abril, o programa Maratona da Ind\u00fastria de Te\u00f3filo Otoni. Participaram do evento \u2013 o presidente da ACE Ricardo Bastos Peres e o diretor regional do Sebrae Rog\u00e9rio Nunes, toda diretoria e colaboradores das suas institui\u00e7\u00f5es, empres\u00e1rios e o diretor da Secretaria Municipal de Desenvolvimento Econ\u00f4mico, Rherisson Teles, representando o prefeito Marinho e o secret\u00e1rio Renato Freitas. (Di\u00e1rio Tribuna \u2013 Te\u00f3filo Otoni)<\/span><br \/><span><a href=\"https:\/\/diariotribuna.com.br\/?p=29528\">https:\/\/diariotribuna.com.br\/?p=29528<\/a><\/span><\/p>\n<p><strong><span>Andradas ter\u00e1 festival do caf\u00e9<\/span><\/strong><br \/><span>Entre montanhas majestosas e vales f\u00e9rteis, Andradas, no Sul de Minas Gerais, carrega em seu DNA a for\u00e7a da agricultura familiar e o sabor do caf\u00e9 especial. A hist\u00f3ria, que come\u00e7ou ainda no fim do s\u00e9culo 19, quando imigrantes italianos trouxeram as primeiras mudas de caf\u00e9 para a regi\u00e3o, hoje ganha novos cap\u00edtulos. A Prefeitura de Andradas, em parceria com a iniciativa privada, apresentou \u00e0 imprensa o lan\u00e7amento do 3\u00ba Andradas Caf\u00e9 Festival e, junto com ele, o primeiro roteiro tur\u00edstico oficial da cidade. O festival acontece entre os dias 1\u00ba e 4 de maio e promete n\u00e3o apenas celebrar o caf\u00e9 de origem, mas mostrar ao p\u00fablico a riqueza que vai muito al\u00e9m da x\u00edcara. (Folha Regional \u2013 Muzambinho)<\/span><br \/><span><a href=\"https:\/\/afolharegional.com.br\/noticias\/andradas-lanca-festival-inclui-circuito-turistico-e-aposta-no-cafe-para-impulsionar-o-turismo-rural\/\">https:\/\/afolharegional.com.br\/noticias\/andradas-lanca-festival-inclui-circuito-turistico-e-aposta-no-cafe-para-impulsionar-o-turismo-rural\/<\/a><\/span><\/p>\n<p><strong><span>Observat\u00f3rio apura gastos de vereadores<\/span><\/strong><br \/><span>O Observat\u00f3rio Social do Brasil (OSB) de Patos de Minas realizou,em formato remoto, sua reuni\u00e3o mensal para dar continuidade \u00e0s a\u00e7\u00f5es estrat\u00e9gicas previstas para o ano de 2025. Entre os principais encaminhamentos, destaca-se a realiza\u00e7\u00e3o de um evento de cidadania, no dia 16 de abril, na Escola Jo\u00e3o Gualberto Amorim. A iniciativa tem como objetivo promover a educa\u00e7\u00e3o cidad\u00e3 entre os alunos da institui\u00e7\u00e3o. Outro ponto importante foi a decis\u00e3o de solicitar esclarecimentos \u00e0 C\u00e2mara sobre os gastos com viagens realizadas pelos vereadores em 2025. Ao analisar o Portal da Transpar\u00eancia da C\u00e2mara, a equipe do Observat\u00f3rio identificou dados considerados discrepantes. (Folha Patense)<\/span><br \/><span><a href=\"https:\/\/www.folhapatense.com.br\/observatorio-social-questiona-gastos-excessivos-de-vereadores-em-viagens\">https:\/\/www.folhapatense.com.br\/observatorio-social-questiona-gastos-excessivos-de-vereadores-em-viagens<\/a><\/span><\/p>\n<p><strong><span>Divin\u00f3polis subsidia transportes<\/span><\/strong><br \/><span>A Prefeitura de Divin\u00f3polis garantiu ao Cons\u00f3rcio TransOeste mais R$ 4,7 milh\u00f5es em subs\u00eddio para manter o pre\u00e7o da tarifa do transporte p\u00fablico. O decreto 15.647\/2025, assinado no dia 14 de abril, confirma o complemento tarif\u00e1rio. O recurso tamb\u00e9m visa a renova\u00e7\u00e3o de parte da frota e o reajuste salarial concedido aos motoristas. O Decreto regulamentou o congelamento do valor em R$ 3,65 (cart\u00e3o) e R$ 4,15 (dinheiro). Para manter o valor, a Prefeitura faz tr\u00eas aportes financeiros (dois fixos e um mensal). O Executivo repassar\u00e1 ao cons\u00f3rcio R$ 630 mil mensais, de janeiro a dezembro. Outros R$ 3,380 milh\u00f5es foram pagos em parcela \u00fanica, em janeiro. (Jornal Agora \u2013 Divin\u00f3polis)<\/span><br \/><span><a href=\"https:\/\/www.agoracomvoce.com.br\/2025\/04\/18\/prefeitura-repassa-mais-r-47-milhoes-a-consorcio\/\">https:\/\/www.agoracomvoce.com.br\/2025\/04\/18\/prefeitura-repassa-mais-r-47-milhoes-a-consorcio\/<\/a><\/span><\/p>\n<p><span><\/span><\/p>\n<p>\u00a0<\/p>","protected":false},"excerpt":{"rendered":"<p>Foto: Divulga\u00e7\u00e3o COLUNA MGPrincipais destaques dos jornais e portais integrantes da rede Sindijori MG www.sindijorimg.com.br Semana de muitas obras na BR-381A Nova 381 Concession\u00e1ria de Rodovia retornou com as obras suspensas no feriado da Semana Santa e Tiradentes. A concession\u00e1ria avan\u00e7a em mais uma etapa do Plano de 100 Dias, no trecho entre Belo Horizonte [&hellip;]<\/p>\n","protected":false},"author":0,"featured_media":29533,"comment_status":"open","ping_status":"open","sticky":false,"template":"","format":"standard","meta":{"rop_custom_images_group":[],"rop_custom_messages_group":[],"rop_publish_now":"initial","rop_publish_now_accounts":[],"rop_publish_now_history":[],"rop_publish_now_status":"pending","footnotes":""},"categories":[6745],"tags":[],"class_list":["post-29532","post","type-post","status-publish","format-standard","has-post-thumbnail","hentry","category-coluna-sindijori"],"_links":{"self":[{"href":"https:\/\/diariotribuna.com.br\/index.php?rest_route=\/wp\/v2\/posts\/29532"}],"collection":[{"href":"https:\/\/diariotribuna.com.br\/index.php?rest_route=\/wp\/v2\/posts"}],"about":[{"href":"https:\/\/diariotribuna.com.br\/index.php?rest_route=\/wp\/v2\/types\/post"}],"replies":[{"embeddable":true,"href":"https:\/\/diariotribuna.com.br\/index.php?rest_route=%2Fwp%2Fv2%2Fcomments&post=29532"}],"version-history":[{"count":0,"href":"https:\/\/diariotribuna.com.br\/index.php?rest_route=\/wp\/v2\/posts\/29532\/revisions"}],"wp:featuredmedia":[{"embeddable":true,"href":"https:\/\/diariotribuna.com.br\/index.php?rest_route=\/wp\/v2\/media\/29533"}],"wp:attachment":[{"href":"https:\/\/diariotribuna.com.br\/index.php?rest_route=%2Fwp%2Fv2%2Fmedia&parent=29532"}],"wp:term":[{"taxonomy":"category","embeddable":true,"href":"https:\/\/diariotribuna.com.br\/index.php?rest_route=%2Fwp%2Fv2%2Fcategories&post=29532"},{"taxonomy":"post_tag","embeddable":true,"href":"https:\/\/diariotribuna.com.br\/index.php?rest_route=%2Fwp%2Fv2%2Ftags&post=29532"}],"curies":[{"name":"wp","href":"https:\/\/api.w.org\/{rel}","templated":true}]}}