{"id":29541,"date":"2025-04-24T12:05:32","date_gmt":"2025-04-24T15:05:32","guid":{"rendered":"https:\/\/diariotribuna.com.br\/?p=29541"},"modified":"2025-04-24T12:05:32","modified_gmt":"2025-04-24T15:05:32","slug":"javalis-destroem-lavouras-em-mg","status":"publish","type":"post","link":"https:\/\/diariotribuna.com.br\/?p=29541","title":{"rendered":"Javalis destroem lavouras em MG\u00a0"},"content":{"rendered":"<p><em><span>Foto: Divulga\u00e7\u00e3o SPR Sacramento<\/span><\/em><\/p>\n<p><strong><span>COLUNA MG<\/span><\/strong><br \/><span>Principais destaques dos jornais e portais integrantes da rede Sindijori MG <\/span><br \/><span><a href=\"http:\/\/www.sindijorimg.com.br\/\">www.sindijorimg.com.br<\/a><\/span><\/p>\n<p><strong><span>Javalis destroem lavouras em MG<\/span><\/strong><br \/><span>O agroneg\u00f3cio de Minas Gerais est\u00e1 enfrentando mais um desafio. Nos \u00faltimos anos, houve um aumento expressivo da popula\u00e7\u00e3o de javalis em importantes regi\u00f5es produtoras, como o Alto Parana\u00edba e o Tri\u00e2ngulo Mineiro. Considerada como uma das 100 esp\u00e9cies invasoras que mais preocupam os produtores rurais no mundo, o javali tem comprometido a produ\u00e7\u00e3o de gr\u00e3os, em especial do milho, e causado preju\u00edzos na fauna, na flora e nas nascentes. Al\u00e9m disso, a prolifera\u00e7\u00e3o de javalis \u00e9 um risco sanit\u00e1rio, uma vez que os animais s\u00e3o reservat\u00f3rios de v\u00e1rias doen\u00e7as, inclusive da febre aftosa, o que pode comprometer a conquista do status de Minas de territ\u00f3rio livre de febre aftosa sem vacina\u00e7\u00e3o. (Di\u00e1rio do Com\u00e9rcio \u2013 Belo Horizonte)<\/span><br \/><span><a href=\"https:\/\/diariodocomercio.com.br\/agronegocio\/proliferacao-javalis-traz-riscos-agronegocios-minas-gerais\/\">https:\/\/diariodocomercio.com.br\/agronegocio\/proliferacao-javalis-traz-riscos-agronegocios-minas-gerais\/<\/a><\/span><\/p>\n<p><strong><span>Caminhos pra Avan\u00e7ar ampliado<\/span><\/strong><br \/><span>O Governo de Minas Gerais ampliou o programa &#8220;Caminhos pra Avan\u00e7ar&#8221;, que agora conta com 164 empreendimentos, ap\u00f3s a inclus\u00e3o de 23 novas obras rodovi\u00e1rias, abrangendo mais de 500 quil\u00f4metros de melhorias, pontes e passarelas, com um investimento estimado de R$ 1 bilh\u00e3o. Criado em 2022, o programa j\u00e1 alcan\u00e7ou mais de R$ 5,2 bilh\u00f5es em investimentos, com 83 trechos conclu\u00eddos e 36 em andamento, abrangendo 4.700 km de rodovias. O objetivo \u00e9 aumentar a seguran\u00e7a vi\u00e1ria, estimular a economia regional e melhorar a mobilidade, contribuindo para o desenvolvimento e integra\u00e7\u00e3o das diversas regi\u00f5es do estado. (Balc\u00e3o News \u2013 Belo Horizonte)<\/span><br \/><span><a href=\"https:\/\/balcaonews.com.br\/2025\/04\/22\/governo-de-minas-amplia-programa-caminhos-pra-avancar\/\">https:\/\/balcaonews.com.br\/2025\/04\/22\/governo-de-minas-amplia-programa-caminhos-pra-avancar\/<\/a><\/span><\/p>\n<p><strong><span>Iguatama faz distribui\u00e7\u00e3o de mudas<\/span><\/strong><br \/><span>A Prefeitura de Iguatama, em parceria com o Comit\u00ea da Bacia Hidrogr\u00e1fica do Rio S\u00e3o Francisco, est\u00e1 promovendo a distribui\u00e7\u00e3o gratuita de mudas de \u00e1rvores com o objetivo de incentivar o reflorestamento urbano e rural, al\u00e9m de promover a conscientiza\u00e7\u00e3o ambiental. A a\u00e7\u00e3o \u00e9 voltada especialmente para moradores de terrenos amplos, quintais e s\u00edtios, com foco na arboriza\u00e7\u00e3o e na recupera\u00e7\u00e3o de \u00e1reas degradadas. A iniciativa refor\u00e7a o compromisso com a sustentabilidade e visa transformar Iguatama em uma cidade mais verde e consciente. (Tribuna \u2013 Formiga)<\/span><br \/><span><a href=\"https:\/\/tribunacentroeste.com.br\/noticias\/prefeitura-de-iguatama-promove-distribui-o-gratuita-de-mudas-de-rvores-em-a-o-por-um-futuro-mais-verde\">https:\/\/tribunacentroeste.com.br\/noticias\/prefeitura-de-iguatama-promove-distribui-o-gratuita-de-mudas-de-rvores-em-a-o-por-um-futuro-mais-verde<\/a><\/span><\/p>\n<p><strong><span>Castra\u00e7\u00e3o Gratuita em Itatiaiu\u00e7u<\/span><\/strong><br \/><span>A Prefeitura de Itatiaiu\u00e7u, por meio da Secretaria de Meio Ambiente, est\u00e1 com inscri\u00e7\u00f5es abertas para a castra\u00e7\u00e3o gratuita de c\u00e3es e gatos, que podem ser feitas at\u00e9 o dia 13 de junho. Os interessados devem se cadastrar pessoalmente na sede da Secretaria, localizada na Rua Jos\u00e9 Gon\u00e7alves Rezende, n\u00ba 31, no Centro, apresentando documento de identifica\u00e7\u00e3o e comprovante de endere\u00e7o. O programa visa promover o bem-estar dos animais, aumentar sua longevidade e controlar a popula\u00e7\u00e3o de animais abandonados, com mutir\u00f5es frequentes de castra\u00e7\u00e3o. (Folha do Povo de Itatiaiu\u00e7u)<\/span><br \/><span><a href=\"https:\/\/www.folhapovoitatiaiucu.com\/castracao-gratuita-inscricoes-abertas-ate-o-dia-13-de-junho\">https:\/\/www.folhapovoitatiaiucu.com\/castracao-gratuita-inscricoes-abertas-ate-o-dia-13-de-junho<\/a><\/span><\/p>\n<p><strong><span>C\u00e1ssia recebe megainvestimento hoteleiro<\/span><\/strong><br \/><span>Est\u00e1 chegando \u00e0s margens da Represa de Peixoto, no Rio Grande, munic\u00edpio de C\u00e1ssia, o mais imponente e revolucion\u00e1rio empreendimento tur\u00edstico hoteleiro. Ser\u00e3o seis produtos reunidos no mega empreendimento, abrangendo o Canastra Eko Hotel, um grandioso hotel multipropriedade em formato de navio e realizado em parceria com o conceituado grupo Guarany de Caldas Novas\/GO, o Canastra Eko Residence, condom\u00ednio de terrenos a partir de 400m2; o Canastra Eko Riviera, envolvendo um conjunto de torres com apartamentos de alto luxo; o Canastra Eko Bangal\u00f4s, composto por um condom\u00ednio de charmosos chal\u00e9s; o Canastra Beach Club e o Canastra Acqua Park. (Observo \u2013 Passos)<\/span><br \/><span><a href=\"https:\/\/www.observo.com.br\/lago-de-peixotos-em-cassia-vai-ganhar-grande-empreendimento-hoteleiro\">https:\/\/www.observo.com.br\/lago-de-peixotos-em-cassia-vai-ganhar-grande-empreendimento-hoteleiro<\/a><\/span><\/p>\n<p><strong><span>Hospital de Pouso Alegre tem amplia\u00e7\u00e3o<\/span><\/strong><br \/><span>De fevereiro a abril deste ano, a obra do Hospital Oncol\u00f3gico Samuel Lib\u00e2nio de Pouso Alegre evoluiu muito em todos os pavimentos. Todos os visitantes que t\u00eam a oportunidade de conhecer o local ficam impressionados com a grandeza da obra e o quanto ela \u00e9 importante para a sa\u00fade na regi\u00e3o. Ao todo, s\u00e3o cinco pavimentos e mais de 11 mil metros quadrados de constru\u00e7\u00e3o. O pr\u00e9dio tamb\u00e9m conta com um heliponto e toda estrutura para fazer o tratamento oncol\u00f3gico, exames e cirurgias para pacientes regionais. (Pouso Alegre em Foco)<\/span><br \/><span><a href=\"https:\/\/pousoalegreemfoco.com.br\/noticia\/1853\/obra-hospital-oncologico-samuel-libanio-evolucao-ultimos\">https:\/\/pousoalegreemfoco.com.br\/noticia\/1853\/obra-hospital-oncologico-samuel-libanio-evolucao-ultimos<\/a><\/span><\/p>\n<p><span><\/span><\/p>\n<p>\u00a0<\/p>","protected":false},"excerpt":{"rendered":"<p>Foto: Divulga\u00e7\u00e3o SPR Sacramento COLUNA MGPrincipais destaques dos jornais e portais integrantes da rede Sindijori MG www.sindijorimg.com.br Javalis destroem lavouras em MGO agroneg\u00f3cio de Minas Gerais est\u00e1 enfrentando mais um desafio. Nos \u00faltimos anos, houve um aumento expressivo da popula\u00e7\u00e3o de javalis em importantes regi\u00f5es produtoras, como o Alto Parana\u00edba e o Tri\u00e2ngulo Mineiro. Considerada [&hellip;]<\/p>\n","protected":false},"author":0,"featured_media":29542,"comment_status":"open","ping_status":"open","sticky":false,"template":"","format":"standard","meta":{"rop_custom_images_group":[],"rop_custom_messages_group":[],"rop_publish_now":"initial","rop_publish_now_accounts":[],"rop_publish_now_history":[],"rop_publish_now_status":"pending","footnotes":""},"categories":[6745],"tags":[],"class_list":["post-29541","post","type-post","status-publish","format-standard","has-post-thumbnail","hentry","category-coluna-sindijori"],"_links":{"self":[{"href":"https:\/\/diariotribuna.com.br\/index.php?rest_route=\/wp\/v2\/posts\/29541"}],"collection":[{"href":"https:\/\/diariotribuna.com.br\/index.php?rest_route=\/wp\/v2\/posts"}],"about":[{"href":"https:\/\/diariotribuna.com.br\/index.php?rest_route=\/wp\/v2\/types\/post"}],"replies":[{"embeddable":true,"href":"https:\/\/diariotribuna.com.br\/index.php?rest_route=%2Fwp%2Fv2%2Fcomments&post=29541"}],"version-history":[{"count":0,"href":"https:\/\/diariotribuna.com.br\/index.php?rest_route=\/wp\/v2\/posts\/29541\/revisions"}],"wp:featuredmedia":[{"embeddable":true,"href":"https:\/\/diariotribuna.com.br\/index.php?rest_route=\/wp\/v2\/media\/29542"}],"wp:attachment":[{"href":"https:\/\/diariotribuna.com.br\/index.php?rest_route=%2Fwp%2Fv2%2Fmedia&parent=29541"}],"wp:term":[{"taxonomy":"category","embeddable":true,"href":"https:\/\/diariotribuna.com.br\/index.php?rest_route=%2Fwp%2Fv2%2Fcategories&post=29541"},{"taxonomy":"post_tag","embeddable":true,"href":"https:\/\/diariotribuna.com.br\/index.php?rest_route=%2Fwp%2Fv2%2Ftags&post=29541"}],"curies":[{"name":"wp","href":"https:\/\/api.w.org\/{rel}","templated":true}]}}