{"id":29543,"date":"2025-04-24T13:26:32","date_gmt":"2025-04-24T16:26:32","guid":{"rendered":"https:\/\/diariotribuna.com.br\/?p=29543"},"modified":"2025-04-25T23:02:16","modified_gmt":"2025-04-26T02:02:16","slug":"homem-que-estava-desaparecido-e-encontrado-morto-na-zona-rural-de-malacacheta","status":"publish","type":"post","link":"https:\/\/diariotribuna.com.br\/?p=29543","title":{"rendered":"Homem que estava desaparecido \u00e9 encontrado morto na zona rural de Malacacheta"},"content":{"rendered":"\n<figure class=\"wp-block-image size-full is-resized\"><img loading=\"lazy\" decoding=\"async\" width=\"700\" height=\"457\" src=\"https:\/\/diariotribuna.com.br\/wp-content\/uploads\/2025\/04\/Imagem-do-WhatsApp-de-2025-04-24-as-11.32.11_1360e024.jpg\" alt=\"\" class=\"wp-image-29544\" style=\"width:431px;height:auto\" srcset=\"https:\/\/diariotribuna.com.br\/wp-content\/uploads\/2025\/04\/Imagem-do-WhatsApp-de-2025-04-24-as-11.32.11_1360e024.jpg 700w, https:\/\/diariotribuna.com.br\/wp-content\/uploads\/2025\/04\/Imagem-do-WhatsApp-de-2025-04-24-as-11.32.11_1360e024-300x196.jpg 300w, https:\/\/diariotribuna.com.br\/wp-content\/uploads\/2025\/04\/Imagem-do-WhatsApp-de-2025-04-24-as-11.32.11_1360e024-696x454.jpg 696w, https:\/\/diariotribuna.com.br\/wp-content\/uploads\/2025\/04\/Imagem-do-WhatsApp-de-2025-04-24-as-11.32.11_1360e024-643x420.jpg 643w\" sizes=\"(max-width: 700px) 100vw, 700px\" \/><figcaption class=\"wp-element-caption\"><strong>Lucas Costa Baldow, de 30 anos, encontrado morto<\/strong><\/figcaption><\/figure>\n\n\n\n<p>A Pol\u00edcia Civil de Te\u00f3filo Otoni convocou a imprensa, nesta quarta-feira (24\/4), para uma entrevista coletiva, e o chefe do 15\u00ba Departamento de Pol\u00edcia Civil, dr. Amaury Thomaz Ten\u00f3rio de Albuquerque informou que, na ter\u00e7a-feira (23), aportou na delegacia a informa\u00e7\u00e3o do desaparecimento de Lucas Costa Baldow, de 30 anos.<\/p>\n\n\n\n<p>O delegado disse que, no mesmo momento a Delegacia de Homic\u00eddios e a Delegacia Regional de Te\u00f3filo Otoni empreenderam v\u00e1rias provid\u00eancias no sentido de esclarecer o que teria ocorrido para tentar encontrar Lucas. Mas, infelizmente, ele foi encontrado morto na zona rural de Malacacheta, com marcas provenientes de disparo de arma de fogo, e o corpo sendo trazido para Te\u00f3filo Otoni.<\/p>\n\n\n\n<p>Dr. Amaury disse que a fam\u00edlia foi comunicada do ocorrido, e a Pol\u00edcia Civil est\u00e1 em dilig\u00eancias para tentar elucidar as causas e circunst\u00e2ncia da morte de Lucas. \u201cEssas s\u00e3o as informa\u00e7\u00f5es preliminares, mas eu posso garantir que as provid\u00eancias de pol\u00edcia judici\u00e1ria est\u00e3o sendo tomadas para o total esclarecimento e a responsabiliza\u00e7\u00e3o dos culpados\u201d, afirmou o delegado. (Foto: Divulga\u00e7\u00e3o).<\/p>\n","protected":false},"excerpt":{"rendered":"<p>A Pol\u00edcia Civil de Te\u00f3filo Otoni convocou a imprensa, nesta quarta-feira (24\/4), para uma entrevista coletiva, e o chefe do 15\u00ba Departamento de Pol\u00edcia Civil, dr. Amaury Thomaz Ten\u00f3rio de Albuquerque informou que, na ter\u00e7a-feira (23), aportou na delegacia a informa\u00e7\u00e3o do desaparecimento de Lucas Costa Baldow, de 30 anos. O delegado disse que, no [&hellip;]<\/p>\n","protected":false},"author":1,"featured_media":29544,"comment_status":"open","ping_status":"open","sticky":false,"template":"","format":"standard","meta":{"rop_custom_images_group":[],"rop_custom_messages_group":[],"rop_publish_now":"initial","rop_publish_now_accounts":[],"rop_publish_now_history":[],"rop_publish_now_status":"pending","footnotes":""},"categories":[20],"tags":[6648,7112,444,75],"class_list":["post-29543","post","type-post","status-publish","format-standard","has-post-thumbnail","hentry","category-policia","tag-homicidio-2","tag-lucas-costa-baldow","tag-malacacheta","tag-teofilo-otoni"],"_links":{"self":[{"href":"https:\/\/diariotribuna.com.br\/index.php?rest_route=\/wp\/v2\/posts\/29543"}],"collection":[{"href":"https:\/\/diariotribuna.com.br\/index.php?rest_route=\/wp\/v2\/posts"}],"about":[{"href":"https:\/\/diariotribuna.com.br\/index.php?rest_route=\/wp\/v2\/types\/post"}],"author":[{"embeddable":true,"href":"https:\/\/diariotribuna.com.br\/index.php?rest_route=\/wp\/v2\/users\/1"}],"replies":[{"embeddable":true,"href":"https:\/\/diariotribuna.com.br\/index.php?rest_route=%2Fwp%2Fv2%2Fcomments&post=29543"}],"version-history":[{"count":1,"href":"https:\/\/diariotribuna.com.br\/index.php?rest_route=\/wp\/v2\/posts\/29543\/revisions"}],"predecessor-version":[{"id":29545,"href":"https:\/\/diariotribuna.com.br\/index.php?rest_route=\/wp\/v2\/posts\/29543\/revisions\/29545"}],"wp:featuredmedia":[{"embeddable":true,"href":"https:\/\/diariotribuna.com.br\/index.php?rest_route=\/wp\/v2\/media\/29544"}],"wp:attachment":[{"href":"https:\/\/diariotribuna.com.br\/index.php?rest_route=%2Fwp%2Fv2%2Fmedia&parent=29543"}],"wp:term":[{"taxonomy":"category","embeddable":true,"href":"https:\/\/diariotribuna.com.br\/index.php?rest_route=%2Fwp%2Fv2%2Fcategories&post=29543"},{"taxonomy":"post_tag","embeddable":true,"href":"https:\/\/diariotribuna.com.br\/index.php?rest_route=%2Fwp%2Fv2%2Ftags&post=29543"}],"curies":[{"name":"wp","href":"https:\/\/api.w.org\/{rel}","templated":true}]}}