{"id":29550,"date":"2025-04-25T08:21:51","date_gmt":"2025-04-25T11:21:51","guid":{"rendered":"https:\/\/diariotribuna.com.br\/?p=29550"},"modified":"2025-04-25T08:21:51","modified_gmt":"2025-04-25T11:21:51","slug":"fiemg-participa-de-nova-rodada-de-negociacao-sobre-a-nr01-e-celebra-prazo-de-transicao-para-empresas","status":"publish","type":"post","link":"https:\/\/diariotribuna.com.br\/?p=29550","title":{"rendered":"FIEMG participa de nova rodada de negocia\u00e7\u00e3o sobre a NR&amp;01 e celebra prazo de transi\u00e7\u00e3o para empresas\u00a0"},"content":{"rendered":"<p class=\"\"><strong><\/strong><\/p>\n<p class=\"MsoNormal\"><span>SISTEMA FIEMG | Divulga\u00e7\u00e3o<\/span><span><\/span><\/p>\n<p><span><\/span><span><\/span><\/p>\n<p class=\"\"><strong>Medida garante um ano sem autua\u00e7\u00f5es, al\u00e9m da publica\u00e7\u00e3o de guia orientativo e cria\u00e7\u00e3o de grupo de monitoramento<\/strong><\/p>\n<p class=\"\">A atua\u00e7\u00e3o da <a href=\"https:\/\/www.fiemg.com.br\/\"><strong>Federa\u00e7\u00e3o das Ind\u00fastrias do Estado de Minas Gerais (FIEMG)<\/strong><\/a> junto ao governo federal resultou em avan\u00e7os significativos na regulamenta\u00e7\u00e3o da <strong>Norma Regulamentadora n\u00ba 1 (NR-01)<\/strong>. Ap\u00f3s nova reuni\u00e3o com o <strong>ministro do Trabalho e Emprego, Luiz Marinho<\/strong>, realizada nesta segunda-feira (24\/04), foi definido que <strong>nenhuma empresa ser\u00e1 autuada pelo per\u00edodo de um ano<\/strong>, garantindo tempo adequado para adapta\u00e7\u00e3o \u00e0s novas exig\u00eancias.<\/p>\n<p class=\"\">Entre as medidas acordadas, est\u00e1 a <strong>publica\u00e7\u00e3o de uma vers\u00e3o informativa e educativa da norma<\/strong>, com a inclus\u00e3o de um <strong>guia orientativo<\/strong>, al\u00e9m da <strong>cria\u00e7\u00e3o de um grupo de monitoramento<\/strong> para acompanhar a implementa\u00e7\u00e3o durante esse per\u00edodo de transi\u00e7\u00e3o.<\/p>\n<p class=\"\">Para o presidente da FIEMG, <strong>Fl\u00e1vio Roscoe<\/strong>, a decis\u00e3o representa um avan\u00e7o essencial para garantir <strong>seguran\u00e7a jur\u00eddica \u00e0s empresas<\/strong> e efetividade na aplica\u00e7\u00e3o das medidas.<\/p>\n<p class=\"\">\u201cDecis\u00e3o muito importante para que as empresas tenham um ano para se preparar e, dessa maneira, no momento em que a fiscaliza\u00e7\u00e3o come\u00e7ar a cobrar das empresas a implementa\u00e7\u00e3o das medidas, elas estejam completamente prontas para responder ao desafio da nova legisla\u00e7\u00e3o, dando seguran\u00e7a aos processos e \u00e0 sa\u00fade dos trabalhadores\u201d, afirmou.<\/p>\n<p class=\"\">A FIEMG refor\u00e7a que a <strong>promo\u00e7\u00e3o da sa\u00fade mental no ambiente de trabalho<\/strong> \u00e9 uma pauta leg\u00edtima e essencial para o desenvolvimento de ambientes laborais mais humanos e produtivos. No entanto, a entidade salienta que a regulamenta\u00e7\u00e3o de temas complexos deve prezar pela <strong>clareza t\u00e9cnica, objetividade e previsibilidade jur\u00eddica<\/strong>.<\/p>\n<p class=\"\">Em reuni\u00e3o anterior com o Minist\u00e9rio do Trabalho, Roscoe j\u00e1 havia proposto a cria\u00e7\u00e3o de um <strong>cronograma de implementa\u00e7\u00e3o<\/strong> e a publica\u00e7\u00e3o de <strong>diretrizes orientativas<\/strong>.<\/p>\n<p class=\"\">\u201cA sa\u00fade mental n\u00e3o \u00e9 uma ci\u00eancia exata. Se n\u00e3o houver um limite claro de responsabilidade, corremos o risco de paralisar o processo produtivo sem crit\u00e9rios t\u00e9cnicos\u201d, alertou o presidente.<\/p>\n<p class=\"\">\n<\/p><p class=\"\">A <strong>NR-01<\/strong>, norma do Minist\u00e9rio do Trabalho e Emprego, estabelece <strong>diretrizes gerais sobre seguran\u00e7a e sa\u00fade no trabalho<\/strong>. Sua atualiza\u00e7\u00e3o mais recente, promovida pela <strong>Portaria n\u00ba 1.419<\/strong>, foi publicada em 2024 e est\u00e1 prevista para entrar em vigor em <strong>maio deste ano<\/strong>.<\/p>\n<p>\u00a0<\/p>","protected":false},"excerpt":{"rendered":"<p>SISTEMA FIEMG | Divulga\u00e7\u00e3o Medida garante um ano sem autua\u00e7\u00f5es, al\u00e9m da publica\u00e7\u00e3o de guia orientativo e cria\u00e7\u00e3o de grupo de monitoramento A atua\u00e7\u00e3o da Federa\u00e7\u00e3o das Ind\u00fastrias do Estado de Minas Gerais (FIEMG) junto ao governo federal resultou em avan\u00e7os significativos na regulamenta\u00e7\u00e3o da Norma Regulamentadora n\u00ba 1 (NR-01). Ap\u00f3s nova reuni\u00e3o com o [&hellip;]<\/p>\n","protected":false},"author":0,"featured_media":29551,"comment_status":"open","ping_status":"open","sticky":false,"template":"","format":"standard","meta":{"rop_custom_images_group":[],"rop_custom_messages_group":[],"rop_publish_now":"initial","rop_publish_now_accounts":[],"rop_publish_now_history":[],"rop_publish_now_status":"pending","footnotes":""},"categories":[6745],"tags":[],"class_list":["post-29550","post","type-post","status-publish","format-standard","has-post-thumbnail","hentry","category-coluna-sindijori"],"_links":{"self":[{"href":"https:\/\/diariotribuna.com.br\/index.php?rest_route=\/wp\/v2\/posts\/29550"}],"collection":[{"href":"https:\/\/diariotribuna.com.br\/index.php?rest_route=\/wp\/v2\/posts"}],"about":[{"href":"https:\/\/diariotribuna.com.br\/index.php?rest_route=\/wp\/v2\/types\/post"}],"replies":[{"embeddable":true,"href":"https:\/\/diariotribuna.com.br\/index.php?rest_route=%2Fwp%2Fv2%2Fcomments&post=29550"}],"version-history":[{"count":0,"href":"https:\/\/diariotribuna.com.br\/index.php?rest_route=\/wp\/v2\/posts\/29550\/revisions"}],"wp:featuredmedia":[{"embeddable":true,"href":"https:\/\/diariotribuna.com.br\/index.php?rest_route=\/wp\/v2\/media\/29551"}],"wp:attachment":[{"href":"https:\/\/diariotribuna.com.br\/index.php?rest_route=%2Fwp%2Fv2%2Fmedia&parent=29550"}],"wp:term":[{"taxonomy":"category","embeddable":true,"href":"https:\/\/diariotribuna.com.br\/index.php?rest_route=%2Fwp%2Fv2%2Fcategories&post=29550"},{"taxonomy":"post_tag","embeddable":true,"href":"https:\/\/diariotribuna.com.br\/index.php?rest_route=%2Fwp%2Fv2%2Ftags&post=29550"}],"curies":[{"name":"wp","href":"https:\/\/api.w.org\/{rel}","templated":true}]}}