{"id":29556,"date":"2025-04-25T12:12:23","date_gmt":"2025-04-25T15:12:23","guid":{"rendered":"https:\/\/diariotribuna.com.br\/?p=29556"},"modified":"2025-04-25T12:12:23","modified_gmt":"2025-04-25T15:12:23","slug":"alimentacao-fora-de-casa-mais-cara","status":"publish","type":"post","link":"https:\/\/diariotribuna.com.br\/?p=29556","title":{"rendered":"Alimenta\u00e7\u00e3o fora de casa mais cara\u00a0"},"content":{"rendered":"<p><em><span>Foto: Marcelo Camargo\/AgBR)<\/span><\/em><\/p>\n<p><strong><span>COLUNA MG<\/span><\/strong><br \/><span>Principais destaques dos jornais e portais integrantes da rede Sindijori MG <\/span><br \/><span><a href=\"http:\/\/www.sindijorimg.com.br\/\">www.sindijorimg.com.br<\/a><\/span><\/p>\n<p><strong><span>Alimenta\u00e7\u00e3o fora de casa mais cara <\/span><\/strong><br \/><span>O setor de alimenta\u00e7\u00e3o e bebidas foi um dos grupos que mais contribuiu para o aumento da infla\u00e7\u00e3o em Uberl\u00e2ndia durante o m\u00eas de mar\u00e7o, de acordo com uma pesquisa realizada pelo Centro de Estudos, Pesquisas e Projetos Econ\u00f4mico-Sociais (Cepes). O resultado foi influenciado principalmente pela &#8220;alimenta\u00e7\u00e3o fora do domic\u00edlio&#8221;, que teve alta de 1,69% durante o per\u00edodo. Segundo o levantamento feito pelo instituto de economia da Universidade Federal de Uberl\u00e2ndia (UFU), o \u00cdndice de Pre\u00e7os ao Consumidor (IPC) geral apresentou uma varia\u00e7\u00e3o de 0,13% no \u00faltimo m\u00eas. A alta acumulada no ano est\u00e1 em 1,21% e a acumulada em 12 meses \u00e9 de 3,96%. (Di\u00e1rio de Uberl\u00e2ndia)<\/span><br \/><span><a href=\"https:\/\/diariodeuberlandia.com.br\/noticia\/37874\/alimentacao-casa-fica-cara-puxa-inflacao-uberlandia\">https:\/\/diariodeuberlandia.com.br\/noticia\/37874\/alimentacao-casa-fica-cara-puxa-inflacao-uberlandia<\/a><\/span><\/p>\n<p><strong><span>Voos BH\/Fl\u00f3rida ser\u00e3o retomados<\/span><\/strong><br \/><span>A Azul Linhas A\u00e9reas anunciou que retomar\u00e1, a partir do dia 2 de julho, os voos diretos entre Belo Horizonte e Fort Lauderdale, na Fl\u00f3rida (EUA). A opera\u00e7\u00e3o ser\u00e1 sazonal e seguir\u00e1 at\u00e9 dezembro, com tr\u00eas voos semanais partindo do Aeroporto Internacional de Belo Horizonte (Confins), o segundo maior hub da companhia no Brasil. Ao todo, ser\u00e3o 158 voos operados entre julho e dezembro, somando chegadas e partidas. A medida integra o planejamento estrat\u00e9gico da Azul para atender \u00e0 alta demanda de viagens no per\u00edodo de f\u00e9rias escolares e ver\u00e3o nos Estados Unidos. (Por Dentro de Minas)<\/span><br \/><span><a href=\"https:\/\/pordentrodeminas.com.br\/variedades\/turismo\/2025\/04\/belo-horizonte-voltara-a-ter-voos-diretos-para-florida-eua\/?utm_source=whatsapp&amp;utm_medium=Refer%C3%AAncia&amp;utm_term=gerais\">https:\/\/pordentrodeminas.com.br\/variedades\/turismo\/2025\/04\/belo-horizonte-voltara-a-ter-voos-diretos-para-florida-eua\/?utm_source=whatsapp&amp;utm_medium=Refer%C3%AAncia&amp;utm_term=gerais<\/a><\/span><\/p>\n<p><strong><span>Caxambu combate bullying<\/span><\/strong><br \/><span>Desde o dia 9 de abril, a Secretaria Municipal de Educa\u00e7\u00e3o de Caxambu, em parceria com a equipe de psicologia educacional, tem promovido uma s\u00e9rie de palestras nas escolas da rede municipal com o tema central do combate ao bullying. A a\u00e7\u00e3o busca conscientizar os alunos sobre a import\u00e2ncia do respeito m\u00fatuo, da empatia e do di\u00e1logo como ferramentas fundamentais para a constru\u00e7\u00e3o de ambientes escolares mais saud\u00e1veis e seguros. As palestras est\u00e3o sendo realizadas em diversas unidades escolares. (Jornal Panorama \u2013 Caxambu)<\/span><br \/><span><a href=\"https:\/\/jornalpanoramaminas.com.br\/site\/educacao-de-caxambu-promove-palestras-contra-o-bullying-nas-escolas-municipais\/\">https:\/\/jornalpanoramaminas.com.br\/site\/educacao-de-caxambu-promove-palestras-contra-o-bullying-nas-escolas-municipais\/<\/a><\/span><\/p>\n<p><strong><span>Arcos faz festival de gastronomia<\/span><\/strong><br \/><span>A 4\u00aa Edi\u00e7\u00e3o do Festival de Gastronomia de Arcos ir\u00e1 come\u00e7ar dia 30 de abril e terminar dia 04 de maio. Ser\u00e3o 50 barracas, sendo nove de empreendedores de Itapecerica e as demais, de Arcos. A pra\u00e7a Floriano Peixoto, local do evento, est\u00e1 sendo preparada. Os tradicionais fornos para assar as quitandas j\u00e1 foram montados, assim como algumas barracas e o palco. O primeiro show, dia 30 de abril, ser\u00e1 da dupla Israel e Rodolfo (sertanejo universit\u00e1rio). (Correio do Centro Oeste \u2013 Arcos)<\/span><br \/><span><a href=\"https:\/\/www.jornalcco.com.br\/festival-de-gastronomia-de-arcos-comeca-na-proxima-quarta-feira-30\">https:\/\/www.jornalcco.com.br\/festival-de-gastronomia-de-arcos-comeca-na-proxima-quarta-feira-30<\/a><\/span><\/p>\n<p><strong><span>Itabirito debate plano diretor<\/span><\/strong><br \/><span>A Prefeitura de Itabirito, por meio da Secretaria de Pol\u00edtica Urbana e Habita\u00e7\u00e3o, realizar\u00e1 neste s\u00e1bado (26), a 1\u00aa Confer\u00eancia Municipal das Cidades e, como parte da programa\u00e7\u00e3o, a audi\u00eancia p\u00fablica de lan\u00e7amento da revis\u00e3o do Plano Diretor do munic\u00edpio. A Confer\u00eancia ser\u00e1 realizada no Centro Administrativo, com credenciamento aberto \u00e0s 7h30. O evento marca a etapa municipal da 6\u00aa Confer\u00eancia Nacional das Cidades, que tem como tema: \u201cConstruindo a Pol\u00edtica de Desenvolvimento Urbano: Caminhos para Cidades Inclusivas, Democr\u00e1ticas, Sustent\u00e1veis e com Justi\u00e7a Social\u201d. (O Liberal \u2013 Ouro Preto)<\/span><br \/><span><a href=\"https:\/\/oliberalinconfidentes.com.br\/itabirito\/itabirito-realiza-neste-fim-de-semana-audiencia-publica-de-lancamento-da-revisao-do-plano-diretor\/\">https:\/\/oliberalinconfidentes.com.br\/itabirito\/itabirito-realiza-neste-fim-de-semana-audiencia-publica-de-lancamento-da-revisao-do-plano-diretor\/<\/a><\/span><\/p>\n<p><strong><span>Balan\u00e7as fiscalizadas em Po\u00e7os<\/span><\/strong><br \/><span>Em uma a\u00e7\u00e3o conjunta, o Procon Municipal e o Instituto de Metrologia e Qualidade do Estado de Minas Gerais (IPEM) realizaram uma opera\u00e7\u00e3o de fiscaliza\u00e7\u00e3o no Mercado Municipal de Po\u00e7os de Caldas. O objetivo foi garantir a exatid\u00e3o na pesagem dos produtos, principalmente os vendidos a granel, e refor\u00e7ar a confian\u00e7a nas rela\u00e7\u00f5es de consumo. Ao todo, foram aferidas 120 balan\u00e7as. Uma delas apresentou irregularidade que resultava em preju\u00edzo ao fornecedor, o qual foi notificado para regulariza\u00e7\u00e3o. Outras duas estavam fora das especifica\u00e7\u00f5es exigidas e foram interditadas por n\u00e3o possu\u00edrem modelo aprovado pelo Inmetro. (Jornal Mantiqueira \u2013 Po\u00e7os de Caldas)<\/span><br \/><span><a href=\"https:\/\/www.jornalmantiqueira.com.br\/2025\/04\/24\/procon-e-ipem-mg-fiscalizam-balancas-no-mercado-municipal\/\">https:\/\/www.jornalmantiqueira.com.br\/2025\/04\/24\/procon-e-ipem-mg-fiscalizam-balancas-no-mercado-municipal\/<\/a><\/span><\/p>\n<p><strong><span>Guaxup\u00e9 quer curso de medicina<\/span><\/strong><br \/><span>O projeto para a implanta\u00e7\u00e3o de um curso de Medicina em Guaxup\u00e9 deu novos passos concretos nesta semana, sinalizando avan\u00e7os importantes nas articula\u00e7\u00f5es entre institui\u00e7\u00f5es de ensino superior, autoridades municipais e \u00f3rg\u00e3os reguladores. A proposta, que h\u00e1 anos mobiliza expectativas na cidade, voltou a ganhar f\u00f4lego com a visita t\u00e9cnica de representantes da Universidade do Vale do Sapuca\u00ed (Univas), sediada em Pouso Alegre. A instala\u00e7\u00e3o do curso \u00e9 vista como uma a\u00e7\u00e3o estrat\u00e9gica, tanto para a amplia\u00e7\u00e3o da oferta de forma\u00e7\u00e3o m\u00e9dica quanto para o fortalecimento da estrutura hospitalar e dos servi\u00e7os de sa\u00fade da microrregi\u00e3o. (Revista Midia Brasil \u2013 Guaxup\u00e9)<\/span><br \/><span><a href=\"https:\/\/www.revistamidiabrasil.com.br\/post\/curso-de-medicina-em-guaxup%C3%A9-avan%C3%A7a-com-apoio-institucional-e-visitas-t%C3%A9cnicas\">https:\/\/www.revistamidiabrasil.com.br\/post\/curso-de-medicina-em-guaxup%C3%A9-avan%C3%A7a-com-apoio-institucional-e-visitas-t%C3%A9cnicas<\/a><\/span><\/p>\n<p><span><\/span><\/p>\n<p>\u00a0<\/p>","protected":false},"excerpt":{"rendered":"<p>Foto: Marcelo Camargo\/AgBR) COLUNA MGPrincipais destaques dos jornais e portais integrantes da rede Sindijori MG www.sindijorimg.com.br Alimenta\u00e7\u00e3o fora de casa mais cara O setor de alimenta\u00e7\u00e3o e bebidas foi um dos grupos que mais contribuiu para o aumento da infla\u00e7\u00e3o em Uberl\u00e2ndia durante o m\u00eas de mar\u00e7o, de acordo com uma pesquisa realizada pelo Centro [&hellip;]<\/p>\n","protected":false},"author":0,"featured_media":29557,"comment_status":"open","ping_status":"open","sticky":false,"template":"","format":"standard","meta":{"rop_custom_images_group":[],"rop_custom_messages_group":[],"rop_publish_now":"initial","rop_publish_now_accounts":[],"rop_publish_now_history":[],"rop_publish_now_status":"pending","footnotes":""},"categories":[6745],"tags":[],"class_list":["post-29556","post","type-post","status-publish","format-standard","has-post-thumbnail","hentry","category-coluna-sindijori"],"_links":{"self":[{"href":"https:\/\/diariotribuna.com.br\/index.php?rest_route=\/wp\/v2\/posts\/29556"}],"collection":[{"href":"https:\/\/diariotribuna.com.br\/index.php?rest_route=\/wp\/v2\/posts"}],"about":[{"href":"https:\/\/diariotribuna.com.br\/index.php?rest_route=\/wp\/v2\/types\/post"}],"replies":[{"embeddable":true,"href":"https:\/\/diariotribuna.com.br\/index.php?rest_route=%2Fwp%2Fv2%2Fcomments&post=29556"}],"version-history":[{"count":0,"href":"https:\/\/diariotribuna.com.br\/index.php?rest_route=\/wp\/v2\/posts\/29556\/revisions"}],"wp:featuredmedia":[{"embeddable":true,"href":"https:\/\/diariotribuna.com.br\/index.php?rest_route=\/wp\/v2\/media\/29557"}],"wp:attachment":[{"href":"https:\/\/diariotribuna.com.br\/index.php?rest_route=%2Fwp%2Fv2%2Fmedia&parent=29556"}],"wp:term":[{"taxonomy":"category","embeddable":true,"href":"https:\/\/diariotribuna.com.br\/index.php?rest_route=%2Fwp%2Fv2%2Fcategories&post=29556"},{"taxonomy":"post_tag","embeddable":true,"href":"https:\/\/diariotribuna.com.br\/index.php?rest_route=%2Fwp%2Fv2%2Ftags&post=29556"}],"curies":[{"name":"wp","href":"https:\/\/api.w.org\/{rel}","templated":true}]}}