{"id":29558,"date":"2025-04-25T18:26:25","date_gmt":"2025-04-25T21:26:25","guid":{"rendered":"https:\/\/diariotribuna.com.br\/?p=29558"},"modified":"2025-04-25T18:26:25","modified_gmt":"2025-04-25T21:26:25","slug":"amm-firma-parceria-com-a-academia-vitorino-e-mendonca-para-oferecer-curso-de-comunicacao-governamental-para-prefeituras","status":"publish","type":"post","link":"https:\/\/diariotribuna.com.br\/?p=29558","title":{"rendered":"AMM firma parceria com a Academia Vitorino e Mendon\u00e7a para oferecer curso de Comunica\u00e7\u00e3o Governamental para prefeituras\u00a0"},"content":{"rendered":"<p class=\"MsoNormal\"><span><span>AMM | Divulga\u00e7\u00e3o<\/span><\/span><\/p>\n<p><\/p>\n<p class=\"\"><em><strong>Palestrante tamb\u00e9m estar\u00e1 presente no F\u00f3rum de Comunica\u00e7\u00e3o durante o 40\u00ba Congresso Mineiro de Munic\u00edpios<\/strong><\/em><\/p>\n<p class=\"\">Com o objetivo de <strong>capacitar gestores, assessores e servidores p\u00fablicos<\/strong> na \u00e1rea da comunica\u00e7\u00e3o governamental, a <a href=\"https:\/\/portalamm.com\/\"><strong>Associa\u00e7\u00e3o Mineira de Munic\u00edpios (AMM)<\/strong><\/a> firmou uma parceria com a <strong>Academia Vitorino e Mendon\u00e7a (AVM)<\/strong> \u2014 considerada a principal escola de marketing pol\u00edtico do pa\u00eds. O resultado dessa iniciativa \u00e9 o curso <strong>&#8220;Comunica\u00e7\u00e3o para Governos e Institui\u00e7\u00f5es&#8221;<\/strong>, idealizado e ministrado pelo renomado professor e consultor de marketing pol\u00edtico, <strong>Marcelo Vitorino<\/strong>.<\/p>\n<p class=\"\">O curso ser\u00e1 realizado nos dias <strong>25 e 26 de agosto<\/strong>, no <strong>Teatro B32, em S\u00e3o Paulo<\/strong>, na modalidade presencial. Tamb\u00e9m estar\u00e1 dispon\u00edvel <strong>on-line<\/strong>, com <strong>transmiss\u00e3o ao vivo<\/strong> e <strong>acesso \u00e0 grava\u00e7\u00e3o por um ano<\/strong>.<br \/><strong>Inscri\u00e7\u00f5es<\/strong>: <a target=\"_new\" class=\"\" href=\"https:\/\/comunicacaodegovernos.com.br\/\" rel=\"noopener\">comunicacaodegovernos.com.br<\/a><\/p>\n<p class=\"\">A capacita\u00e7\u00e3o foi desenvolvida especialmente para <strong>prefeitos, secret\u00e1rios de comunica\u00e7\u00e3o, profissionais da \u00e1rea institucional, ag\u00eancias que atendem governos<\/strong> e demais <strong>agentes p\u00fablicos municipais<\/strong> interessados em aprimorar suas estrat\u00e9gias de comunica\u00e7\u00e3o com a sociedade. O curso permite inscri\u00e7\u00e3o via <strong>nota de empenho<\/strong>.<\/p>\n<p class=\"\">Como parte da parceria com a AMM, <strong>associados t\u00eam 20% de desconto<\/strong> na modalidade on-line, com acesso a <strong>materiais exclusivos<\/strong> e participa\u00e7\u00e3o em <strong>grupo fechado de alunos com o professor<\/strong>.<\/p>\n<h3 class=\"\">Conte\u00fado estrat\u00e9gico e foco pr\u00e1tico<\/h3>\n<p class=\"\">A forma\u00e7\u00e3o aborda, de maneira pr\u00e1tica, temas como:<\/p>\n<p class=\"\">Organiza\u00e7\u00e3o da secretaria de comunica\u00e7\u00e3o;<\/p>\n<p class=\"\">Defini\u00e7\u00e3o de planejamento estrat\u00e9gico;<\/p>\n<p class=\"\">Diferen\u00e7a entre comunica\u00e7\u00e3o institucional e pessoal do gestor;<\/p>\n<p class=\"\">Produ\u00e7\u00e3o de conte\u00fado;<\/p>\n<p class=\"\">Gest\u00e3o de crise e reputa\u00e7\u00e3o;<\/p>\n<p class=\"\">Boas pr\u00e1ticas nas contrata\u00e7\u00f5es p\u00fablicas na \u00e1rea de comunica\u00e7\u00e3o.<\/p>\n<h3 class=\"\">Presen\u00e7a confirmada no 40\u00ba Congresso Mineiro de Munic\u00edpios<\/h3>\n<p class=\"\">\u201c<strong>A comunica\u00e7\u00e3o \u00e9 o elo entre a gest\u00e3o e o cidad\u00e3o<\/strong>. Governos que n\u00e3o conseguem comunicar suas a\u00e7\u00f5es de forma eficiente correm o risco de n\u00e3o serem reconhecidos, mesmo fazendo um bom trabalho\u201d, afirma Marcelo Vitorino, que tamb\u00e9m ser\u00e1 palestrante no <strong>2\u00ba F\u00f3rum Mineiro de Comunica\u00e7\u00e3o<\/strong>, durante o <strong>40\u00ba Congresso Mineiro de Munic\u00edpios<\/strong>, no dia <strong>6 de maio<\/strong>, com o tema:<br \/><strong>\u201cComo vencer o desafio de comunicar bem com os cidad\u00e3os e ter a gest\u00e3o reconhecida\u201d<\/strong>.<\/p>\n<p class=\"\">Segundo o presidente da AMM, <strong>Dr. Marcos Vinicius<\/strong>, a parceria refor\u00e7a o compromisso da entidade com o fortalecimento das administra\u00e7\u00f5es p\u00fablicas:<\/p>\n<p class=\"\">\n<\/p><p class=\"\">\u201c<strong>Capacita\u00e7\u00e3o e planejamento s\u00e3o fundamentais<\/strong> para garantir efici\u00eancia e transpar\u00eancia nas administra\u00e7\u00f5es municipais. Essa \u00e9 uma oportunidade ideal para se capacitar e impulsionar sua gest\u00e3o. A parceria com Marcelo Vitorino oferece um curso de excel\u00eancia, com conte\u00fado pr\u00e1tico e professores altamente qualificados. Essa iniciativa certamente vai contribuir para o fortalecimento da comunica\u00e7\u00e3o nos munic\u00edpios mineiros.\u201d<\/p>\n<h3 class=\"\">Curso Comunica\u00e7\u00e3o para Governos e Institui\u00e7\u00f5es<\/h3>\n\n<p class=\"\"><strong>Data<\/strong>: 25 e 26 de agosto<\/p>\n<p class=\"\"><strong>Modalidades<\/strong>: Presencial em S\u00e3o Paulo ou on-line para todo o Brasil<\/p>\n<p class=\"\"><strong>Inscri\u00e7\u00f5es<\/strong>: <a target=\"_new\" class=\"\" href=\"https:\/\/comunicacaodegovernos.com.br\/\" rel=\"noopener\">comunicacaodegovernos.com.br<\/a><\/p>\n<p class=\"\"><strong>Desconto especial de 20% para associados AMM na vers\u00e3o on-line<\/strong><\/p>\n<p>\u00a0<\/p>","protected":false},"excerpt":{"rendered":"<p>AMM | Divulga\u00e7\u00e3o Palestrante tamb\u00e9m estar\u00e1 presente no F\u00f3rum de Comunica\u00e7\u00e3o durante o 40\u00ba Congresso Mineiro de Munic\u00edpios Com o objetivo de capacitar gestores, assessores e servidores p\u00fablicos na \u00e1rea da comunica\u00e7\u00e3o governamental, a Associa\u00e7\u00e3o Mineira de Munic\u00edpios (AMM) firmou uma parceria com a Academia Vitorino e Mendon\u00e7a (AVM) \u2014 considerada a principal escola de [&hellip;]<\/p>\n","protected":false},"author":0,"featured_media":29559,"comment_status":"open","ping_status":"open","sticky":false,"template":"","format":"standard","meta":{"rop_custom_images_group":[],"rop_custom_messages_group":[],"rop_publish_now":"initial","rop_publish_now_accounts":[],"rop_publish_now_history":[],"rop_publish_now_status":"pending","footnotes":""},"categories":[6745],"tags":[],"class_list":["post-29558","post","type-post","status-publish","format-standard","has-post-thumbnail","hentry","category-coluna-sindijori"],"_links":{"self":[{"href":"https:\/\/diariotribuna.com.br\/index.php?rest_route=\/wp\/v2\/posts\/29558"}],"collection":[{"href":"https:\/\/diariotribuna.com.br\/index.php?rest_route=\/wp\/v2\/posts"}],"about":[{"href":"https:\/\/diariotribuna.com.br\/index.php?rest_route=\/wp\/v2\/types\/post"}],"replies":[{"embeddable":true,"href":"https:\/\/diariotribuna.com.br\/index.php?rest_route=%2Fwp%2Fv2%2Fcomments&post=29558"}],"version-history":[{"count":0,"href":"https:\/\/diariotribuna.com.br\/index.php?rest_route=\/wp\/v2\/posts\/29558\/revisions"}],"wp:featuredmedia":[{"embeddable":true,"href":"https:\/\/diariotribuna.com.br\/index.php?rest_route=\/wp\/v2\/media\/29559"}],"wp:attachment":[{"href":"https:\/\/diariotribuna.com.br\/index.php?rest_route=%2Fwp%2Fv2%2Fmedia&parent=29558"}],"wp:term":[{"taxonomy":"category","embeddable":true,"href":"https:\/\/diariotribuna.com.br\/index.php?rest_route=%2Fwp%2Fv2%2Fcategories&post=29558"},{"taxonomy":"post_tag","embeddable":true,"href":"https:\/\/diariotribuna.com.br\/index.php?rest_route=%2Fwp%2Fv2%2Ftags&post=29558"}],"curies":[{"name":"wp","href":"https:\/\/api.w.org\/{rel}","templated":true}]}}