{"id":29562,"date":"2025-04-25T23:01:49","date_gmt":"2025-04-26T02:01:49","guid":{"rendered":"https:\/\/diariotribuna.com.br\/?p=29562"},"modified":"2025-04-25T23:11:28","modified_gmt":"2025-04-26T02:11:28","slug":"policia-civil-prende-um-suspeito-de-envolvimento-na-morte-de-lucas-baldow","status":"publish","type":"post","link":"https:\/\/diariotribuna.com.br\/?p=29562","title":{"rendered":"Pol\u00edcia Civil prende um suspeito de envolvimento na morte de Lucas Baldow"},"content":{"rendered":"\n<p><em><strong>Lucas Costa Baldow, 30 anos, estava desaparecido e foi encontrado morto a tiros<\/strong><\/em><\/p>\n\n\n\n<figure class=\"wp-block-image size-full is-resized\"><img loading=\"lazy\" decoding=\"async\" width=\"700\" height=\"446\" src=\"https:\/\/diariotribuna.com.br\/wp-content\/uploads\/2025\/04\/Imagem-do-WhatsApp-de-2025-04-23-as-19.19.15_91f02d74.jpg\" alt=\"\" class=\"wp-image-29563\" style=\"width:478px;height:auto\" srcset=\"https:\/\/diariotribuna.com.br\/wp-content\/uploads\/2025\/04\/Imagem-do-WhatsApp-de-2025-04-23-as-19.19.15_91f02d74.jpg 700w, https:\/\/diariotribuna.com.br\/wp-content\/uploads\/2025\/04\/Imagem-do-WhatsApp-de-2025-04-23-as-19.19.15_91f02d74-300x191.jpg 300w, https:\/\/diariotribuna.com.br\/wp-content\/uploads\/2025\/04\/Imagem-do-WhatsApp-de-2025-04-23-as-19.19.15_91f02d74-696x443.jpg 696w, https:\/\/diariotribuna.com.br\/wp-content\/uploads\/2025\/04\/Imagem-do-WhatsApp-de-2025-04-23-as-19.19.15_91f02d74-659x420.jpg 659w\" sizes=\"(max-width: 700px) 100vw, 700px\" \/><figcaption class=\"wp-element-caption\"><strong><strong>Lucas Costa Baldow<\/strong><\/strong><\/figcaption><\/figure>\n\n\n\n<p>A Pol\u00edcia Civil de Minas Gerais, por meio da Delegacia de Homic\u00eddios de Te\u00f3filo Otoni, informou em entrevista coletiva, nesta sexta-feira (25\/4), que a fam\u00edlia de <strong>Lucas Baldow, 30 anos<\/strong>, procurou a delegacia para noticiar o seu desaparecimento e, a partir das informa\u00e7\u00f5es recebidas, a delegada H\u00e9rika Ribeiro Sena e sua equipe de investigadores, n\u00e3o mediram esfor\u00e7os para tentar localizar Lucas, que morava no bairro S\u00e3o Jacinto, em Te\u00f3filo Otoni e atuava no ramo de compra e venda de ve\u00edculos.<\/p>\n\n\n\n<p>Na quinta-feira (24\/4), com efeito destas dilig\u00eancias, foram contatados os policiais civis de Malacacheta, que foram at\u00e9 a zona rural pr\u00f3ximo ao distrito de Santo Ant\u00f4nio do Mucuri, onde foi localizado o corpo de Lucas, \u00e0s margens de uma estrada vicinal, morto a tiros. Segundo a PCMG, ap\u00f3s constatar que se tratava de homic\u00eddio, as equipes iniciaram as investiga\u00e7\u00f5es no intuito de identificar e localizar os autores.<\/p>\n\n\n\n<p>Ainda na quinta-feira, ap\u00f3s representa\u00e7\u00e3o por pris\u00e3o tempor\u00e1ria, um dos suspeitos, de 43 anos, foi preso em Te\u00f3filo Otoni. \u201cEsse indiv\u00edduo tem algum envolvimento sim\u201d, afirmou a dra. H\u00e9rika, informando que outras pris\u00f5es poder\u00e3o acontecer. Um v\u00eddeo que circula pelas redes sociais mostra Lucas chegando em uma moto, como passageiro, no trevo da Vila Pedrosa, desce e entra em um ve\u00edculo Polo de cor branca que j\u00e1 o aguardava, e segue pela BR 116, sentido \u00e0 zona norte da cidade. Lucas entrou pela porta traseira, indicando que teria uma pessoa no banco da frente, ao lado do motorista.<\/p>\n\n\n\n<p>A dra. H\u00e9rika, durante coletiva com a imprensa, disse que pessoas envolvidas no crime seriam conhecidas de Lucas, ou pelo menos uma delas seria, sen\u00e3o ele n\u00e3o teria entrado no ve\u00edculo, que inclusive n\u00e3o \u00e9 de uma pessoa particular, o ve\u00edculo \u00e9 de uma empresa. \u201cEsse carro foi utilizado pelas pessoas que estamos investigando, no qual essa v\u00edtima at\u00e9 o primeiro momento foi de livre e espont\u00e2nea vontade. Agora o que ocorreu no trajeto at\u00e9 onde ele foi morto, \u00e9 o que a investiga\u00e7\u00e3o vai nos dizer\u201d, disse a delegada.<\/p>\n\n\n\n<p>Algumas informa\u00e7\u00f5es foram cruciais para a Pol\u00edcia Civil localizar Lucas: uma delas \u00e9 que o pr\u00f3prio Lucas passou uma mensagem em \u00e1udio para algu\u00e9m dizendo que \u201cfoi \u00e0 Malacacheta resolver um neg\u00f3cio, e que chegaria mais tarde em Te\u00f3filo Otoni\u201d. Outro fato \u00e9 que ele tamb\u00e9m enviou uma foto indicando que estaria no distrito de Santo Ant\u00f4nio do Mucuri. A dra. H\u00e9rika disse que, o local onde o corpo foi encontrado, \u00e9 regi\u00e3o lim\u00edtrofe com Malacacheta, mas pertence ao munic\u00edpio de Pot\u00e9. (Foto: Divulga\u00e7\u00e3o).<\/p>\n","protected":false},"excerpt":{"rendered":"<p>Lucas Costa Baldow, 30 anos, estava desaparecido e foi encontrado morto a tiros A Pol\u00edcia Civil de Minas Gerais, por meio da Delegacia de Homic\u00eddios de Te\u00f3filo Otoni, informou em entrevista coletiva, nesta sexta-feira (25\/4), que a fam\u00edlia de Lucas Baldow, 30 anos, procurou a delegacia para noticiar o seu desaparecimento e, a partir das [&hellip;]<\/p>\n","protected":false},"author":1,"featured_media":29563,"comment_status":"open","ping_status":"open","sticky":false,"template":"","format":"standard","meta":{"rop_custom_images_group":[],"rop_custom_messages_group":[],"rop_publish_now":"initial","rop_publish_now_accounts":[],"rop_publish_now_history":[],"rop_publish_now_status":"pending","footnotes":""},"categories":[25,20],"tags":[107,7112,444,292,75],"class_list":["post-29562","post","type-post","status-publish","format-standard","has-post-thumbnail","hentry","category-destaque","category-policia","tag-homicidio","tag-lucas-costa-baldow","tag-malacacheta","tag-policia-civil","tag-teofilo-otoni"],"_links":{"self":[{"href":"https:\/\/diariotribuna.com.br\/index.php?rest_route=\/wp\/v2\/posts\/29562"}],"collection":[{"href":"https:\/\/diariotribuna.com.br\/index.php?rest_route=\/wp\/v2\/posts"}],"about":[{"href":"https:\/\/diariotribuna.com.br\/index.php?rest_route=\/wp\/v2\/types\/post"}],"author":[{"embeddable":true,"href":"https:\/\/diariotribuna.com.br\/index.php?rest_route=\/wp\/v2\/users\/1"}],"replies":[{"embeddable":true,"href":"https:\/\/diariotribuna.com.br\/index.php?rest_route=%2Fwp%2Fv2%2Fcomments&post=29562"}],"version-history":[{"count":2,"href":"https:\/\/diariotribuna.com.br\/index.php?rest_route=\/wp\/v2\/posts\/29562\/revisions"}],"predecessor-version":[{"id":29566,"href":"https:\/\/diariotribuna.com.br\/index.php?rest_route=\/wp\/v2\/posts\/29562\/revisions\/29566"}],"wp:featuredmedia":[{"embeddable":true,"href":"https:\/\/diariotribuna.com.br\/index.php?rest_route=\/wp\/v2\/media\/29563"}],"wp:attachment":[{"href":"https:\/\/diariotribuna.com.br\/index.php?rest_route=%2Fwp%2Fv2%2Fmedia&parent=29562"}],"wp:term":[{"taxonomy":"category","embeddable":true,"href":"https:\/\/diariotribuna.com.br\/index.php?rest_route=%2Fwp%2Fv2%2Fcategories&post=29562"},{"taxonomy":"post_tag","embeddable":true,"href":"https:\/\/diariotribuna.com.br\/index.php?rest_route=%2Fwp%2Fv2%2Ftags&post=29562"}],"curies":[{"name":"wp","href":"https:\/\/api.w.org\/{rel}","templated":true}]}}