{"id":29567,"date":"2025-04-26T10:45:42","date_gmt":"2025-04-26T13:45:42","guid":{"rendered":"https:\/\/diariotribuna.com.br\/?p=29567"},"modified":"2025-04-26T10:45:42","modified_gmt":"2025-04-26T13:45:42","slug":"32-anos-ao-lado-de-quem-alimenta-o-brasil","status":"publish","type":"post","link":"https:\/\/diariotribuna.com.br\/?p=29567","title":{"rendered":"32 anos ao lado de quem alimenta o Brasil\u00a0"},"content":{"rendered":"<p class=\"MsoNormal\"><span>SISTEMA FIEMG | Divulga\u00e7\u00e3o<\/span><span><\/span><\/p>\n<p><span><\/span><span><\/span><\/p>\n<p class=\"\"><em>Por Ant\u00f4nio Pitangui de Salvo, engenheiro agr\u00f4nomo, presidente do Conselho Administrativo do <a href=\"https:\/\/www.sistemafaemg.org.br\/senar\">Servi\u00e7o Nacional de Aprendizagem Rural (Senar Minas)<\/a> e da Federa\u00e7\u00e3o da Agricultura e Pecu\u00e1ria do Estado de Minas Gerais<\/em><\/p>\n<p class=\"\">Transformar o campo \u00e9 impulsionar o desenvolvimento do Brasil. Ao completar 32 anos, o Servi\u00e7o Nacional de Aprendizagem Rural em Minas Gerais (Senar Minas) reafirma sua miss\u00e3o de promover a transforma\u00e7\u00e3o do meio rural por meio da educa\u00e7\u00e3o, tecnologia e valoriza\u00e7\u00e3o dos homens e mulheres que produzem o alimento que chega \u00e0 mesa dos brasileiros.<\/p>\n<p class=\"\">Com uma atua\u00e7\u00e3o que vai muito al\u00e9m da capacita\u00e7\u00e3o t\u00e9cnica, a institui\u00e7\u00e3o contribui para o fortalecimento da agropecu\u00e1ria mineira. O incentivo \u00e0 profissionaliza\u00e7\u00e3o, ao aumento da renda e \u00e0s a\u00e7\u00f5es de sa\u00fade e educa\u00e7\u00e3o tem impactado positivamente a qualidade de vida nas comunidades rurais.<\/p>\n<p class=\"\">O mundo se transformou \u2014 e o campo, por estar distante dos grandes centros urbanos, precisa, mais do que nunca, de acesso \u00e0 tecnologia e \u00e0 assist\u00eancia t\u00e9cnica. Os produtores devem evoluir e se modernizar para se manterem competitivos. O maior desafio, hoje, \u00e9 fazer o conhecimento chegar \u00e0s propriedades, especialmente em um estado como Minas Gerais, que possui 853 munic\u00edpios e mais de 600 mil propriedades rurais. \u00c9 nesse cen\u00e1rio que o Senar Minas se consolida como um agente de mudan\u00e7a.<\/p>\n<p class=\"\">Sem depender de salas de aula, o Senar leva o conhecimento para dentro das porteiras, para ser aplicado na pr\u00e1tica. Em Minas Gerais, cerca de 90% dos produtores s\u00e3o pequenos e m\u00e9dios \u2014 justamente os que mais se beneficiam das a\u00e7\u00f5es da institui\u00e7\u00e3o. Uma ferramenta essencial nesse contexto \u00e9 o Programa de Assist\u00eancia T\u00e9cnica e Gerencial (ATeG), que oferece orienta\u00e7\u00e3o cont\u00ednua e personalizada aos produtores.<\/p>\n<p class=\"\">Com foco em gest\u00e3o e boas pr\u00e1ticas produtivas, s\u00e3o realizadas visitas mensais que contribuem para transformar as propriedades em modelos de efici\u00eancia. Os resultados s\u00e3o expressivos: aumento de renda, maior produtividade, sustentabilidade e melhoria na qualidade de vida no campo. Desde 2016, o ATeG j\u00e1 atendeu mais de 38.660 propriedades, com mais de 699 mil visitas t\u00e9cnicas realizadas. O programa abrange as 13 principais cadeias produtivas de Minas Gerais e promove a\u00e7\u00f5es que integram sustentabilidade ambiental, econ\u00f4mica e social, com acompanhamento constante.<\/p>\n<p class=\"\">Do planejamento financeiro ao aperfei\u00e7oamento da produ\u00e7\u00e3o, o ATeG tem sido um verdadeiro motor de transforma\u00e7\u00e3o no setor agropecu\u00e1rio mineiro. Al\u00e9m disso, somam-se mais de 2,2 milh\u00f5es de participa\u00e7\u00f5es em cursos e treinamentos de Forma\u00e7\u00e3o Profissional Rural, 777 mil em a\u00e7\u00f5es de Promo\u00e7\u00e3o Social \u2014 que envolvem sa\u00fade, servi\u00e7os e educa\u00e7\u00e3o \u2014 e mais de 245 mil eventos de qualifica\u00e7\u00e3o promovidos em todo o estado.<\/p>\n<p class=\"\">Sempre ao lado de quem alimenta o Brasil, o Senar Minas valoriza o produtor rural e reafirma seu compromisso com um campo cada vez mais forte, moderno e sustent\u00e1vel. Neste anivers\u00e1rio, a institui\u00e7\u00e3o celebra a transforma\u00e7\u00e3o do campo como sua maior colheita.<\/p>\n\n<p class=\"\"><strong>Parab\u00e9ns, Senar Minas!<\/strong><\/p>\n<p>\u00a0<\/p>","protected":false},"excerpt":{"rendered":"<p>SISTEMA FIEMG | Divulga\u00e7\u00e3o Por Ant\u00f4nio Pitangui de Salvo, engenheiro agr\u00f4nomo, presidente do Conselho Administrativo do Servi\u00e7o Nacional de Aprendizagem Rural (Senar Minas) e da Federa\u00e7\u00e3o da Agricultura e Pecu\u00e1ria do Estado de Minas Gerais Transformar o campo \u00e9 impulsionar o desenvolvimento do Brasil. Ao completar 32 anos, o Servi\u00e7o Nacional de Aprendizagem Rural em [&hellip;]<\/p>\n","protected":false},"author":0,"featured_media":29568,"comment_status":"open","ping_status":"open","sticky":false,"template":"","format":"standard","meta":{"rop_custom_images_group":[],"rop_custom_messages_group":[],"rop_publish_now":"initial","rop_publish_now_accounts":[],"rop_publish_now_history":[],"rop_publish_now_status":"pending","footnotes":""},"categories":[6745],"tags":[],"class_list":["post-29567","post","type-post","status-publish","format-standard","has-post-thumbnail","hentry","category-coluna-sindijori"],"_links":{"self":[{"href":"https:\/\/diariotribuna.com.br\/index.php?rest_route=\/wp\/v2\/posts\/29567"}],"collection":[{"href":"https:\/\/diariotribuna.com.br\/index.php?rest_route=\/wp\/v2\/posts"}],"about":[{"href":"https:\/\/diariotribuna.com.br\/index.php?rest_route=\/wp\/v2\/types\/post"}],"replies":[{"embeddable":true,"href":"https:\/\/diariotribuna.com.br\/index.php?rest_route=%2Fwp%2Fv2%2Fcomments&post=29567"}],"version-history":[{"count":0,"href":"https:\/\/diariotribuna.com.br\/index.php?rest_route=\/wp\/v2\/posts\/29567\/revisions"}],"wp:featuredmedia":[{"embeddable":true,"href":"https:\/\/diariotribuna.com.br\/index.php?rest_route=\/wp\/v2\/media\/29568"}],"wp:attachment":[{"href":"https:\/\/diariotribuna.com.br\/index.php?rest_route=%2Fwp%2Fv2%2Fmedia&parent=29567"}],"wp:term":[{"taxonomy":"category","embeddable":true,"href":"https:\/\/diariotribuna.com.br\/index.php?rest_route=%2Fwp%2Fv2%2Fcategories&post=29567"},{"taxonomy":"post_tag","embeddable":true,"href":"https:\/\/diariotribuna.com.br\/index.php?rest_route=%2Fwp%2Fv2%2Ftags&post=29567"}],"curies":[{"name":"wp","href":"https:\/\/api.w.org\/{rel}","templated":true}]}}