{"id":29569,"date":"2025-04-26T11:52:37","date_gmt":"2025-04-26T14:52:37","guid":{"rendered":"https:\/\/diariotribuna.com.br\/?p=29569"},"modified":"2025-04-26T11:52:37","modified_gmt":"2025-04-26T14:52:37","slug":"operacao-combate-extracao-de-ouro","status":"publish","type":"post","link":"https:\/\/diariotribuna.com.br\/?p=29569","title":{"rendered":"Opera\u00e7\u00e3o combate extra\u00e7\u00e3o de ouro\u00a0"},"content":{"rendered":"<p><em><span>Foto: Pol\u00edcia Federal<\/span><\/em><\/p>\n<p><strong><span>COLUNA MG<\/span><\/strong><br \/><span>Principais destaques dos jornais e portais integrantes da rede Sindijori MG <\/span><br \/><span><a href=\"http:\/\/www.sindijorimg.com.br\/\">www.sindijorimg.com.br<\/a><\/span><\/p>\n<p><strong><span>Opera\u00e7\u00e3o combate extra\u00e7\u00e3o de ouro<\/span><\/strong><br \/><span>Nesta sexta-feira (25), a Opera\u00e7\u00e3o Rios Salvos foi deflagrada com o objetivo de combater a extra\u00e7\u00e3o ilegal de ouro nos rios das Mortes e Grande, nas regi\u00f5es de Tiradentes e S\u00e3o Jo\u00e3o del-Rei, em Minas Gerais. A opera\u00e7\u00e3o foi realizada em conjunto pela Pol\u00edcia Federal, Pol\u00edcia Militar Ambiental, Batalh\u00e3o de Opera\u00e7\u00f5es Especiais (Bope), Comave, Ibama e Ag\u00eancia Nacional de Minera\u00e7\u00e3o (ANM). As investiga\u00e7\u00f5es indicam que os suspeitos extra\u00edam ouro no leito dos rios, com o uso de balsas e de dragas sem autoriza\u00e7\u00e3o da Ag\u00eancia Nacional de Minera\u00e7\u00e3o (ANM) e sem licen\u00e7a ambiental. (Tribuna de Minas \u2013 Juiz de Fora)<\/span><br \/><span><a href=\"https:\/\/tribunademinas.com.br\/noticias\/minas\/25-04-2025\/extracao-ouro-ilegal.html\">https:\/\/tribunademinas.com.br\/noticias\/minas\/25-04-2025\/extracao-ouro-ilegal.html<\/a><\/span><\/p>\n<p><strong><span>Po\u00e7os de Caldas sofre apag\u00e3o<\/span><\/strong><br \/><span>Por volta das 22h desta sexta-feira, 25, um apag\u00e3o atingiu todas as regi\u00f5es de Po\u00e7os de Caldas. Em nota, a DME Distribui\u00e7\u00e3o informou que uma perturba\u00e7\u00e3o externa ao sistema provocou o desligamento de todas as cargas atendidas pela distribuidora, interrompendo o fornecimento de energia el\u00e9trica para 88.820 unidades consumidoras. A causa prov\u00e1vel da ocorr\u00eancia foi o desligamento de um transformador 500kV\/345kV na Subesta\u00e7\u00e3o de Furnas, localizada em Po\u00e7os de Caldas. A DMED segue acompanhando a apura\u00e7\u00e3o do evento junto aos \u00f3rg\u00e3os competentes. (Jornal Mantiqueira \u2013 Po\u00e7os de Caldas)<\/span><br \/><span><a href=\"https:\/\/www.jornalmantiqueira.com.br\/2025\/04\/26\/nota-oficial-do-dme-distribuicao-sobre-o-apagao\/\">https:\/\/www.jornalmantiqueira.com.br\/2025\/04\/26\/nota-oficial-do-dme-distribuicao-sobre-o-apagao\/<\/a><\/span><\/p>\n<p><strong><span>Hospital tem conclus\u00e3o assegurada<\/span><\/strong><br \/><span>A manh\u00e3 de sexta-feira (25) marcou uma nova etapa na longa hist\u00f3ria da constru\u00e7\u00e3o do Hospital Regional de Governador Valadares. Autoridades estaduais e municipais se reuniram no canteiro de obras da unidade para vistoriar os trabalhos. Durante a vistoria a comitiva do Governo de Minas refor\u00e7ou o compromisso de concluir a constru\u00e7\u00e3o at\u00e9 o primeiro semestre de 2026. De acordo com o secret\u00e1rio de Sa\u00fade, F\u00e1bio Baccheretti, o Estado j\u00e1 iniciou a compra dos equipamentos que ser\u00e3o utilizados no hospital. Al\u00e9m disso, Baccheretti reafirmou que a conclus\u00e3o acontecer\u00e1 no primeiro semestre de 2026. \u201cA nossa vinda aqui \u00e9 exatamente para fazer essa fiscaliza\u00e7\u00e3o e inspe\u00e7\u00e3o da obra. E n\u00f3s estamos ainda com o nosso prazo de primeiro semestre do ano que vem [para a conclus\u00e3o da obra], n\u00f3s estamos em cima desse prazo, e n\u00f3s estamos aqui para conseguir avan\u00e7ar\u201d, disse Baccheretti. (Di\u00e1rio do Rio Doce \u2013 Governador Valadares)<\/span><br \/><span><a href=\"https:\/\/drd.com.br\/durante-vistoria-em-obra-do-hospital-regional-de-valadares-governo-de-minas-reafirma-entrega-para-2026\/\">https:\/\/drd.com.br\/durante-vistoria-em-obra-do-hospital-regional-de-valadares-governo-de-minas-reafirma-entrega-para-2026\/<\/a><\/span><\/p>\n<p><strong><span>Trabalhador ter\u00e1 Semana em Itabira<\/span><\/strong><br \/><span>Com uma programa\u00e7\u00e3o especial e gratuita, a Semana do Trabalhador 2025 tem in\u00edcio nesta segunda-feira (28), celebrando n\u00e3o s\u00f3 o 1\u00ba de Maio, mas tamb\u00e9m os 80 anos de hist\u00f3ria do Sindicato Metabase de Itabira e Regi\u00e3o. O evento, que vai at\u00e9 o dia 3 de maio, re\u00fane cultura, lazer, esportes, solidariedade e grandes nomes da m\u00fasica nacional. Shows com Bruno Diegues e P\u00e9ricles s\u00e3o os destaques musicais da semana. O ex-vocalista do Jeito Moleque sobe ao palco no feriado de 1\u00ba de maio no Clube Campestre Metabase, enquanto o sambista P\u00e9ricles encerra a noite de sexta-feira (2) com show no Parque de Exposi\u00e7\u00f5es. (Itabira Not\u00edcias)<\/span><br \/><span><a href=\"https:\/\/itabiranoticia.com.br\/comeca-nesta-segunda-28-a-semana-do-trabalhador-2025-em-itabira-uma-homenagem-aos-80-anos-do-sindicato-metabase\/\">https:\/\/itabiranoticia.com.br\/comeca-nesta-segunda-28-a-semana-do-trabalhador-2025-em-itabira-uma-homenagem-aos-80-anos-do-sindicato-metabase\/<\/a><\/span><\/p>\n<p><strong><span>Manhua\u00e7u debate cafeicultura<\/span><\/strong><br \/><span>Foi realizado em Manhua\u00e7u o 26\u00ba Simp\u00f3sio da Cafeicultura das Matas de Minas. O evento reuniu produtores, especialistas e autoridades para debater os desafios e inova\u00e7\u00f5es do setor cafeeiro na regi\u00e3o. Durante os dois dias de programa\u00e7\u00e3o, o simp\u00f3sio abordou temas como consumo de caf\u00e9, inova\u00e7\u00e3o tecnol\u00f3gica, seguran\u00e7a nas propriedades rurais e a participa\u00e7\u00e3o da juventude e das mulheres na cafeicultura. Um dos destaques foi a montagem de uma passarela com caf\u00e9s especiais da regi\u00e3o, al\u00e9m de um concurso de caf\u00e9 coado. (Di\u00e1rio de Manhua\u00e7u)<\/span><br \/><span><a href=\"https:\/\/diariodemanhuacu.com.br\/aberto-26o-simposio-da-cafeicultura-das-matas-de-minas\/\">https:\/\/diariodemanhuacu.com.br\/aberto-26o-simposio-da-cafeicultura-das-matas-de-minas\/<\/a><\/span><\/p>\n<p><strong><span>Araguari sedia Campeonato de Xadrez<\/span><\/strong><br \/><span>A Prefeitura de Araguari, em parceria com a Funda\u00e7\u00e3o Municipal de Esportes e Paradesporto, vai realizar o Campeonato Internacional de Xadrez 2025. O evento ser\u00e1 realizado entre os dias 5 e 8 de junho, no Gin\u00e1sio Poliesportivo General M\u00e1rio Brum Negreiros. A organiza\u00e7\u00e3o do torneio conta com o apoio da Confedera\u00e7\u00e3o Brasileira de Xadrez (CBX) e \u00e0 Federa\u00e7\u00e3o Internacional de Xadrez (FIDE). O campeonato ser\u00e1 dividido em duas categorias. A primeira \u00e9 a categoria Absoluto, aberta a todos os jogadores que conhecem as regras do jogo. Essa modalidade ter\u00e1 registro na FIDE (ID 415462) e na CBX, com rating FIDE\/CBX Standard, e distribuir\u00e1 uma premia\u00e7\u00e3o total de R$ 30 mil. A segunda \u00e9 a categoria Estudantil, voltada a participantes com menos de 18 anos (nascidos a partir de 2007), sem distin\u00e7\u00e3o de sexo ou g\u00eanero. (Gazeta do Tri\u00e2ngulo \u2013 Araguari)<\/span><br \/><span><a href=\"https:\/\/www.gazetadotriangulo.com.br\/araguari-sedia-campeonato-internacional-de-xadrez-em-junho\/\">https:\/\/www.gazetadotriangulo.com.br\/araguari-sedia-campeonato-internacional-de-xadrez-em-junho\/<\/a><\/span><\/p>\n<p><span><\/span><\/p>\n<p>\u00a0<\/p>","protected":false},"excerpt":{"rendered":"<p>Foto: Pol\u00edcia Federal COLUNA MGPrincipais destaques dos jornais e portais integrantes da rede Sindijori MG www.sindijorimg.com.br Opera\u00e7\u00e3o combate extra\u00e7\u00e3o de ouroNesta sexta-feira (25), a Opera\u00e7\u00e3o Rios Salvos foi deflagrada com o objetivo de combater a extra\u00e7\u00e3o ilegal de ouro nos rios das Mortes e Grande, nas regi\u00f5es de Tiradentes e S\u00e3o Jo\u00e3o del-Rei, em Minas [&hellip;]<\/p>\n","protected":false},"author":0,"featured_media":29570,"comment_status":"open","ping_status":"open","sticky":false,"template":"","format":"standard","meta":{"rop_custom_images_group":[],"rop_custom_messages_group":[],"rop_publish_now":"initial","rop_publish_now_accounts":[],"rop_publish_now_history":[],"rop_publish_now_status":"pending","footnotes":""},"categories":[6745],"tags":[],"class_list":["post-29569","post","type-post","status-publish","format-standard","has-post-thumbnail","hentry","category-coluna-sindijori"],"_links":{"self":[{"href":"https:\/\/diariotribuna.com.br\/index.php?rest_route=\/wp\/v2\/posts\/29569"}],"collection":[{"href":"https:\/\/diariotribuna.com.br\/index.php?rest_route=\/wp\/v2\/posts"}],"about":[{"href":"https:\/\/diariotribuna.com.br\/index.php?rest_route=\/wp\/v2\/types\/post"}],"replies":[{"embeddable":true,"href":"https:\/\/diariotribuna.com.br\/index.php?rest_route=%2Fwp%2Fv2%2Fcomments&post=29569"}],"version-history":[{"count":0,"href":"https:\/\/diariotribuna.com.br\/index.php?rest_route=\/wp\/v2\/posts\/29569\/revisions"}],"wp:featuredmedia":[{"embeddable":true,"href":"https:\/\/diariotribuna.com.br\/index.php?rest_route=\/wp\/v2\/media\/29570"}],"wp:attachment":[{"href":"https:\/\/diariotribuna.com.br\/index.php?rest_route=%2Fwp%2Fv2%2Fmedia&parent=29569"}],"wp:term":[{"taxonomy":"category","embeddable":true,"href":"https:\/\/diariotribuna.com.br\/index.php?rest_route=%2Fwp%2Fv2%2Fcategories&post=29569"},{"taxonomy":"post_tag","embeddable":true,"href":"https:\/\/diariotribuna.com.br\/index.php?rest_route=%2Fwp%2Fv2%2Ftags&post=29569"}],"curies":[{"name":"wp","href":"https:\/\/api.w.org\/{rel}","templated":true}]}}