{"id":29571,"date":"2025-04-26T22:33:22","date_gmt":"2025-04-27T01:33:22","guid":{"rendered":"https:\/\/diariotribuna.com.br\/?p=29571"},"modified":"2025-04-28T23:49:50","modified_gmt":"2025-04-29T02:49:50","slug":"cbmmg-em-parceira-com-o-ief-abre-280-vagas-para-brigadistas-florestais-temporarios","status":"publish","type":"post","link":"https:\/\/diariotribuna.com.br\/?p=29571","title":{"rendered":"CBMMG em parceira com o IEF abre 280 vagas para Brigadistas Florestais Tempor\u00e1rios"},"content":{"rendered":"\n<figure class=\"wp-block-image size-full is-resized\"><img loading=\"lazy\" decoding=\"async\" width=\"700\" height=\"424\" src=\"https:\/\/diariotribuna.com.br\/wp-content\/uploads\/2025\/04\/17454202834.jpg\" alt=\"\" class=\"wp-image-29572\" style=\"width:487px;height:auto\" srcset=\"https:\/\/diariotribuna.com.br\/wp-content\/uploads\/2025\/04\/17454202834.jpg 700w, https:\/\/diariotribuna.com.br\/wp-content\/uploads\/2025\/04\/17454202834-300x182.jpg 300w, https:\/\/diariotribuna.com.br\/wp-content\/uploads\/2025\/04\/17454202834-696x422.jpg 696w, https:\/\/diariotribuna.com.br\/wp-content\/uploads\/2025\/04\/17454202834-693x420.jpg 693w\" sizes=\"(max-width: 700px) 100vw, 700px\" \/><\/figure>\n\n\n\n<p>O Corpo de Bombeiros Militar de Minas Gerais (CBMMG) lan\u00e7ou o Edital n\u00ba 10\/2025 para contrata\u00e7\u00e3o tempor\u00e1ria de 280 brigadistas florestais, com atua\u00e7\u00e3o direta na preven\u00e7\u00e3o e combate a inc\u00eandios florestais em diversas Unidades de Conserva\u00e7\u00e3o do estado, por meio da For\u00e7a-Tarefa Previnc\u00eandio.<\/p>\n\n\n\n<p><strong>Inscri\u00e7\u00f5es gratuitas:<\/strong> de 17 a 28 de abril de 2025. <strong>Etapas: <\/strong>Teste de Aptid\u00e3o F\u00edsica e An\u00e1lise Curricular. <strong>Remunera\u00e7\u00e3o: <\/strong>R$ 1.518,00 + adicional de periculosidade de R$ 455,40 + aux\u00edlio-refei\u00e7\u00e3o e transporte por dia trabalhado, a depender do munic\u00edpio.<strong> Dura\u00e7\u00e3o do contrato: <\/strong>4 meses. Escolaridade m\u00ednima: Ensino fundamental incompleto.<\/p>\n\n\n\n<p>As atividades incluem patrulhamento, manejo do fogo, combate direto aos inc\u00eandios e a\u00e7\u00f5es educativas com a comunidade. Se voc\u00ea tem entre 18 e 59 anos, boa condi\u00e7\u00e3o f\u00edsica e quer fazer a diferen\u00e7a protegendo nossas matas e biomas, essa \u00e9 a sua chance!<\/p>\n\n\n\n<p>A atua\u00e7\u00e3o ser\u00e1 distribu\u00edda em diversas Unidades de Conserva\u00e7\u00e3o. Veja todos os detalhes e locais no edital completo. Acesse o edital e inscreva-se: bombeiros.mg.gov.br\/brigadistaflorestal. D\u00favidas? Escreva para: <a href=\"mailto:brigadistaflorestal@bombeiros.mg.gov.br\">brigadistaflorestal@bombeiros.mg.gov.br<\/a>. Junte-se \u00e0 linha de frente pela preserva\u00e7\u00e3o ambiental. Seja um Brigadista Florestal 2025! (Informa\u00e7\u00f5es\/Foto: CBMMG).<\/p>\n","protected":false},"excerpt":{"rendered":"<p>O Corpo de Bombeiros Militar de Minas Gerais (CBMMG) lan\u00e7ou o Edital n\u00ba 10\/2025 para contrata\u00e7\u00e3o tempor\u00e1ria de 280 brigadistas florestais, com atua\u00e7\u00e3o direta na preven\u00e7\u00e3o e combate a inc\u00eandios florestais em diversas Unidades de Conserva\u00e7\u00e3o do estado, por meio da For\u00e7a-Tarefa Previnc\u00eandio. Inscri\u00e7\u00f5es gratuitas: de 17 a 28 de abril de 2025. Etapas: Teste [&hellip;]<\/p>\n","protected":false},"author":1,"featured_media":29572,"comment_status":"open","ping_status":"open","sticky":false,"template":"","format":"standard","meta":{"rop_custom_images_group":[],"rop_custom_messages_group":[],"rop_publish_now":"initial","rop_publish_now_accounts":[],"rop_publish_now_history":[],"rop_publish_now_status":"pending","footnotes":""},"categories":[19],"tags":[6896,7116,7115,789,7117],"class_list":["post-29571","post","type-post","status-publish","format-standard","has-post-thumbnail","hentry","category-gerais","tag-6896","tag-brigadistas-floestais","tag-cbmmg","tag-concurso","tag-ief"],"_links":{"self":[{"href":"https:\/\/diariotribuna.com.br\/index.php?rest_route=\/wp\/v2\/posts\/29571"}],"collection":[{"href":"https:\/\/diariotribuna.com.br\/index.php?rest_route=\/wp\/v2\/posts"}],"about":[{"href":"https:\/\/diariotribuna.com.br\/index.php?rest_route=\/wp\/v2\/types\/post"}],"author":[{"embeddable":true,"href":"https:\/\/diariotribuna.com.br\/index.php?rest_route=\/wp\/v2\/users\/1"}],"replies":[{"embeddable":true,"href":"https:\/\/diariotribuna.com.br\/index.php?rest_route=%2Fwp%2Fv2%2Fcomments&post=29571"}],"version-history":[{"count":2,"href":"https:\/\/diariotribuna.com.br\/index.php?rest_route=\/wp\/v2\/posts\/29571\/revisions"}],"predecessor-version":[{"id":29574,"href":"https:\/\/diariotribuna.com.br\/index.php?rest_route=\/wp\/v2\/posts\/29571\/revisions\/29574"}],"wp:featuredmedia":[{"embeddable":true,"href":"https:\/\/diariotribuna.com.br\/index.php?rest_route=\/wp\/v2\/media\/29572"}],"wp:attachment":[{"href":"https:\/\/diariotribuna.com.br\/index.php?rest_route=%2Fwp%2Fv2%2Fmedia&parent=29571"}],"wp:term":[{"taxonomy":"category","embeddable":true,"href":"https:\/\/diariotribuna.com.br\/index.php?rest_route=%2Fwp%2Fv2%2Fcategories&post=29571"},{"taxonomy":"post_tag","embeddable":true,"href":"https:\/\/diariotribuna.com.br\/index.php?rest_route=%2Fwp%2Fv2%2Ftags&post=29571"}],"curies":[{"name":"wp","href":"https:\/\/api.w.org\/{rel}","templated":true}]}}