{"id":29592,"date":"2025-04-27T22:41:55","date_gmt":"2025-04-28T01:41:55","guid":{"rendered":"https:\/\/diariotribuna.com.br\/?p=29592"},"modified":"2025-05-02T20:35:06","modified_gmt":"2025-05-02T23:35:06","slug":"pm-ambiental-prende-homem-com-moto-adulterada-armas-de-fogo-e-passaros","status":"publish","type":"post","link":"https:\/\/diariotribuna.com.br\/?p=29592","title":{"rendered":"PM Ambiental prende homem com moto adulterada, armas de fogo e p\u00e1ssaros"},"content":{"rendered":"\n<figure class=\"wp-block-image size-full is-resized\"><img loading=\"lazy\" decoding=\"async\" width=\"700\" height=\"414\" src=\"https:\/\/diariotribuna.com.br\/wp-content\/uploads\/2025\/04\/Imagem-do-WhatsApp-de-2025-04-26-as-12.29.15_1f38fc09.jpg\" alt=\"\" class=\"wp-image-29593\" style=\"width:453px;height:auto\" srcset=\"https:\/\/diariotribuna.com.br\/wp-content\/uploads\/2025\/04\/Imagem-do-WhatsApp-de-2025-04-26-as-12.29.15_1f38fc09.jpg 700w, https:\/\/diariotribuna.com.br\/wp-content\/uploads\/2025\/04\/Imagem-do-WhatsApp-de-2025-04-26-as-12.29.15_1f38fc09-300x177.jpg 300w, https:\/\/diariotribuna.com.br\/wp-content\/uploads\/2025\/04\/Imagem-do-WhatsApp-de-2025-04-26-as-12.29.15_1f38fc09-696x412.jpg 696w\" sizes=\"(max-width: 700px) 100vw, 700px\" \/><\/figure>\n\n\n\n<p><strong>JEQUITINHONHA &#8211;<\/strong> A Pol\u00edcia Militar do Meio Ambiente fazia patrulhamento na Reserva Biol\u00f3gica da Mata Escura, em Jequitinhonha, na noite de sexta-feira (25\/4), quando os militares abordaram o condutor de uma motocicleta e ap\u00f3s verifica\u00e7\u00e3o constataram que o chassi estava suprimido e a placa pertencia a outro ve\u00edculo. Os militares foram at\u00e9 a resid\u00eancia dele, onde localizaram diversas aves em cativeiro ilegal, 1 arma de fogo e suprimentos para ca\u00e7a.<\/p>\n\n\n\n<p>Ele informou aos policiais que seu irm\u00e3o tamb\u00e9m possu\u00eda armas e p\u00e1ssaros, e a equipe ainda apreendeu mais uma arma de fogo e p\u00e1ssaros em cativeiro ilegal. O condutor foi preso em flagrante e conduzido \u00e0 delegacia de Pol\u00edcia Civil em Almenara, junto com os materiais apreendidos: 9 gaiolas e 1 viveiro, al\u00e9m do ve\u00edculo e 13 aves, para os procedimentos de pol\u00edcia judici\u00e1ria.<\/p>\n\n\n\n<figure class=\"wp-block-gallery has-nested-images columns-default is-cropped wp-block-gallery-1 is-layout-flex wp-block-gallery-is-layout-flex\">\n<figure class=\"wp-block-image size-large\"><img loading=\"lazy\" decoding=\"async\" width=\"700\" height=\"394\" data-id=\"29595\" src=\"https:\/\/diariotribuna.com.br\/wp-content\/uploads\/2025\/04\/Imagem-do-WhatsApp-de-2025-04-26-as-12.29.16_308dee55.jpg\" alt=\"\" class=\"wp-image-29595\" srcset=\"https:\/\/diariotribuna.com.br\/wp-content\/uploads\/2025\/04\/Imagem-do-WhatsApp-de-2025-04-26-as-12.29.16_308dee55.jpg 700w, https:\/\/diariotribuna.com.br\/wp-content\/uploads\/2025\/04\/Imagem-do-WhatsApp-de-2025-04-26-as-12.29.16_308dee55-300x169.jpg 300w, https:\/\/diariotribuna.com.br\/wp-content\/uploads\/2025\/04\/Imagem-do-WhatsApp-de-2025-04-26-as-12.29.16_308dee55-696x392.jpg 696w\" sizes=\"(max-width: 700px) 100vw, 700px\" \/><\/figure>\n\n\n\n<figure class=\"wp-block-image size-large\"><img loading=\"lazy\" decoding=\"async\" width=\"700\" height=\"407\" data-id=\"29594\" src=\"https:\/\/diariotribuna.com.br\/wp-content\/uploads\/2025\/04\/Imagem-do-WhatsApp-de-2025-04-26-as-12.29.16_c1977121.jpg\" alt=\"\" class=\"wp-image-29594\" srcset=\"https:\/\/diariotribuna.com.br\/wp-content\/uploads\/2025\/04\/Imagem-do-WhatsApp-de-2025-04-26-as-12.29.16_c1977121.jpg 700w, https:\/\/diariotribuna.com.br\/wp-content\/uploads\/2025\/04\/Imagem-do-WhatsApp-de-2025-04-26-as-12.29.16_c1977121-300x174.jpg 300w, https:\/\/diariotribuna.com.br\/wp-content\/uploads\/2025\/04\/Imagem-do-WhatsApp-de-2025-04-26-as-12.29.16_c1977121-696x405.jpg 696w\" sizes=\"(max-width: 700px) 100vw, 700px\" \/><\/figure>\n<\/figure>\n\n\n\n<p>Foi aplicada contra ele uma multa no valor de R$ 41.482,50. <strong>Equipe 1:<\/strong> Comando 5\u00ba Pelot\u00e3o da 3\u00aa Cia: tenente Heberth Dias, sargentos Zuville, Colares e Fernandes. <strong>Equipe 2:<\/strong> 1\u00ba Grupamento do 5\u00ba Pelot\u00e3o da 3\u00aa Cia: sargentos Avilmar, J\u00fania, Adaelson e Martins. (Informa\u00e7\u00f5es\/Fotos: tenente Heberth Dias, comandante da Pol\u00edcia Militar do Meio Ambiente do Vale do Jequitinhonha).<\/p>\n","protected":false},"excerpt":{"rendered":"<p>JEQUITINHONHA &#8211; A Pol\u00edcia Militar do Meio Ambiente fazia patrulhamento na Reserva Biol\u00f3gica da Mata Escura, em Jequitinhonha, na noite de sexta-feira (25\/4), quando os militares abordaram o condutor de uma motocicleta e ap\u00f3s verifica\u00e7\u00e3o constataram que o chassi estava suprimido e a placa pertencia a outro ve\u00edculo. Os militares foram at\u00e9 a resid\u00eancia dele, [&hellip;]<\/p>\n","protected":false},"author":1,"featured_media":29593,"comment_status":"open","ping_status":"open","sticky":false,"template":"","format":"standard","meta":{"rop_custom_images_group":[],"rop_custom_messages_group":[],"rop_publish_now":"initial","rop_publish_now_accounts":[],"rop_publish_now_history":[],"rop_publish_now_status":"pending","footnotes":""},"categories":[20],"tags":[376,297,190,949,6459,2484],"class_list":["post-29592","post","type-post","status-publish","format-standard","has-post-thumbnail","hentry","category-policia","tag-armas-de-fogo","tag-jequitinhonha","tag-moto","tag-passaros","tag-pm-meio-ambiente","tag-um-preso"],"_links":{"self":[{"href":"https:\/\/diariotribuna.com.br\/index.php?rest_route=\/wp\/v2\/posts\/29592"}],"collection":[{"href":"https:\/\/diariotribuna.com.br\/index.php?rest_route=\/wp\/v2\/posts"}],"about":[{"href":"https:\/\/diariotribuna.com.br\/index.php?rest_route=\/wp\/v2\/types\/post"}],"author":[{"embeddable":true,"href":"https:\/\/diariotribuna.com.br\/index.php?rest_route=\/wp\/v2\/users\/1"}],"replies":[{"embeddable":true,"href":"https:\/\/diariotribuna.com.br\/index.php?rest_route=%2Fwp%2Fv2%2Fcomments&post=29592"}],"version-history":[{"count":1,"href":"https:\/\/diariotribuna.com.br\/index.php?rest_route=\/wp\/v2\/posts\/29592\/revisions"}],"predecessor-version":[{"id":29596,"href":"https:\/\/diariotribuna.com.br\/index.php?rest_route=\/wp\/v2\/posts\/29592\/revisions\/29596"}],"wp:featuredmedia":[{"embeddable":true,"href":"https:\/\/diariotribuna.com.br\/index.php?rest_route=\/wp\/v2\/media\/29593"}],"wp:attachment":[{"href":"https:\/\/diariotribuna.com.br\/index.php?rest_route=%2Fwp%2Fv2%2Fmedia&parent=29592"}],"wp:term":[{"taxonomy":"category","embeddable":true,"href":"https:\/\/diariotribuna.com.br\/index.php?rest_route=%2Fwp%2Fv2%2Fcategories&post=29592"},{"taxonomy":"post_tag","embeddable":true,"href":"https:\/\/diariotribuna.com.br\/index.php?rest_route=%2Fwp%2Fv2%2Ftags&post=29592"}],"curies":[{"name":"wp","href":"https:\/\/api.w.org\/{rel}","templated":true}]}}