{"id":29597,"date":"2025-04-28T12:05:59","date_gmt":"2025-04-28T15:05:59","guid":{"rendered":"https:\/\/diariotribuna.com.br\/?p=29597"},"modified":"2025-04-28T12:05:59","modified_gmt":"2025-04-28T15:05:59","slug":"expozebu-com-cifras-expressivas","status":"publish","type":"post","link":"https:\/\/diariotribuna.com.br\/?p=29597","title":{"rendered":"ExpoZebu com cifras expressivas\u00a0"},"content":{"rendered":"<p><em><span>Foto: Divulga\u00e7\u00e3o ABCZ<\/span><\/em><\/p>\n<p><strong><span>COLUNA MG<\/span><\/strong><br \/><span>Principais destaques dos jornais e portais integrantes da rede Sindijori MG <\/span><br \/><span><a href=\"http:\/\/www.sindijorimg.com.br\/\">www.sindijorimg.com.br<\/a><\/span><\/p>\n<p><strong><span>ExpoZebu com cifras expressivas<\/span><\/strong><br \/><span>A 90\u00aa ExpoZebu segue movimentando cifras expressivas em Uberaba. Os primeiros leil\u00f5es realizados durante a feira j\u00e1 somam R$ 9,58 milh\u00f5es em neg\u00f3cios, conforme balan\u00e7o atualizado da Associa\u00e7\u00e3o Brasileira dos Criadores de Zebu (ABCZ). Somente na quinta-feira (25), dois eventos puxaram o crescimento dessa arrecada\u00e7\u00e3o: o 5\u00ba Leil\u00e3o Diamantino Vit\u00f3ria, que negociou 29 animais da ra\u00e7a Nelore, gerando R$ 3,25 milh\u00f5es em vendas, e o Leil\u00e3o Tradi\u00e7\u00e3o MAAB &amp; Ibiza, que ofertou 23 exemplares da mesma ra\u00e7a, movimentando R$ 2,58 milh\u00f5es. Em ambos os casos, a m\u00e9dia de pre\u00e7os superou os R$ 112 mil por animal. (Jornal da Manh\u00e3 \u2013 Uberaba)<\/span><br \/><span><a href=\"https:\/\/jmonline.com.br\/cidade\/expozebu-2025-leil-es-ja-contabilizam-renda-superior-a-r-9-5-milh-es-em-uberaba-1.496336\">https:\/\/jmonline.com.br\/cidade\/expozebu-2025-leil-es-ja-contabilizam-renda-superior-a-r-9-5-milh-es-em-uberaba-1.496336<\/a><\/span><\/p>\n<p><strong><span>Sabar\u00e1 inicia Plano de A\u00e7\u00e3o<\/span><\/strong><br \/><span>Sabar\u00e1 iniciou a constru\u00e7\u00e3o coletiva do Plano de A\u00e7\u00e3o da Pol\u00edtica Nacional Aldir Blanc (PNAB) 2025 com uma s\u00e9rie de encontros descentralizados, buscando a participa\u00e7\u00e3o ativa dos agentes culturais locais. O objetivo \u00e9 reunir sugest\u00f5es, cr\u00edticas e ideias para desenvolver um plano que reflita a diversidade e as necessidades culturais da cidade. As reuni\u00f5es, que ocorrer\u00e3o em diferentes regi\u00f5es de Sabar\u00e1, t\u00eam como base uma proposta inicial elaborada com estudos t\u00e9cnicos, e buscam ouvir as contribui\u00e7\u00f5es dos envolvidos no dia a dia da cultura sabarense. (Folha de Sabar\u00e1)<\/span><br \/><span><a href=\"https:\/\/folhadesabara.com.br\/noticia\/44645\/sabara-inicia-construcao-coletiva-do-plano-de-acao-da-pnab-2025-com-encontros-descentralizados\">https:\/\/folhadesabara.com.br\/noticia\/44645\/sabara-inicia-construcao-coletiva-do-plano-de-acao-da-pnab-2025-com-encontros-descentralizados<\/a><\/span><\/p>\n<p><strong><span>Festival de Cultura e Cozinha<\/span><\/strong><br \/><span>A 9\u00aa edi\u00e7\u00e3o do Festival de Cultura e Cozinha Mineira do Cerrado foi oficialmente lan\u00e7ada em Patroc\u00ednio, com a presen\u00e7a de autoridades e representantes locais. O evento ocorrer\u00e1 entre os dias 24 e 27 de julho no Espa\u00e7o Cultural de Patroc\u00ednio e promete atrair mais de 40 mil pessoas. A programa\u00e7\u00e3o inclui grandes atra\u00e7\u00f5es musicais, como Flausino e Sideral, Zeca Baleiro, Paulo Miklos, DZ6 e Biquini Cavad\u00e3o. Al\u00e9m disso, o festival contar\u00e1 com 19 restaurantes locais e diversas atividades culturais, incluindo dan\u00e7a, artes c\u00eanicas e um Espa\u00e7o Kids para o p\u00fablico infantil. (Jornal de Patroc\u00ednio)<\/span><br \/><span><a href=\"https:\/\/www.jornaldepatrocinio.com\/acipcdl-lancam-9a-edicao-do-festival-de-cultura-e-cozinha-mineira-do-cerrado\">https:\/\/www.jornaldepatrocinio.com\/acipcdl-lancam-9a-edicao-do-festival-de-cultura-e-cozinha-mineira-do-cerrado<\/a><\/span><\/p>\n<p><strong><span>Divinopolitano exp\u00f5e no Louvre<\/span><\/strong><br \/><span>O artista pl\u00e1stico divinopolitano Oliver Mour\u00e3o est\u00e1 marcando presen\u00e7a na prestigiada Art Shopping, realizada no Carrousel du Louvre, em Paris, uma das principais feiras de arte contempor\u00e2nea da Europa. Ele representa a arte mineira e do Centro-Oeste ao expor nove de suas obras ao lado de artistas renomados, como Paul Freud, neto de Sigmund Freud, o famoso pai da psican\u00e1lise. Mour\u00e3o, que j\u00e1 se apresentou em locais ic\u00f4nicos como Londres, Nova Iorque e Ibiza, considera essa exposi\u00e7\u00e3o um marco em sua carreira. (Folha Povo Ita\u00fana)<\/span><br \/><span><a href=\"https:\/\/www.folhapovoitauna.com.br\/divinopolitano-expoe-no-louvre-em-paris\">https:\/\/www.folhapovoitauna.com.br\/divinopolitano-expoe-no-louvre-em-paris<\/a><\/span><\/p>\n<p><strong><span>Arax\u00e1 realiza a\u00e7\u00e3o de preven\u00e7\u00e3o<\/span><\/strong><br \/><span>A Prefeitura de Arax\u00e1, em parceria com o Instituto de Preven\u00e7\u00e3o de Patroc\u00ednio \u2013 Hospital de Amor, realizar\u00e1 uma a\u00e7\u00e3o de preven\u00e7\u00e3o ao c\u00e2ncer de mama entre os dias 5 e 9 de maio, oferecendo 216 mamografias gratuitas para mulheres de 40 a 49 anos. O agendamento deve ser feito at\u00e9 28 de abril nas unidades da Estrat\u00e9gia de Sa\u00fade da Fam\u00edlia (ESF). A a\u00e7\u00e3o visa a detec\u00e7\u00e3o precoce da doen\u00e7a, mesmo para mulheres fora do grupo priorit\u00e1rio definido pelo Minist\u00e9rio da Sa\u00fade, devido ao aumento dos casos. (Clarim.Net \u2013 Arax\u00e1)<\/span><br \/><span><a href=\"https:\/\/clarim.net.br\/araxa-realiza-acao-de-prevencao-ao-cancer-de-mama-com-oferta-de-216-mamografias\/\">https:\/\/clarim.net.br\/araxa-realiza-acao-de-prevencao-ao-cancer-de-mama-com-oferta-de-216-mamografias\/<\/a><\/span><\/p>\n<p><strong><span>Unifal oficializa pol\u00edtica<\/span><\/strong><br \/><span>A Universidade Federal de Alfenas (Unifal-MG) oficializou, no dia 14 de abril, sua Pol\u00edtica Institucional de Cultura, em evento realizado no Museu da Mem\u00f3ria e Patrim\u00f4nio. A cerim\u00f4nia marcou a assinatura da Resolu\u00e7\u00e3o n\u00ba 90, de 22 de outubro de 2024, aprovada pelo Conselho de Ensino, Pesquisa e Extens\u00e3o (Cepe), que estabelece as diretrizes para a atua\u00e7\u00e3o cultural da universidade. Durante o evento, o reitor Prof. Sandro Amadeu Cerveira destacou que, embora a cria\u00e7\u00e3o de uma pol\u00edtica cultural seja um passo fundamental, \u00e9 necess\u00e1rio ir al\u00e9m: investir, refletir e valorizar a cultura como parte essencial da condi\u00e7\u00e3o humana. \u201cSem cultura, n\u00e3o somos humanos. Ela nos conecta com nossa identidade e humanidade\u201d, afirmou. (Gazeta de Varginha)<\/span><br \/><span><a href=\"https:\/\/www.gazetadevarginha.com.br\/post\/unifal-mg-oficializa-pol%C3%ADtica-de-cultura-e-refor%C3%A7a-a-perspectiva-inclusiva-e-de-democratiza%C3%A7%C3%A3o-do-ac\">https:\/\/www.gazetadevarginha.com.br\/post\/unifal-mg-oficializa-pol%C3%ADtica-de-cultura-e-refor%C3%A7a-a-perspectiva-inclusiva-e-de-democratiza%C3%A7%C3%A3o-do-ac<\/a><\/span><\/p>\n<p><span><\/span><\/p>\n<p>\u00a0<\/p>","protected":false},"excerpt":{"rendered":"<p>Foto: Divulga\u00e7\u00e3o ABCZ COLUNA MGPrincipais destaques dos jornais e portais integrantes da rede Sindijori MG www.sindijorimg.com.br ExpoZebu com cifras expressivasA 90\u00aa ExpoZebu segue movimentando cifras expressivas em Uberaba. Os primeiros leil\u00f5es realizados durante a feira j\u00e1 somam R$ 9,58 milh\u00f5es em neg\u00f3cios, conforme balan\u00e7o atualizado da Associa\u00e7\u00e3o Brasileira dos Criadores de Zebu (ABCZ). Somente na [&hellip;]<\/p>\n","protected":false},"author":0,"featured_media":29598,"comment_status":"open","ping_status":"open","sticky":false,"template":"","format":"standard","meta":{"rop_custom_images_group":[],"rop_custom_messages_group":[],"rop_publish_now":"initial","rop_publish_now_accounts":[],"rop_publish_now_history":[],"rop_publish_now_status":"pending","footnotes":""},"categories":[6745],"tags":[],"class_list":["post-29597","post","type-post","status-publish","format-standard","has-post-thumbnail","hentry","category-coluna-sindijori"],"_links":{"self":[{"href":"https:\/\/diariotribuna.com.br\/index.php?rest_route=\/wp\/v2\/posts\/29597"}],"collection":[{"href":"https:\/\/diariotribuna.com.br\/index.php?rest_route=\/wp\/v2\/posts"}],"about":[{"href":"https:\/\/diariotribuna.com.br\/index.php?rest_route=\/wp\/v2\/types\/post"}],"replies":[{"embeddable":true,"href":"https:\/\/diariotribuna.com.br\/index.php?rest_route=%2Fwp%2Fv2%2Fcomments&post=29597"}],"version-history":[{"count":0,"href":"https:\/\/diariotribuna.com.br\/index.php?rest_route=\/wp\/v2\/posts\/29597\/revisions"}],"wp:featuredmedia":[{"embeddable":true,"href":"https:\/\/diariotribuna.com.br\/index.php?rest_route=\/wp\/v2\/media\/29598"}],"wp:attachment":[{"href":"https:\/\/diariotribuna.com.br\/index.php?rest_route=%2Fwp%2Fv2%2Fmedia&parent=29597"}],"wp:term":[{"taxonomy":"category","embeddable":true,"href":"https:\/\/diariotribuna.com.br\/index.php?rest_route=%2Fwp%2Fv2%2Fcategories&post=29597"},{"taxonomy":"post_tag","embeddable":true,"href":"https:\/\/diariotribuna.com.br\/index.php?rest_route=%2Fwp%2Fv2%2Ftags&post=29597"}],"curies":[{"name":"wp","href":"https:\/\/api.w.org\/{rel}","templated":true}]}}