{"id":29614,"date":"2025-04-29T00:42:27","date_gmt":"2025-04-29T03:42:27","guid":{"rendered":"https:\/\/diariotribuna.com.br\/?p=29614"},"modified":"2025-04-29T00:52:13","modified_gmt":"2025-04-29T03:52:13","slug":"prf-registra-grave-acidente-envolvendo-quatro-veiculos-na-br-116","status":"publish","type":"post","link":"https:\/\/diariotribuna.com.br\/?p=29614","title":{"rendered":"PRF registra grave acidente envolvendo quatro ve\u00edculos na BR 116"},"content":{"rendered":"\n<figure class=\"wp-block-image size-full is-resized\"><img loading=\"lazy\" decoding=\"async\" width=\"700\" height=\"360\" src=\"https:\/\/diariotribuna.com.br\/wp-content\/uploads\/2025\/04\/Imagem-do-WhatsApp-de-2025-04-28-as-17.53.08_abb6173d.jpg\" alt=\"\" class=\"wp-image-29615\" style=\"width:548px;height:auto\" srcset=\"https:\/\/diariotribuna.com.br\/wp-content\/uploads\/2025\/04\/Imagem-do-WhatsApp-de-2025-04-28-as-17.53.08_abb6173d.jpg 700w, https:\/\/diariotribuna.com.br\/wp-content\/uploads\/2025\/04\/Imagem-do-WhatsApp-de-2025-04-28-as-17.53.08_abb6173d-300x154.jpg 300w, https:\/\/diariotribuna.com.br\/wp-content\/uploads\/2025\/04\/Imagem-do-WhatsApp-de-2025-04-28-as-17.53.08_abb6173d-696x358.jpg 696w\" sizes=\"(max-width: 700px) 100vw, 700px\" \/><\/figure>\n\n\n\n<p><strong>ITAMBACURI \u2013<\/strong> A Pol\u00edcia Rodovi\u00e1ria Federal foi acionada na manh\u00e3 desta segunda-feira (28\/4) para atender uma ocorr\u00eancia de acidente de tr\u00e2nsito, no Km 322.3 da BR-116, em Itambacuri. No local, os policiais depararam com um acidente envolvendo quatro ve\u00edculos, sendo tr\u00eas autom\u00f3veis e uma motocicleta. Devido a din\u00e2mica do acidente, houve v\u00edtimas presas \u00e0s ferragens, que foram socorridas por equipes do Corpo de Bombeiros e do Samu.<\/p>\n\n\n\n<p>Segundo a PRF, ao todo foram verificadas 13 pessoas envolvidas: 3 estavam ilesas e 10 entre les\u00f5es leves e graves. Entre os envolvidos havia 4 crian\u00e7as, sendo uma delas um beb\u00ea de apenas 11 meses, que felizmente n\u00e3o se feriu. \u201cA princ\u00edpio houve uma colis\u00e3o traseira seguida de colis\u00e3o frontal com sa\u00edda de leito carro\u00e7\u00e1vel\u201d, informou o inspetor Fabiano Santana.<\/p>\n\n\n\n<figure class=\"wp-block-gallery has-nested-images columns-default is-cropped wp-block-gallery-1 is-layout-flex wp-block-gallery-is-layout-flex\">\n<figure class=\"wp-block-image size-large\"><img loading=\"lazy\" decoding=\"async\" width=\"700\" height=\"373\" data-id=\"29616\" src=\"https:\/\/diariotribuna.com.br\/wp-content\/uploads\/2025\/04\/Imagem-do-WhatsApp-de-2025-04-28-as-17.53.08_8c6dee79.jpg\" alt=\"\" class=\"wp-image-29616\" srcset=\"https:\/\/diariotribuna.com.br\/wp-content\/uploads\/2025\/04\/Imagem-do-WhatsApp-de-2025-04-28-as-17.53.08_8c6dee79.jpg 700w, https:\/\/diariotribuna.com.br\/wp-content\/uploads\/2025\/04\/Imagem-do-WhatsApp-de-2025-04-28-as-17.53.08_8c6dee79-300x160.jpg 300w, https:\/\/diariotribuna.com.br\/wp-content\/uploads\/2025\/04\/Imagem-do-WhatsApp-de-2025-04-28-as-17.53.08_8c6dee79-696x371.jpg 696w\" sizes=\"(max-width: 700px) 100vw, 700px\" \/><\/figure>\n\n\n\n<figure class=\"wp-block-image size-large\"><img loading=\"lazy\" decoding=\"async\" width=\"700\" height=\"350\" data-id=\"29617\" src=\"https:\/\/diariotribuna.com.br\/wp-content\/uploads\/2025\/04\/Imagem-do-WhatsApp-de-2025-04-28-as-17.53.08_19126c31.jpg\" alt=\"\" class=\"wp-image-29617\" srcset=\"https:\/\/diariotribuna.com.br\/wp-content\/uploads\/2025\/04\/Imagem-do-WhatsApp-de-2025-04-28-as-17.53.08_19126c31.jpg 700w, https:\/\/diariotribuna.com.br\/wp-content\/uploads\/2025\/04\/Imagem-do-WhatsApp-de-2025-04-28-as-17.53.08_19126c31-300x150.jpg 300w, https:\/\/diariotribuna.com.br\/wp-content\/uploads\/2025\/04\/Imagem-do-WhatsApp-de-2025-04-28-as-17.53.08_19126c31-696x348.jpg 696w\" sizes=\"(max-width: 700px) 100vw, 700px\" \/><\/figure>\n<\/figure>\n\n\n\n<p>A din\u00e2mica dos fatos est\u00e1 sendo apurada pela PRF para confec\u00e7\u00e3o do Laudo Pericial de Sinistro de Tr\u00e2nsito (LPST). O tr\u00e2nsito no local ficou interditado em ambos os sentidos por mais de 2 horas para os trabalhos de resgate das v\u00edtimas, remo\u00e7\u00e3o dos ve\u00edculos e limpeza da pista. As v\u00edtimas foram encaminhadas para o Hospital Santa Ros\u00e1lia, em Te\u00f3filo Otoni. N\u00e3o foi informado sobre identifica\u00e7\u00e3o das v\u00edtimas. (<strong>Informa\u00e7\u00f5es\/ Fotos: PRF, Te\u00f3filo Otoni<\/strong>).<\/p>\n","protected":false},"excerpt":{"rendered":"<p>ITAMBACURI \u2013 A Pol\u00edcia Rodovi\u00e1ria Federal foi acionada na manh\u00e3 desta segunda-feira (28\/4) para atender uma ocorr\u00eancia de acidente de tr\u00e2nsito, no Km 322.3 da BR-116, em Itambacuri. No local, os policiais depararam com um acidente envolvendo quatro ve\u00edculos, sendo tr\u00eas autom\u00f3veis e uma motocicleta. Devido a din\u00e2mica do acidente, houve v\u00edtimas presas \u00e0s ferragens, [&hellip;]<\/p>\n","protected":false},"author":1,"featured_media":29615,"comment_status":"open","ping_status":"open","sticky":false,"template":"","format":"standard","meta":{"rop_custom_images_group":[],"rop_custom_messages_group":[],"rop_publish_now":"initial","rop_publish_now_accounts":[],"rop_publish_now_history":[],"rop_publish_now_status":"pending","footnotes":""},"categories":[25,18],"tags":[7125,1382,6176,96,3798],"class_list":["post-29614","post","type-post","status-publish","format-standard","has-post-thumbnail","hentry","category-destaque","category-regiao","tag-acidente-4-veiculo","tag-br-116-2","tag-ferimentos","tag-itambacuri","tag-prf-teofilo-otoni"],"_links":{"self":[{"href":"https:\/\/diariotribuna.com.br\/index.php?rest_route=\/wp\/v2\/posts\/29614"}],"collection":[{"href":"https:\/\/diariotribuna.com.br\/index.php?rest_route=\/wp\/v2\/posts"}],"about":[{"href":"https:\/\/diariotribuna.com.br\/index.php?rest_route=\/wp\/v2\/types\/post"}],"author":[{"embeddable":true,"href":"https:\/\/diariotribuna.com.br\/index.php?rest_route=\/wp\/v2\/users\/1"}],"replies":[{"embeddable":true,"href":"https:\/\/diariotribuna.com.br\/index.php?rest_route=%2Fwp%2Fv2%2Fcomments&post=29614"}],"version-history":[{"count":2,"href":"https:\/\/diariotribuna.com.br\/index.php?rest_route=\/wp\/v2\/posts\/29614\/revisions"}],"predecessor-version":[{"id":29619,"href":"https:\/\/diariotribuna.com.br\/index.php?rest_route=\/wp\/v2\/posts\/29614\/revisions\/29619"}],"wp:featuredmedia":[{"embeddable":true,"href":"https:\/\/diariotribuna.com.br\/index.php?rest_route=\/wp\/v2\/media\/29615"}],"wp:attachment":[{"href":"https:\/\/diariotribuna.com.br\/index.php?rest_route=%2Fwp%2Fv2%2Fmedia&parent=29614"}],"wp:term":[{"taxonomy":"category","embeddable":true,"href":"https:\/\/diariotribuna.com.br\/index.php?rest_route=%2Fwp%2Fv2%2Fcategories&post=29614"},{"taxonomy":"post_tag","embeddable":true,"href":"https:\/\/diariotribuna.com.br\/index.php?rest_route=%2Fwp%2Fv2%2Ftags&post=29614"}],"curies":[{"name":"wp","href":"https:\/\/api.w.org\/{rel}","templated":true}]}}