{"id":29620,"date":"2025-04-29T12:02:53","date_gmt":"2025-04-29T15:02:53","guid":{"rendered":"https:\/\/diariotribuna.com.br\/?p=29620"},"modified":"2025-04-29T12:02:53","modified_gmt":"2025-04-29T15:02:53","slug":"cemig-inaugura-superintendencia-sul","status":"publish","type":"post","link":"https:\/\/diariotribuna.com.br\/?p=29620","title":{"rendered":"Cemig inaugura Superintend\u00eancia Sul\u00a0"},"content":{"rendered":"<p><em><span>Foto: Divulga\u00e7\u00e3o<\/span><\/em><\/p>\n<p><strong><span>COLUNA MG<\/span><\/strong><br \/><span>Principais destaques dos jornais e portais integrantes da rede Sindijori MG <\/span><br \/><span><a href=\"http:\/\/www.sindijorimg.com.br\/\">www.sindijorimg.com.br<\/a><\/span><\/p>\n<p><strong><span>Cemig inaugura Superintend\u00eancia Sul<\/span><\/strong><br \/><span>A Cemig est\u00e1 ampliando a sua presen\u00e7a no interior de Minas. Em meio ao maior ciclo de investimentos da sua hist\u00f3ria e uma reestrutura\u00e7\u00e3o organizacional, iniciada em 2025. Neste sentido, foi inaugurada nesta segunda-feira, 28, em Pouso Alegre, a Superintend\u00eancia Regional Sul e mais tr\u00eas ger\u00eancias (Pouso Alegre, Varginha e Divin\u00f3polis). No Estado, cada uma das seis superintend\u00eancias (Tri\u00e2ngulo, Leste, Norte, Sul, Mantiqueira e Centro) ter\u00e1 um gestor da empresa respons\u00e1vel pelos servi\u00e7os naquela \u00e1rea. Eles ainda ser\u00e3o auxiliados por 17 gerentes regionais tamb\u00e9m com foco em garantir a qualidade do servi\u00e7o em suas respectivas \u00e1reas. As ger\u00eancias ficar\u00e3o em Belo Horizonte, Betim, Sete Lagoas, Uberaba, Uberl\u00e2ndia, Patos de Minas, Divin\u00f3polis, Pouso Alegre, Varginha, Ipatinga, Governador Valadares, Te\u00f3filo Otoni, Juiz de Fora, Conselheiro Lafaiete, S\u00e3o Jo\u00e3o del-Rey Montes Claros e Paracatu. (Pouso Alegre em Foco)<\/span><br \/><span><a href=\"https:\/\/pousoalegreemfoco.com.br\/noticia\/1872\/cemig-inaugura-superintendencia-pouso-alegre-preve-investir\">https:\/\/pousoalegreemfoco.com.br\/noticia\/1872\/cemig-inaugura-superintendencia-pouso-alegre-preve-investir<\/a><\/span><\/p>\n<p><strong><span>Obras do hospital ser\u00e3o retomadas<\/span><\/strong><br \/><span>A Empresa Brasileira de Servi\u00e7os Hospitalares (Ebserh), respons\u00e1vel pela gest\u00e3o do Hospital Universit\u00e1rio da Universidade Federal de Juiz de Fora (HU-UFJF), anunciar\u00e1 a publica\u00e7\u00e3o do edital de licita\u00e7\u00e3o para a t\u00e3o esperada retomada da obra do novo complexo hospitalar. A abertura das propostas est\u00e1 agendada para o dia 3 de julho de 2025, seguida pela fase de lances eletr\u00f4nicos. O projeto receber\u00e1 um investimento robusto, estimado em R$234 milh\u00f5es, proveniente de recursos assegurados pelo Novo Programa de Acelera\u00e7\u00e3o do Crescimento (PAC). Este plano nacional ambicioso destinar\u00e1 um total de R$1,75 bilh\u00e3o para a moderniza\u00e7\u00e3o dos hospitais que integram a Rede Ebserh no per\u00edodo de 2024 a 2027. (RCW TV \u2013 Juiz de Fora)<\/span><br \/><span><a href=\"https:\/\/www.rcwtv.com.br\/noticia\/ebserh-lanca-edital-milionario-para-retomada-da-sonhada-obra-do-novo-hospital-universitario-da-ufjf\">https:\/\/www.rcwtv.com.br\/noticia\/ebserh-lanca-edital-milionario-para-retomada-da-sonhada-obra-do-novo-hospital-universitario-da-ufjf<\/a><\/span><\/p>\n<p><strong><span>Munic\u00edpios ter\u00e3o verbas para saneamento<\/span><\/strong><br \/><span>A Arsae-MG (Ag\u00eancia Reguladora de Servi\u00e7os de Abastecimento de \u00c1gua e de Esgotamento Sanit\u00e1rio de Minas Gerais) est\u00e1 habilitando munic\u00edpios para receberem repasses por meio do Fundo Municipal de Saneamento B\u00e1sico (FMSB). Os recursos podem ser utilizados em projetos de abastecimento de \u00e1gua, esgotamento sanit\u00e1rio, limpeza urbana, manejo de res\u00edduos s\u00f3lidos e drenagem de \u00e1guas pluviais. Os munic\u00edpios regulados podem receber at\u00e9 4% da receita l\u00edquida do prestador de servi\u00e7os. Mais de 320 cidades j\u00e1 foram habilitadas, com repasses anuais que somam R$ 180,6 milh\u00f5es. (Ascom Arsae)<\/span><br \/><span><a href=\"https:\/\/www.arsae.mg.gov.br\/habilitacao-dos-fundos\/\">https:\/\/www.arsae.mg.gov.br\/habilitacao-dos-fundos\/<\/a><\/span><\/p>\n<p><strong><span>Ex-prefeito se torna r\u00e9u<\/span><\/strong><br \/><span>O Tribunal de Justi\u00e7a de Minas Gerais recebeu den\u00fancia oferecida pelo Minist\u00e9rio P\u00fablico de Minas Gerais contra ex-prefeito de Reduto, acusado de recusar-se a fornecer dados t\u00e9cnicos requisitados pelo Minist\u00e9rio P\u00fablico, indispens\u00e1veis \u00e0 propositura de A\u00e7\u00e3o Civil P\u00fablica. Conforme a den\u00fancia da Procuradoria de Justi\u00e7a Especializada em A\u00e7\u00f5es de Compet\u00eancia Origin\u00e1ria Criminal, o ex-prefeito, no exerc\u00edcio do cargo e ciente da ilicitude e das consequ\u00eancias de sua conduta, sem qualquer motiva\u00e7\u00e3o ou justificativa, recusou-se a fornecer dados t\u00e9cnicos indispens\u00e1veis \u00e0 instru\u00e7\u00e3o de inqu\u00e9rito civil e, por consequ\u00eancia, \u00e0 propositura de a\u00e7\u00e3o por ato de improbidade administrativa. (Jornal dos Vales)<\/span><br \/><span><a href=\"https:\/\/www.jornaldosvales.com.br\/noticia\/54313\/exprefeito-de-reduto-se-torna-reu-por-recusarse-a-fornecer-informacoes-sobre-compra-de-material-de-construcao-requisitadas-pelo-mpmg\">https:\/\/www.jornaldosvales.com.br\/noticia\/54313\/exprefeito-de-reduto-se-torna-reu-por-recusarse-a-fornecer-informacoes-sobre-compra-de-material-de-construcao-requisitadas-pelo-mpmg<\/a><\/span><\/p>\n<p><strong><span>Empreendedores t\u00eam mutir\u00e3o digital<\/span><\/strong><br \/><span>O Sebrae Minas vai oferecer atendimento gratuito para microempreendedores individuais (MEI) da regi\u00e3o do Vale do Mucuri interessados em avan\u00e7ar na digitaliza\u00e7\u00e3o do neg\u00f3cio. Entre os dias 29 de abril e 9 de maio, ser\u00e1 realizado o Mutir\u00e3o Digitaliza MEI nas cidades de Cara\u00ed, Catuji, Frei Gaspar, Novo Oriente de Minas, Ouro Verde de Minas e Padre Para\u00edso. A a\u00e7\u00e3o ir\u00e1 apresentar ferramentas digitais que podem ser aplicadas para facilitar a rotina de quem conduz o neg\u00f3cio. (Di\u00e1rio Tribuna \u2013 Te\u00f3filo Otoni)<\/span><br \/><span><a href=\"https:\/\/diariotribuna.com.br\/?p=29601\">https:\/\/diariotribuna.com.br\/?p=29601<\/a><\/span><\/p>\n<p><strong><span>Itabira comemora Trabalhador<\/span><\/strong><br \/><span>Com uma programa\u00e7\u00e3o especial e gratuita, a Semana do Trabalhador 2025 teve in\u00edcio na segunda-feira (28), celebrando n\u00e3o s\u00f3 o 1\u00ba de Maio, mas tamb\u00e9m os 80 anos de hist\u00f3ria do Sindicato Metabase de Itabira e Regi\u00e3o. O evento, que vai at\u00e9 o dia 3 de maio, re\u00fane cultura, lazer, esportes, solidariedade e grandes nomes da m\u00fasica nacional. Shows com Bruno Diegues e P\u00e9ricles s\u00e3o os destaques musicais da semana. O ex-vocalista do Jeito Moleque sobe ao palco no feriado de 1\u00ba de maio no Clube Campestre Metabase, enquanto o sambista P\u00e9ricles encerra a noite de sexta-feira (2) com show no Parque de Exposi\u00e7\u00f5es, prometendo embalar o p\u00fablico com seus maiores sucessos. (Itabira Not\u00edcias)<\/span><br \/><span><a href=\"https:\/\/itabiranoticia.com.br\/comeca-nesta-segunda-28-a-semana-do-trabalhador-2025-em-itabira-uma-homenagem-aos-80-anos-do-sindicato-metabase\/\">https:\/\/itabiranoticia.com.br\/comeca-nesta-segunda-28-a-semana-do-trabalhador-2025-em-itabira-uma-homenagem-aos-80-anos-do-sindicato-metabase\/<\/a><\/span><\/p>\n<p><span><\/span><\/p>\n<p>\u00a0<\/p>","protected":false},"excerpt":{"rendered":"<p>Foto: Divulga\u00e7\u00e3o COLUNA MGPrincipais destaques dos jornais e portais integrantes da rede Sindijori MG www.sindijorimg.com.br Cemig inaugura Superintend\u00eancia SulA Cemig est\u00e1 ampliando a sua presen\u00e7a no interior de Minas. Em meio ao maior ciclo de investimentos da sua hist\u00f3ria e uma reestrutura\u00e7\u00e3o organizacional, iniciada em 2025. Neste sentido, foi inaugurada nesta segunda-feira, 28, em Pouso [&hellip;]<\/p>\n","protected":false},"author":0,"featured_media":29621,"comment_status":"open","ping_status":"open","sticky":false,"template":"","format":"standard","meta":{"rop_custom_images_group":[],"rop_custom_messages_group":[],"rop_publish_now":"initial","rop_publish_now_accounts":[],"rop_publish_now_history":[],"rop_publish_now_status":"pending","footnotes":""},"categories":[6745],"tags":[],"class_list":["post-29620","post","type-post","status-publish","format-standard","has-post-thumbnail","hentry","category-coluna-sindijori"],"_links":{"self":[{"href":"https:\/\/diariotribuna.com.br\/index.php?rest_route=\/wp\/v2\/posts\/29620"}],"collection":[{"href":"https:\/\/diariotribuna.com.br\/index.php?rest_route=\/wp\/v2\/posts"}],"about":[{"href":"https:\/\/diariotribuna.com.br\/index.php?rest_route=\/wp\/v2\/types\/post"}],"replies":[{"embeddable":true,"href":"https:\/\/diariotribuna.com.br\/index.php?rest_route=%2Fwp%2Fv2%2Fcomments&post=29620"}],"version-history":[{"count":0,"href":"https:\/\/diariotribuna.com.br\/index.php?rest_route=\/wp\/v2\/posts\/29620\/revisions"}],"wp:featuredmedia":[{"embeddable":true,"href":"https:\/\/diariotribuna.com.br\/index.php?rest_route=\/wp\/v2\/media\/29621"}],"wp:attachment":[{"href":"https:\/\/diariotribuna.com.br\/index.php?rest_route=%2Fwp%2Fv2%2Fmedia&parent=29620"}],"wp:term":[{"taxonomy":"category","embeddable":true,"href":"https:\/\/diariotribuna.com.br\/index.php?rest_route=%2Fwp%2Fv2%2Fcategories&post=29620"},{"taxonomy":"post_tag","embeddable":true,"href":"https:\/\/diariotribuna.com.br\/index.php?rest_route=%2Fwp%2Fv2%2Ftags&post=29620"}],"curies":[{"name":"wp","href":"https:\/\/api.w.org\/{rel}","templated":true}]}}