{"id":29631,"date":"2025-04-30T12:21:47","date_gmt":"2025-04-30T15:21:47","guid":{"rendered":"https:\/\/diariotribuna.com.br\/?p=29631"},"modified":"2025-04-30T12:21:47","modified_gmt":"2025-04-30T15:21:47","slug":"crise-faz-hospital-suspender-internacoes","status":"publish","type":"post","link":"https:\/\/diariotribuna.com.br\/?p=29631","title":{"rendered":"Crise faz hospital suspender interna\u00e7\u00f5es\u00a0"},"content":{"rendered":"<p><!-- [if gte mso 9]&gt;--><\/p>\n<p><!-- [if gte mso 9]&gt;--><\/p>\n<p>  Normal<br \/>\n  0<\/p>\n<p>  21<\/p>\n<p>  false<br \/>\n  false<br \/>\n  false<\/p>\n<p>  PT-BR<br \/>\n  X-NONE<br \/>\n  X-NONE<\/p>\n<p><!-- [if gte mso 9]&gt;--><\/p>\n<p><!-- [if gte mso 10]&gt;--><\/p>\n<p> \/* Style Definitions *\/<br \/>\n table.MsoNormalTable<br \/>\n\t{mso-style-name:&#8221;Tabela normal&#8221;;<br \/>\n\tmso-tstyle-rowband-size:0;<br \/>\n\tmso-tstyle-colband-size:0;<br \/>\n\tmso-style-noshow:yes;<br \/>\n\tmso-style-priority:99;<br \/>\n\tmso-style-parent:&#8221;&#8221;;<br \/>\n\tmso-padding-alt:0cm 5.4pt 0cm 5.4pt;<br \/>\n\tmso-para-margin-top:0cm;<br \/>\n\tmso-para-margin-right:0cm;<br \/>\n\tmso-para-margin-bottom:8.0pt;<br \/>\n\tmso-para-margin-left:0cm;<br \/>\n\tline-height:115%;<br \/>\n\tmso-pagination:widow-orphan;<br \/>\n\tfont-size:12.0pt;<br \/>\n\tfont-family:&#8221;Aptos&#8221;,sans-serif;<br \/>\n\tmso-ascii-font-family:Aptos;<br \/>\n\tmso-ascii-theme-font:minor-latin;<br \/>\n\tmso-hansi-font-family:Aptos;<br \/>\n\tmso-hansi-theme-font:minor-latin;<br \/>\n\tmso-font-kerning:1.0pt;<br \/>\n\tmso-ligatures:standardcontextual;<br \/>\n\tmso-fareast-language:EN-US;}<\/p>\n<p><em><span>Foto: Divulga\u00e7\u00e3o<\/span><\/em><\/p>\n<p><strong><span>COLUNA MG<\/span><\/strong><br \/><span>Principais destaques dos jornais e portais integrantes da rede Sindijori MG <\/span><br \/><span><a href=\"http:\/\/www.sindijorimg.com.br\/\">www.sindijorimg.com.br<\/a><\/span><\/p>\n<p><strong><span>Crise faz hospital suspender interna\u00e7\u00f5es<\/span><\/strong><br \/><span>A suspens\u00e3o de novas interna\u00e7\u00f5es no Hospital Psiqui\u00e1trico Gedor Silveira de S\u00e3o Sebasti\u00e3o do Para\u00edso, em vigor desde 25 de abril, trouxe \u00e0 tona a pior crise financeira da institui\u00e7\u00e3o em quase oito d\u00e9cadas de funcionamento. Em of\u00edcio aos 154 munic\u00edpios referenciados, a Funda\u00e7\u00e3o Gedor Silveira aponta o congelamento da di\u00e1ria do SUS em R$ 82,40 desde 2018 \u2014 mesmo ap\u00f3s senten\u00e7a que fixou o valor em R$ 220 \u2014 como a principal causa do colapso. A institui\u00e7\u00e3o recebia ajuda das prefeituras at\u00e9 outubro. Hoje o hospital absorve um d\u00e9ficit superior a R$ 400 mil por m\u00eas para manter cerca de 110 pacientes. \u201cJ\u00e1 n\u00e3o temos condi\u00e7\u00f5es de assumir esse descaso com a sa\u00fade mental\u201d, avisou a Funda\u00e7\u00e3o. (Jornal do Sudoeste \u2013 S.S. do Para\u00edso)<\/span><br \/><span><a href=\"https:\/\/jornaldosudoeste.com.br\/noticia_detalhe.php?id=219059\">https:\/\/jornaldosudoeste.com.br\/noticia_detalhe.php?id=219059<\/a><\/span><\/p>\n<p><strong><span>Mutir\u00e3o de Identidade em Sabar\u00e1<\/span><\/strong><br \/><span>A Prefeitura de Sabar\u00e1, em parceria com a Pol\u00edcia Civil, realizou um mutir\u00e3o para emiss\u00e3o de carteiras de identidade na Faculdade Sabar\u00e1. O evento, que visa facilitar o acesso ao servi\u00e7o de identifica\u00e7\u00e3o civil, atendeu especialmente moradores que precisavam tirar ou renovar o RG. O mutir\u00e3o aconteceu na v\u00e9spera do feriado de 1\u00ba de maio, oferecendo uma oportunidade para quem necessita do documento. (Folha de Sabar\u00e1)<\/span><br \/><span><a href=\"https:\/\/folhadesabara.com.br\/noticia\/44714\/mutirao-de-identidade-acontece-em-sabara-nesta-quarta-feira-30-de-abril\">https:\/\/folhadesabara.com.br\/noticia\/44714\/mutirao-de-identidade-acontece-em-sabara-nesta-quarta-feira-30-de-abril<\/a><\/span><\/p>\n<p><strong><span>\u201cVai que d\u00e1 Arax\u00e1\u2019 \u00e9 prorrogado<\/span><\/strong><br \/><span>A CBMM prorrogou at\u00e9 6 de junho o prazo para inscri\u00e7\u00e3o no programa &#8220;Vai que d\u00e1 Arax\u00e1&#8221;, que apoia o empreendedorismo local, oferecendo R$ 50.000,00 para o desenvolvimento de neg\u00f3cios, al\u00e9m de consultorias e mentorias em gest\u00e3o empresarial. O programa \u00e9 destinado a empresas, cooperativas e associa\u00e7\u00f5es de Arax\u00e1, MG, nas \u00e1reas de gastronomia, turismo e artesanato, com foco na preserva\u00e7\u00e3o de recursos naturais e impulsionamento da economia local. A prorroga\u00e7\u00e3o visa proporcionar mais tempo para os empreendedores se organizarem e esclarecerem d\u00favidas sobre o processo de inscri\u00e7\u00e3o. (Clarim.Net \u2013 Arax\u00e1)<\/span><br \/><span><a href=\"https:\/\/clarim.net.br\/cbmm-prorroga-o-prazo-de-inscricao-do-programa-vai-que-da-araxa\/\">https:\/\/clarim.net.br\/cbmm-prorroga-o-prazo-de-inscricao-do-programa-vai-que-da-araxa\/<\/a><\/span><\/p>\n<p><strong><span>TER n\u00e3o pro\u00edbe subs\u00eddio<\/span><\/strong><br \/><span>O Tribunal Regional Eleitoral de Minas Gerais (TRE-MG) rejeitou, em julgamento de segunda inst\u00e2ncia, uma a\u00e7\u00e3o movida pela oposi\u00e7\u00e3o contra o prefeito de Patos de Minas, Luis Eduardo Falc\u00e3o, relacionada ao subs\u00eddio tarif\u00e1rio concedido ao transporte coletivo urbano no ano de 2023. A oposi\u00e7\u00e3o alegava suposto uso eleitoral da medida, argumentando que o subs\u00eddio \u00e0 tarifa do transporte p\u00fablico configuraria abuso de poder pol\u00edtico e econ\u00f4mico. No entanto, os desembargadores do TRE-MG consideraram que n\u00e3o houve irregularidades e mantiveram a decis\u00e3o de primeira inst\u00e2ncia, validando a legalidade da a\u00e7\u00e3o do Executivo municipal. (Folha Patense)<\/span><br \/><span><a href=\"https:\/\/www.folhapatense.com.br\/prefeito-falcao-vence-acao-no-tre-mg-e-mantem-legitimidade-de-subsidio-tarifario-do-transporte-publico\">https:\/\/www.folhapatense.com.br\/prefeito-falcao-vence-acao-no-tre-mg-e-mantem-legitimidade-de-subsidio-tarifario-do-transporte-publico<\/a><\/span><\/p>\n<p><strong><span>Caf\u00e9 Rural tem nova fase em GV<\/span><\/strong><br \/><span>Na \u00faltima segunda-feira (28\/4), o Sindicato dos Produtores Rurais de Governador Valadares deu in\u00edcio a uma nova fase do tradicional Caf\u00e9 Rural. Com participa\u00e7\u00e3o de cerca de 150 pessoas, entre associados, produtores rurais, empresas, estudantes, autoridades e imprensa, o evento refor\u00e7ou seu papel como espa\u00e7o de valoriza\u00e7\u00e3o, acolhimento e fortalecimento do agro regional. Recebidos com um \u201ccafezin de boas-vindas\u201d, os participantes acompanharam inicialmente a solenidade de lan\u00e7amento da opera\u00e7\u00e3o \u201cPMMG 250 Anos: Presen\u00e7a que Protege o Campo\u201d, promovida pela 8\u00aa Regi\u00e3o da Pol\u00edcia Militar de Minas Gerais. (Jornal Da Cidade \u2013 Governador Valadares)<\/span><br \/><span><a href=\"https:\/\/jornaldacidadegv.com.br\/cidade\/cafe-rural-2025-sindicato-dos-produtores-rurais-de-governador-valadares-abre-nova-fase-com-valorizacao-seguranca-e-integracao\/\">https:\/\/jornaldacidadegv.com.br\/cidade\/cafe-rural-2025-sindicato-dos-produtores-rurais-de-governador-valadares-abre-nova-fase-com-valorizacao-seguranca-e-integracao\/<\/a><\/span><\/p>\n<p><strong><span>Caf\u00e9 Nice ter\u00e1 incentivo<\/span><\/strong><br \/><span>Fundado em 1939, a hist\u00f3ria do Caf\u00e9 Nice, no centro de Belo Horizonte, se confunde com a da pr\u00f3pria cidade. O ponto de encontro de gera\u00e7\u00f5es, localizado no cora\u00e7\u00e3o da capital, na Pra\u00e7a Sete, mais precisamente no n\u00famero 727 da centen\u00e1ria Av. Afonso Pena, que rasga a cidade ao meio, j\u00e1 teve outro nome, chamava-se Casa de Ch\u00e1 e Leitaria Nice, nome inspirado em um estabelecimento similar na capital federal, \u00e0 \u00e9poca, Rio de Janeiro. Pensando na import\u00e2ncia do Caf\u00e9 Nice para a cultura belo-horizontina, a C\u00e2mara de Dirigentes Lojistas de Belo Horizonte (CDL\/BH) abra\u00e7ou recentemente um projeto de revitaliza\u00e7\u00e3o deste que \u00e9 um ponto de encontro emblem\u00e1tico da capitla mineira. (Conex\u00e3o Minas \u2013 Belo Horizonte)<\/span><br \/><span><a href=\"https:\/\/zeaparecido.com.br\/cafe-nice-vai-receber-incentivo-do-cdl-bh-para-uma-repaginada-preservando-sua-importancia-historica\/\">https:\/\/zeaparecido.com.br\/cafe-nice-vai-receber-incentivo-do-cdl-bh-para-uma-repaginada-preservando-sua-importancia-historica\/<\/a><\/span><\/p>\n<p><span><\/span><\/p>\n<p>\u00a0<\/p>","protected":false},"excerpt":{"rendered":"<p>Normal 0 21 false false false PT-BR X-NONE X-NONE \/* Style Definitions *\/ table.MsoNormalTable {mso-style-name:&#8221;Tabela normal&#8221;; mso-tstyle-rowband-size:0; mso-tstyle-colband-size:0; mso-style-noshow:yes; mso-style-priority:99; mso-style-parent:&#8221;&#8221;; mso-padding-alt:0cm 5.4pt 0cm 5.4pt; mso-para-margin-top:0cm; mso-para-margin-right:0cm; mso-para-margin-bottom:8.0pt; mso-para-margin-left:0cm; line-height:115%; mso-pagination:widow-orphan; font-size:12.0pt; font-family:&#8221;Aptos&#8221;,sans-serif; mso-ascii-font-family:Aptos; mso-ascii-theme-font:minor-latin; mso-hansi-font-family:Aptos; mso-hansi-theme-font:minor-latin; mso-font-kerning:1.0pt; mso-ligatures:standardcontextual; mso-fareast-language:EN-US;} Foto: Divulga\u00e7\u00e3o COLUNA MGPrincipais destaques dos jornais e portais integrantes da rede Sindijori MG www.sindijorimg.com.br [&hellip;]<\/p>\n","protected":false},"author":0,"featured_media":29632,"comment_status":"open","ping_status":"open","sticky":false,"template":"","format":"standard","meta":{"rop_custom_images_group":[],"rop_custom_messages_group":[],"rop_publish_now":"initial","rop_publish_now_accounts":[],"rop_publish_now_history":[],"rop_publish_now_status":"pending","footnotes":""},"categories":[6745],"tags":[],"class_list":["post-29631","post","type-post","status-publish","format-standard","has-post-thumbnail","hentry","category-coluna-sindijori"],"_links":{"self":[{"href":"https:\/\/diariotribuna.com.br\/index.php?rest_route=\/wp\/v2\/posts\/29631"}],"collection":[{"href":"https:\/\/diariotribuna.com.br\/index.php?rest_route=\/wp\/v2\/posts"}],"about":[{"href":"https:\/\/diariotribuna.com.br\/index.php?rest_route=\/wp\/v2\/types\/post"}],"replies":[{"embeddable":true,"href":"https:\/\/diariotribuna.com.br\/index.php?rest_route=%2Fwp%2Fv2%2Fcomments&post=29631"}],"version-history":[{"count":0,"href":"https:\/\/diariotribuna.com.br\/index.php?rest_route=\/wp\/v2\/posts\/29631\/revisions"}],"wp:featuredmedia":[{"embeddable":true,"href":"https:\/\/diariotribuna.com.br\/index.php?rest_route=\/wp\/v2\/media\/29632"}],"wp:attachment":[{"href":"https:\/\/diariotribuna.com.br\/index.php?rest_route=%2Fwp%2Fv2%2Fmedia&parent=29631"}],"wp:term":[{"taxonomy":"category","embeddable":true,"href":"https:\/\/diariotribuna.com.br\/index.php?rest_route=%2Fwp%2Fv2%2Fcategories&post=29631"},{"taxonomy":"post_tag","embeddable":true,"href":"https:\/\/diariotribuna.com.br\/index.php?rest_route=%2Fwp%2Fv2%2Ftags&post=29631"}],"curies":[{"name":"wp","href":"https:\/\/api.w.org\/{rel}","templated":true}]}}