{"id":29633,"date":"2025-04-30T18:29:55","date_gmt":"2025-04-30T21:29:55","guid":{"rendered":"https:\/\/diariotribuna.com.br\/?p=29633"},"modified":"2025-04-30T18:29:55","modified_gmt":"2025-04-30T21:29:55","slug":"sistema-faemg-senar-lanca-o-1o-congresso-nacional-da-carne-durante-a-expozebu","status":"publish","type":"post","link":"https:\/\/diariotribuna.com.br\/?p=29633","title":{"rendered":"Sistema Faemg Senar lan\u00e7a o 1\u00ba Congresso Nacional da Carne durante a Expozebu\u00a0"},"content":{"rendered":"<p class=\"MsoNormal\"><span>FAEMG SENAR | Divulga\u00e7\u00e3o<\/span><\/p>\n<p><\/p>\n<p class=\"\"><strong>Evento ser\u00e1 realizado em setembro, em Belo Horizonte, com foco em mercado, sanidade e sustentabilidade da pecu\u00e1ria brasileira<\/strong><\/p>\n<p class=\"\">O <a href=\"https:\/\/www.faemg.org.br\/\"><strong>Sistema Faemg Senar<\/strong><\/a> anunciou no <strong>s\u00e1bado (26\/4)<\/strong>, durante a <strong>Expozebu<\/strong>, em <strong>Uberaba<\/strong>, o lan\u00e7amento do <strong>Congresso Nacional da Carne (CONACARNE)<\/strong>, que acontecer\u00e1 nos dias <strong>18 e 19 de setembro<\/strong>, no <strong>Expominas<\/strong>, em <strong>Belo Horizonte<\/strong>. A primeira edi\u00e7\u00e3o do evento tem previs\u00e3o de reunir <strong>mais de 2 mil participantes<\/strong>, promovendo <strong>debates estrat\u00e9gicos<\/strong> sobre o futuro da cadeia da carne no Brasil.<\/p>\n<p class=\"\">O <strong>CONACARNE<\/strong> nasce com a miss\u00e3o de <strong>conectar os principais elos do setor<\/strong> \u2014 produtores, ind\u00fastria e varejo \u2014 para discutir <strong>temas centrais<\/strong>, como <strong>mercado, sanidade e sustentabilidade<\/strong>. A programa\u00e7\u00e3o contar\u00e1 com <strong>palestras magnas e t\u00e9cnicas<\/strong>, abordando desde <strong>pecu\u00e1ria de precis\u00e3o e gest\u00e3o<\/strong> at\u00e9 <strong>comportamento do consumidor<\/strong>, com foco na <strong>moderniza\u00e7\u00e3o e valoriza\u00e7\u00e3o da carne bovina brasileira<\/strong>.<\/p>\n<p class=\"\">Outro destaque ser\u00e1 a <strong>desmistifica\u00e7\u00e3o de mitos<\/strong> sobre a pecu\u00e1ria nacional, especialmente em rela\u00e7\u00e3o \u00e0 <strong>sustentabilidade ambiental<\/strong>.<\/p>\n<p class=\"\">\u201cNosso modelo de produ\u00e7\u00e3o, com animais a pasto, \u00e9 um dos mais limpos do mundo. A pecu\u00e1ria bem conduzida no Brasil \u00e9 carbono positiva\u201d, refor\u00e7a o presidente do Sistema Faemg Senar, <strong>Ant\u00f4nio de Salvo<\/strong>.<\/p>\n<p class=\"\">Com o Brasil prestes a conquistar o <strong>status de livre de febre aftosa sem vacina\u00e7\u00e3o<\/strong>, o pa\u00eds se prepara para acessar <strong>novos mercados<\/strong> e consolidar sua posi\u00e7\u00e3o como <strong>fornecedor global de carne de qualidade<\/strong>. O <strong>CONACARNE<\/strong> surge como uma <strong>plataforma de di\u00e1logo, planejamento e avan\u00e7o do setor<\/strong>, com foco tanto no mercado interno quanto na <strong>expans\u00e3o das exporta\u00e7\u00f5es de carnes premium<\/strong>.<\/p>\n<p class=\"\">\u201cO Congresso ser\u00e1 o in\u00edcio de uma <strong>agenda anual de debates, diagn\u00f3sticos e propostas<\/strong>. Precisamos identificar gargalos, buscar linhas de cr\u00e9dito para recupera\u00e7\u00e3o de pastagens, ampliar o acesso \u00e0 gen\u00e9tica de qualidade e garantir que a pecu\u00e1ria brasileira seja reconhecida, cada vez mais, por sua <strong>efici\u00eancia, rastreabilidade e excel\u00eancia<\/strong>\u201d, conclui o presidente.<\/p>\n\n<p class=\"\">O <strong>Congresso Nacional da Carne<\/strong> \u00e9 uma realiza\u00e7\u00e3o do <strong>Sistema CNA Faemg Senar<\/strong>.<\/p>\n<p>\u00a0<\/p>","protected":false},"excerpt":{"rendered":"<p>FAEMG SENAR | Divulga\u00e7\u00e3o Evento ser\u00e1 realizado em setembro, em Belo Horizonte, com foco em mercado, sanidade e sustentabilidade da pecu\u00e1ria brasileira O Sistema Faemg Senar anunciou no s\u00e1bado (26\/4), durante a Expozebu, em Uberaba, o lan\u00e7amento do Congresso Nacional da Carne (CONACARNE), que acontecer\u00e1 nos dias 18 e 19 de setembro, no Expominas, em [&hellip;]<\/p>\n","protected":false},"author":0,"featured_media":29634,"comment_status":"open","ping_status":"open","sticky":false,"template":"","format":"standard","meta":{"rop_custom_images_group":[],"rop_custom_messages_group":[],"rop_publish_now":"initial","rop_publish_now_accounts":[],"rop_publish_now_history":[],"rop_publish_now_status":"pending","footnotes":""},"categories":[6745],"tags":[],"class_list":["post-29633","post","type-post","status-publish","format-standard","has-post-thumbnail","hentry","category-coluna-sindijori"],"_links":{"self":[{"href":"https:\/\/diariotribuna.com.br\/index.php?rest_route=\/wp\/v2\/posts\/29633"}],"collection":[{"href":"https:\/\/diariotribuna.com.br\/index.php?rest_route=\/wp\/v2\/posts"}],"about":[{"href":"https:\/\/diariotribuna.com.br\/index.php?rest_route=\/wp\/v2\/types\/post"}],"replies":[{"embeddable":true,"href":"https:\/\/diariotribuna.com.br\/index.php?rest_route=%2Fwp%2Fv2%2Fcomments&post=29633"}],"version-history":[{"count":0,"href":"https:\/\/diariotribuna.com.br\/index.php?rest_route=\/wp\/v2\/posts\/29633\/revisions"}],"wp:featuredmedia":[{"embeddable":true,"href":"https:\/\/diariotribuna.com.br\/index.php?rest_route=\/wp\/v2\/media\/29634"}],"wp:attachment":[{"href":"https:\/\/diariotribuna.com.br\/index.php?rest_route=%2Fwp%2Fv2%2Fmedia&parent=29633"}],"wp:term":[{"taxonomy":"category","embeddable":true,"href":"https:\/\/diariotribuna.com.br\/index.php?rest_route=%2Fwp%2Fv2%2Fcategories&post=29633"},{"taxonomy":"post_tag","embeddable":true,"href":"https:\/\/diariotribuna.com.br\/index.php?rest_route=%2Fwp%2Fv2%2Ftags&post=29633"}],"curies":[{"name":"wp","href":"https:\/\/api.w.org\/{rel}","templated":true}]}}