{"id":29635,"date":"2025-04-30T21:14:05","date_gmt":"2025-05-01T00:14:05","guid":{"rendered":"https:\/\/diariotribuna.com.br\/?p=29635"},"modified":"2025-04-30T21:14:07","modified_gmt":"2025-05-01T00:14:07","slug":"vereador-joao-gabriel-prates-realiza-plenaria-e-reforca-compromisso-com-a-transparencia","status":"publish","type":"post","link":"https:\/\/diariotribuna.com.br\/?p=29635","title":{"rendered":"Vereador Jo\u00e3o Gabriel Prates realiza Plen\u00e1ria e refor\u00e7a compromisso com a transpar\u00eancia"},"content":{"rendered":"\n<figure class=\"wp-block-image size-full is-resized\"><img loading=\"lazy\" decoding=\"async\" width=\"700\" height=\"420\" src=\"https:\/\/diariotribuna.com.br\/wp-content\/uploads\/2025\/04\/1-3.jpg\" alt=\"\" class=\"wp-image-29636\" style=\"width:608px;height:auto\" srcset=\"https:\/\/diariotribuna.com.br\/wp-content\/uploads\/2025\/04\/1-3.jpg 700w, https:\/\/diariotribuna.com.br\/wp-content\/uploads\/2025\/04\/1-3-300x180.jpg 300w, https:\/\/diariotribuna.com.br\/wp-content\/uploads\/2025\/04\/1-3-696x418.jpg 696w\" sizes=\"(max-width: 700px) 100vw, 700px\" \/><\/figure>\n\n\n\n<p>O vereador Jo\u00e3o Gabriel Prates conduziu a plen\u00e1ria, no s\u00e1bado (26\/4), no audit\u00f3rio do SINDUTE, em Te\u00f3filo Otoni, para dar publicidade \u00e0s a\u00e7\u00f5es do seu mandato e ouvir diretamente os anseios da popula\u00e7\u00e3o. Ap\u00f3s a publica\u00e7\u00e3o do evento, internautas questionaram o motivo da iniciativa, e Jo\u00e3o Gabriel explicou: \u201cO nosso mandato \u00e9 popular, por isso, sempre prestarei contas \u00e0 popula\u00e7\u00e3o sobre o que foi feito e defenderei o legado do Partido dos Trabalhadores\u201d.<\/p>\n\n\n\n<p>Durante o encontro, que teve presen\u00e7a da representante da Executiva Nacional do PT \u2013 Camila Moreno, o parlamentar detalhou os projetos de lei por ele elaborados, a exemplo de um que obriga as concession\u00e1rias de servi\u00e7o p\u00fablico, como o cemit\u00e9rio municipal, a prestar contas todo ano \u00e0 C\u00e2mara Municipal. Em seguida, Jo\u00e3o Gabriel abriu espa\u00e7o aos participantes para perguntas e sugest\u00f5es, e uma das participantes, lideran\u00e7a hist\u00f3rica do Partido dos Trabalhadores, elogiou o vereador, dizendo: \u201cTenho coragem de falar. Apresento a dobradinha ideal, Jo\u00e3o Gabriel e Daniel Sucupira\u201d.<\/p>\n\n\n\n<figure class=\"wp-block-gallery has-nested-images columns-2 is-cropped wp-block-gallery-1 is-layout-flex wp-block-gallery-is-layout-flex\">\n<figure class=\"wp-block-image size-large\"><img loading=\"lazy\" decoding=\"async\" width=\"700\" height=\"442\" data-id=\"29641\" src=\"https:\/\/diariotribuna.com.br\/wp-content\/uploads\/2025\/04\/3-1.jpg\" alt=\"\" class=\"wp-image-29641\" srcset=\"https:\/\/diariotribuna.com.br\/wp-content\/uploads\/2025\/04\/3-1.jpg 700w, https:\/\/diariotribuna.com.br\/wp-content\/uploads\/2025\/04\/3-1-300x189.jpg 300w, https:\/\/diariotribuna.com.br\/wp-content\/uploads\/2025\/04\/3-1-696x439.jpg 696w, https:\/\/diariotribuna.com.br\/wp-content\/uploads\/2025\/04\/3-1-665x420.jpg 665w\" sizes=\"(max-width: 700px) 100vw, 700px\" \/><\/figure>\n\n\n\n<figure class=\"wp-block-image size-large\"><img loading=\"lazy\" decoding=\"async\" width=\"700\" height=\"398\" data-id=\"29639\" src=\"https:\/\/diariotribuna.com.br\/wp-content\/uploads\/2025\/04\/4-1.jpg\" alt=\"\" class=\"wp-image-29639\" srcset=\"https:\/\/diariotribuna.com.br\/wp-content\/uploads\/2025\/04\/4-1.jpg 700w, https:\/\/diariotribuna.com.br\/wp-content\/uploads\/2025\/04\/4-1-300x171.jpg 300w, https:\/\/diariotribuna.com.br\/wp-content\/uploads\/2025\/04\/4-1-696x396.jpg 696w\" sizes=\"(max-width: 700px) 100vw, 700px\" \/><\/figure>\n\n\n\n<figure class=\"wp-block-image size-large\"><img loading=\"lazy\" decoding=\"async\" width=\"700\" height=\"485\" data-id=\"29637\" src=\"https:\/\/diariotribuna.com.br\/wp-content\/uploads\/2025\/04\/5.jpg\" alt=\"\" class=\"wp-image-29637\" srcset=\"https:\/\/diariotribuna.com.br\/wp-content\/uploads\/2025\/04\/5.jpg 700w, https:\/\/diariotribuna.com.br\/wp-content\/uploads\/2025\/04\/5-300x208.jpg 300w, https:\/\/diariotribuna.com.br\/wp-content\/uploads\/2025\/04\/5-100x70.jpg 100w, https:\/\/diariotribuna.com.br\/wp-content\/uploads\/2025\/04\/5-218x150.jpg 218w, https:\/\/diariotribuna.com.br\/wp-content\/uploads\/2025\/04\/5-696x482.jpg 696w, https:\/\/diariotribuna.com.br\/wp-content\/uploads\/2025\/04\/5-606x420.jpg 606w\" sizes=\"(max-width: 700px) 100vw, 700px\" \/><\/figure>\n\n\n\n<figure class=\"wp-block-image size-large\"><img loading=\"lazy\" decoding=\"async\" width=\"700\" height=\"466\" data-id=\"29644\" src=\"https:\/\/diariotribuna.com.br\/wp-content\/uploads\/2025\/04\/2-6.jpg\" alt=\"\" class=\"wp-image-29644\" srcset=\"https:\/\/diariotribuna.com.br\/wp-content\/uploads\/2025\/04\/2-6.jpg 700w, https:\/\/diariotribuna.com.br\/wp-content\/uploads\/2025\/04\/2-6-300x200.jpg 300w, https:\/\/diariotribuna.com.br\/wp-content\/uploads\/2025\/04\/2-6-696x463.jpg 696w, https:\/\/diariotribuna.com.br\/wp-content\/uploads\/2025\/04\/2-6-631x420.jpg 631w\" sizes=\"(max-width: 700px) 100vw, 700px\" \/><\/figure>\n<\/figure>\n\n\n\n<p>Jo\u00e3o Gabriel Prates consolida a imagem de um mandato participativo e fortalece sua posi\u00e7\u00e3o como grande nome do Partido dos Trabalhadores em Te\u00f3filo Otoni. Nos bastidores j\u00e1 se perguntam sobre os pr\u00f3ximos passos da sua jornada pol\u00edtica. Na oportunidade, Jo\u00e3o Gabriel agradeceu a presen\u00e7a de todos destacando que, quando se exerce um mandato eletivo, \u00e9 preciso ter o compromisso da transpar\u00eancia, frisando que n\u00e3o \u00e9 apenas para seus eleitores, mas para toda a sociedade.<\/p>\n\n\n\n<figure class=\"wp-block-image size-full is-resized\"><img loading=\"lazy\" decoding=\"async\" width=\"700\" height=\"738\" src=\"https:\/\/diariotribuna.com.br\/wp-content\/uploads\/2025\/04\/6-1.jpg\" alt=\"\" class=\"wp-image-29645\" style=\"width:376px;height:auto\" srcset=\"https:\/\/diariotribuna.com.br\/wp-content\/uploads\/2025\/04\/6-1.jpg 700w, https:\/\/diariotribuna.com.br\/wp-content\/uploads\/2025\/04\/6-1-285x300.jpg 285w, https:\/\/diariotribuna.com.br\/wp-content\/uploads\/2025\/04\/6-1-696x734.jpg 696w, https:\/\/diariotribuna.com.br\/wp-content\/uploads\/2025\/04\/6-1-398x420.jpg 398w\" sizes=\"(max-width: 700px) 100vw, 700px\" \/><\/figure>\n\n\n\n<pre class=\"wp-block-verse\"><strong>\u201cFoi um momento muito importante aqui na tarde deste s\u00e1bado. A presen\u00e7a da Executiva Nacional do PT mostra a import\u00e2ncia que Te\u00f3filo Otoni tem para o Partido dos Trabalhadores, e a diferen\u00e7a que o partido j\u00e1 fez na vida das pessoas em Te\u00f3filo Otoni e por todo Nordeste de Minas Gerais, vales do Mucuri e Jequitinhonha\u201d, disse Jo\u00e3o Gabriel.<\/strong><\/pre>\n","protected":false},"excerpt":{"rendered":"<p>O vereador Jo\u00e3o Gabriel Prates conduziu a plen\u00e1ria, no s\u00e1bado (26\/4), no audit\u00f3rio do SINDUTE, em Te\u00f3filo Otoni, para dar publicidade \u00e0s a\u00e7\u00f5es do seu mandato e ouvir diretamente os anseios da popula\u00e7\u00e3o. Ap\u00f3s a publica\u00e7\u00e3o do evento, internautas questionaram o motivo da iniciativa, e Jo\u00e3o Gabriel explicou: \u201cO nosso mandato \u00e9 popular, por isso, [&hellip;]<\/p>\n","protected":false},"author":1,"featured_media":29636,"comment_status":"open","ping_status":"open","sticky":false,"template":"","format":"standard","meta":{"rop_custom_images_group":[],"rop_custom_messages_group":[],"rop_publish_now":"initial","rop_publish_now_accounts":[],"rop_publish_now_history":[],"rop_publish_now_status":"pending","footnotes":""},"categories":[25,21],"tags":[7129,7128,4596,7130,75],"class_list":["post-29635","post","type-post","status-publish","format-standard","has-post-thumbnail","hentry","category-destaque","category-politica","tag-100-dias-de-gestao","tag-joao-gabriel-prates","tag-plenaria","tag-prestacao-de-contas-do-mandato","tag-teofilo-otoni"],"_links":{"self":[{"href":"https:\/\/diariotribuna.com.br\/index.php?rest_route=\/wp\/v2\/posts\/29635"}],"collection":[{"href":"https:\/\/diariotribuna.com.br\/index.php?rest_route=\/wp\/v2\/posts"}],"about":[{"href":"https:\/\/diariotribuna.com.br\/index.php?rest_route=\/wp\/v2\/types\/post"}],"author":[{"embeddable":true,"href":"https:\/\/diariotribuna.com.br\/index.php?rest_route=\/wp\/v2\/users\/1"}],"replies":[{"embeddable":true,"href":"https:\/\/diariotribuna.com.br\/index.php?rest_route=%2Fwp%2Fv2%2Fcomments&post=29635"}],"version-history":[{"count":1,"href":"https:\/\/diariotribuna.com.br\/index.php?rest_route=\/wp\/v2\/posts\/29635\/revisions"}],"predecessor-version":[{"id":29646,"href":"https:\/\/diariotribuna.com.br\/index.php?rest_route=\/wp\/v2\/posts\/29635\/revisions\/29646"}],"wp:featuredmedia":[{"embeddable":true,"href":"https:\/\/diariotribuna.com.br\/index.php?rest_route=\/wp\/v2\/media\/29636"}],"wp:attachment":[{"href":"https:\/\/diariotribuna.com.br\/index.php?rest_route=%2Fwp%2Fv2%2Fmedia&parent=29635"}],"wp:term":[{"taxonomy":"category","embeddable":true,"href":"https:\/\/diariotribuna.com.br\/index.php?rest_route=%2Fwp%2Fv2%2Fcategories&post=29635"},{"taxonomy":"post_tag","embeddable":true,"href":"https:\/\/diariotribuna.com.br\/index.php?rest_route=%2Fwp%2Fv2%2Ftags&post=29635"}],"curies":[{"name":"wp","href":"https:\/\/api.w.org\/{rel}","templated":true}]}}