{"id":29647,"date":"2025-04-30T22:00:50","date_gmt":"2025-05-01T01:00:50","guid":{"rendered":"https:\/\/diariotribuna.com.br\/?p=29647"},"modified":"2025-05-01T21:05:56","modified_gmt":"2025-05-02T00:05:56","slug":"policia-civil-prende-suspeito-de-estuprar-crianca-de-10-anos","status":"publish","type":"post","link":"https:\/\/diariotribuna.com.br\/?p=29647","title":{"rendered":"Pol\u00edcia Civil prende suspeito de estuprar crian\u00e7a de 10 anos"},"content":{"rendered":"\n<figure class=\"wp-block-image size-full is-resized\"><img loading=\"lazy\" decoding=\"async\" width=\"700\" height=\"551\" src=\"https:\/\/diariotribuna.com.br\/wp-content\/uploads\/2025\/04\/pcmg_delegacia-regional-em-nanuque-16-4-2025.jpg\" alt=\"\" class=\"wp-image-29648\" style=\"width:343px;height:auto\" srcset=\"https:\/\/diariotribuna.com.br\/wp-content\/uploads\/2025\/04\/pcmg_delegacia-regional-em-nanuque-16-4-2025.jpg 700w, https:\/\/diariotribuna.com.br\/wp-content\/uploads\/2025\/04\/pcmg_delegacia-regional-em-nanuque-16-4-2025-300x236.jpg 300w, https:\/\/diariotribuna.com.br\/wp-content\/uploads\/2025\/04\/pcmg_delegacia-regional-em-nanuque-16-4-2025-696x548.jpg 696w, https:\/\/diariotribuna.com.br\/wp-content\/uploads\/2025\/04\/pcmg_delegacia-regional-em-nanuque-16-4-2025-534x420.jpg 534w\" sizes=\"(max-width: 700px) 100vw, 700px\" \/><\/figure>\n\n\n\n<p><strong>NANUQUE \u2013<\/strong> Um homem de 45 anos foi preso pela Pol\u00edcia Civil de Minas Gerais, em Nanuque, na \u00faltima sexta-feira (25\/4), suspeito de estuprar uma crian\u00e7a de 10 anos. De acordo com a Pol\u00edcia Civil, as investiga\u00e7\u00f5es apontam que, no dia do crime, o suspeito, um comerciante, compareceu \u00e0 resid\u00eancia da av\u00f3 da v\u00edtima, que tem Transtorno de Espectro Autista (TEA), e pediu para aguardar no local at\u00e9 que pudesse pegar \u00f3leo em um posto de combust\u00edvel.<\/p>\n\n\n\n<p>A av\u00f3 da v\u00edtima permitiu a entrada do homem e, posteriormente, aceitou ajuda dele para limpar uma casa para onde estava se mudando. Durante um momento de aus\u00eancia da respons\u00e1vel, o suspeito teria se aproveitado para cometer os atos libidinosos contra a crian\u00e7a. A v\u00edtima relatou \u00e0 pol\u00edcia, ainda, que, ao tentar gritar, o investigado tapou a boca dela e a amea\u00e7ou, dizendo que mataria seus familiares caso ela contasse o ocorrido.<\/p>\n\n\n\n<p>A investiga\u00e7\u00e3o foi conduzida pela Delegacia Especializada em Atendimento \u00e0 Mulher (Deam) em Nanuque. Equipe PCMG: delegado Lucas Pereira Scaramussa e investigadores Naiara Dutra, Breno Mohandas, Paola Trov\u00f5es e Thiago de Figueiredo. (Informa\u00e7\u00f5es\/Foto: assessoria de comunica\u00e7\u00e3o da PCMG\/ Nanuque)<\/p>\n","protected":false},"excerpt":{"rendered":"<p>NANUQUE \u2013 Um homem de 45 anos foi preso pela Pol\u00edcia Civil de Minas Gerais, em Nanuque, na \u00faltima sexta-feira (25\/4), suspeito de estuprar uma crian\u00e7a de 10 anos. De acordo com a Pol\u00edcia Civil, as investiga\u00e7\u00f5es apontam que, no dia do crime, o suspeito, um comerciante, compareceu \u00e0 resid\u00eancia da av\u00f3 da v\u00edtima, que [&hellip;]<\/p>\n","protected":false},"author":1,"featured_media":29648,"comment_status":"open","ping_status":"open","sticky":false,"template":"","format":"standard","meta":{"rop_custom_images_group":[],"rop_custom_messages_group":[],"rop_publish_now":"initial","rop_publish_now_accounts":[],"rop_publish_now_history":[],"rop_publish_now_status":"pending","footnotes":""},"categories":[20],"tags":[611,1086,122,76],"class_list":["post-29647","post","type-post","status-publish","format-standard","has-post-thumbnail","hentry","category-policia","tag-crianca","tag-estupro","tag-nanuque","tag-policia-militar"],"_links":{"self":[{"href":"https:\/\/diariotribuna.com.br\/index.php?rest_route=\/wp\/v2\/posts\/29647"}],"collection":[{"href":"https:\/\/diariotribuna.com.br\/index.php?rest_route=\/wp\/v2\/posts"}],"about":[{"href":"https:\/\/diariotribuna.com.br\/index.php?rest_route=\/wp\/v2\/types\/post"}],"author":[{"embeddable":true,"href":"https:\/\/diariotribuna.com.br\/index.php?rest_route=\/wp\/v2\/users\/1"}],"replies":[{"embeddable":true,"href":"https:\/\/diariotribuna.com.br\/index.php?rest_route=%2Fwp%2Fv2%2Fcomments&post=29647"}],"version-history":[{"count":2,"href":"https:\/\/diariotribuna.com.br\/index.php?rest_route=\/wp\/v2\/posts\/29647\/revisions"}],"predecessor-version":[{"id":29650,"href":"https:\/\/diariotribuna.com.br\/index.php?rest_route=\/wp\/v2\/posts\/29647\/revisions\/29650"}],"wp:featuredmedia":[{"embeddable":true,"href":"https:\/\/diariotribuna.com.br\/index.php?rest_route=\/wp\/v2\/media\/29648"}],"wp:attachment":[{"href":"https:\/\/diariotribuna.com.br\/index.php?rest_route=%2Fwp%2Fv2%2Fmedia&parent=29647"}],"wp:term":[{"taxonomy":"category","embeddable":true,"href":"https:\/\/diariotribuna.com.br\/index.php?rest_route=%2Fwp%2Fv2%2Fcategories&post=29647"},{"taxonomy":"post_tag","embeddable":true,"href":"https:\/\/diariotribuna.com.br\/index.php?rest_route=%2Fwp%2Fv2%2Ftags&post=29647"}],"curies":[{"name":"wp","href":"https:\/\/api.w.org\/{rel}","templated":true}]}}