{"id":29651,"date":"2025-05-01T21:00:43","date_gmt":"2025-05-02T00:00:43","guid":{"rendered":"https:\/\/diariotribuna.com.br\/?p=29651"},"modified":"2025-05-01T21:05:04","modified_gmt":"2025-05-02T00:05:04","slug":"daniel-sucupira-aceita-convite-do-ministro-alexandre-padilha-para-compor-a-equipe-do-ministerio-da-saude","status":"publish","type":"post","link":"https:\/\/diariotribuna.com.br\/?p=29651","title":{"rendered":"Daniel Sucupira aceita convite do Ministro Alexandre Padilha para compor a equipe do Minist\u00e9rio da Sa\u00fade"},"content":{"rendered":"\n<figure class=\"wp-block-image size-full is-resized\"><img loading=\"lazy\" decoding=\"async\" width=\"693\" height=\"626\" src=\"https:\/\/diariotribuna.com.br\/wp-content\/uploads\/2025\/05\/unnamed-file.jpg\" alt=\"\" class=\"wp-image-29652\" style=\"width:440px;height:auto\" srcset=\"https:\/\/diariotribuna.com.br\/wp-content\/uploads\/2025\/05\/unnamed-file.jpg 693w, https:\/\/diariotribuna.com.br\/wp-content\/uploads\/2025\/05\/unnamed-file-300x271.jpg 300w, https:\/\/diariotribuna.com.br\/wp-content\/uploads\/2025\/05\/unnamed-file-465x420.jpg 465w\" sizes=\"(max-width: 693px) 100vw, 693px\" \/><figcaption class=\"wp-element-caption\"><strong>&#8220;Que venham os novos desafios e conquistas&#8221; &#8211; Daniel Sucupira<\/strong><\/figcaption><\/figure>\n\n\n\n<p>O ex-prefeito de Te\u00f3filo Otoni, por dois mandatos consecutivos, Daniel Sucupira, agora faz parte da equipe do Minist\u00e9rio da Sa\u00fade. O an\u00fancio oficial foi feito pelo Ministro da Sa\u00fade, Alexandre Padilha, que falou da sua alegria por Sucupira ter aceitado o seu convite. Em v\u00eddeo, Padilha deu a not\u00edcia e pontuou que Sucupira ser\u00e1 um parceiro estrat\u00e9gico do MS em Minas Gerais.<\/p>\n\n\n\n<p>\u201cA gente est\u00e1 implantando uma a\u00e7\u00e3o muito importante aqui em Minas Gerais, que \u00e9 para poupar o tempo no atendimento m\u00e9dico especializado. Fizemos um diagn\u00f3stico, plano j\u00e1 definido, um milh\u00e3o e duzentos mil procedimentos, cirurgias, v\u00e3o acontecer nessa nova modalidade de poupar tempo no atendimento especializado aqui em Minas Gerais\u201d, disse Padilha, destacando que Sucupira vai ajudar implementar esse trabalho aqui no Estado.<\/p>\n\n\n\n<figure class=\"wp-block-image size-full is-resized\"><img loading=\"lazy\" decoding=\"async\" width=\"700\" height=\"564\" src=\"https:\/\/diariotribuna.com.br\/wp-content\/uploads\/2025\/05\/Imagem-do-WhatsApp-de-2025-05-01-as-15.29.05_5bba51d9.jpg\" alt=\"\" class=\"wp-image-29653\" style=\"width:482px;height:auto\" srcset=\"https:\/\/diariotribuna.com.br\/wp-content\/uploads\/2025\/05\/Imagem-do-WhatsApp-de-2025-05-01-as-15.29.05_5bba51d9.jpg 700w, https:\/\/diariotribuna.com.br\/wp-content\/uploads\/2025\/05\/Imagem-do-WhatsApp-de-2025-05-01-as-15.29.05_5bba51d9-300x242.jpg 300w, https:\/\/diariotribuna.com.br\/wp-content\/uploads\/2025\/05\/Imagem-do-WhatsApp-de-2025-05-01-as-15.29.05_5bba51d9-696x561.jpg 696w, https:\/\/diariotribuna.com.br\/wp-content\/uploads\/2025\/05\/Imagem-do-WhatsApp-de-2025-05-01-as-15.29.05_5bba51d9-521x420.jpg 521w\" sizes=\"(max-width: 700px) 100vw, 700px\" \/><\/figure>\n\n\n\n<p><strong>Daniel Sucupira agradeceu ao Ministro pelo convite, agradeceu ao presidente Lula<\/strong>, e ressaltou que, o MS est\u00e1 presente e firme em Minas, garantindo a sa\u00fade t\u00e3o importante para o povo. \u201cCom um sentimento de gratid\u00e3o e compromisso com nosso pa\u00eds e com as pessoas, aceitei o convite do nosso presidente\u00a0Lula\u00a0e do nosso Ministro\u00a0Padilha\u00a0para somar a equipe do\u00a0Minist\u00e9rio da Sa\u00fade. Sigo \u00e0 disposi\u00e7\u00e3o dos gestores p\u00fablicos, dos parlamentares, dos profissionais da sa\u00fade e, principalmente do nosso povo, que para ter atendimento da sa\u00fade precisa do SUS. Que venham os novos desafios e conquistas\u201d, disse.<\/p>\n\n\n\n<p>Quando prefeito de Te\u00f3filo Otoni, Daniel Sucupira j\u00e1 tinha la\u00e7os estreitos com o ministro Alexandre Padilha, que vinha com certa frequ\u00eancia na cidade, em visitas aos hospitais Doutor Raimundo Gobira e Bom Samaritano, e outras agendas, al\u00e9m de outros ministros e da forte liga\u00e7\u00e3o com o presidente Lula. Grande lideran\u00e7a pol\u00edtica na regi\u00e3o e no estado, Sucupira continua atuando em prol da cidade, fortalecendo ainda mais agora, com ocupa\u00e7\u00e3o de cargo no Minist\u00e9rio da Sa\u00fade. Ganha Te\u00f3filo Otoni, ganha Minas, ganha o povo.<\/p>\n\n\n\n<figure class=\"wp-block-image size-large is-resized\"><img loading=\"lazy\" decoding=\"async\" width=\"620\" height=\"1024\" src=\"https:\/\/diariotribuna.com.br\/wp-content\/uploads\/2025\/05\/Imagem-do-WhatsApp-de-2025-05-01-as-15.25.25_9530cac6-620x1024.jpg\" alt=\"\" class=\"wp-image-29654\" style=\"width:357px;height:auto\" srcset=\"https:\/\/diariotribuna.com.br\/wp-content\/uploads\/2025\/05\/Imagem-do-WhatsApp-de-2025-05-01-as-15.25.25_9530cac6-620x1024.jpg 620w, https:\/\/diariotribuna.com.br\/wp-content\/uploads\/2025\/05\/Imagem-do-WhatsApp-de-2025-05-01-as-15.25.25_9530cac6-182x300.jpg 182w, https:\/\/diariotribuna.com.br\/wp-content\/uploads\/2025\/05\/Imagem-do-WhatsApp-de-2025-05-01-as-15.25.25_9530cac6-254x420.jpg 254w, https:\/\/diariotribuna.com.br\/wp-content\/uploads\/2025\/05\/Imagem-do-WhatsApp-de-2025-05-01-as-15.25.25_9530cac6.jpg 647w\" sizes=\"(max-width: 620px) 100vw, 620px\" \/><\/figure>\n","protected":false},"excerpt":{"rendered":"<p>O ex-prefeito de Te\u00f3filo Otoni, por dois mandatos consecutivos, Daniel Sucupira, agora faz parte da equipe do Minist\u00e9rio da Sa\u00fade. O an\u00fancio oficial foi feito pelo Ministro da Sa\u00fade, Alexandre Padilha, que falou da sua alegria por Sucupira ter aceitado o seu convite. Em v\u00eddeo, Padilha deu a not\u00edcia e pontuou que Sucupira ser\u00e1 um [&hellip;]<\/p>\n","protected":false},"author":1,"featured_media":29652,"comment_status":"open","ping_status":"open","sticky":false,"template":"","format":"standard","meta":{"rop_custom_images_group":[],"rop_custom_messages_group":[],"rop_publish_now":"initial","rop_publish_now_accounts":[],"rop_publish_now_history":[],"rop_publish_now_status":"pending","footnotes":""},"categories":[25,19],"tags":[2292,1216,75],"class_list":["post-29651","post","type-post","status-publish","format-standard","has-post-thumbnail","hentry","category-destaque","category-gerais","tag-daniel-sucupira","tag-ministerio-da-saude","tag-teofilo-otoni"],"_links":{"self":[{"href":"https:\/\/diariotribuna.com.br\/index.php?rest_route=\/wp\/v2\/posts\/29651"}],"collection":[{"href":"https:\/\/diariotribuna.com.br\/index.php?rest_route=\/wp\/v2\/posts"}],"about":[{"href":"https:\/\/diariotribuna.com.br\/index.php?rest_route=\/wp\/v2\/types\/post"}],"author":[{"embeddable":true,"href":"https:\/\/diariotribuna.com.br\/index.php?rest_route=\/wp\/v2\/users\/1"}],"replies":[{"embeddable":true,"href":"https:\/\/diariotribuna.com.br\/index.php?rest_route=%2Fwp%2Fv2%2Fcomments&post=29651"}],"version-history":[{"count":2,"href":"https:\/\/diariotribuna.com.br\/index.php?rest_route=\/wp\/v2\/posts\/29651\/revisions"}],"predecessor-version":[{"id":29656,"href":"https:\/\/diariotribuna.com.br\/index.php?rest_route=\/wp\/v2\/posts\/29651\/revisions\/29656"}],"wp:featuredmedia":[{"embeddable":true,"href":"https:\/\/diariotribuna.com.br\/index.php?rest_route=\/wp\/v2\/media\/29652"}],"wp:attachment":[{"href":"https:\/\/diariotribuna.com.br\/index.php?rest_route=%2Fwp%2Fv2%2Fmedia&parent=29651"}],"wp:term":[{"taxonomy":"category","embeddable":true,"href":"https:\/\/diariotribuna.com.br\/index.php?rest_route=%2Fwp%2Fv2%2Fcategories&post=29651"},{"taxonomy":"post_tag","embeddable":true,"href":"https:\/\/diariotribuna.com.br\/index.php?rest_route=%2Fwp%2Fv2%2Ftags&post=29651"}],"curies":[{"name":"wp","href":"https:\/\/api.w.org\/{rel}","templated":true}]}}