{"id":29665,"date":"2025-05-02T11:40:04","date_gmt":"2025-05-02T14:40:04","guid":{"rendered":"https:\/\/diariotribuna.com.br\/?p=29665"},"modified":"2025-05-02T11:40:04","modified_gmt":"2025-05-02T14:40:04","slug":"vaca-avaliada-em-r-152-milhoes","status":"publish","type":"post","link":"https:\/\/diariotribuna.com.br\/?p=29665","title":{"rendered":"Vaca avaliada em R$ 15,2 milh\u00f5es\u00a0"},"content":{"rendered":"<p><em><span>Foto: Divulga\u00e7\u00e3o\/Programa Leil\u00f5es<\/span><\/em><\/p>\n<p><strong><span>COLUNA MG<\/span><\/strong><br \/><span>Principais destaques dos jornais e portais integrantes da rede Sindijori MG <\/span><br \/><span><a href=\"http:\/\/www.sindijorimg.com.br\/\">www.sindijorimg.com.br<\/a><\/span><\/p>\n<p><strong><span>Vaca avaliada em R$ 15,2 milh\u00f5es<\/span><\/strong><br \/><span>Um novo marco foi estabelecido no mercado de pecu\u00e1ria de elite com a valoriza\u00e7\u00e3o da vaca Ibiza FIV Surreal, da ra\u00e7a Nelore Pintado. Aos quatro anos de idade, o animal alcan\u00e7ou o impressionante valor de R$ 15,2 milh\u00f5es ap\u00f3s um leil\u00e3o realizado em abril, em Uberaba. Durante o evento, uma cota de 25% da f\u00eamea foi arrematada por R$ 3,8 milh\u00f5es, refor\u00e7ando a posi\u00e7\u00e3o de Ibiza como o exemplar mais valorizado de sua ra\u00e7a. A vaca j\u00e1 havia quebrado recordes anteriormente, em setembro de 2024, quando uma participa\u00e7\u00e3o de 33% foi vendida por R$ 3,15 milh\u00f5es. (Jornal da Manh\u00e3 \u2013 Uberaba)<\/span><br \/><span><a href=\"https:\/\/www.jmonline.com.br\/cidade\/vaca-quebra-o-proprio-recorde-e-e-avaliada-em-r-15-2-milh-es-em-leil-o-em-uberaba-1.496369\">https:\/\/www.jmonline.com.br\/cidade\/vaca-quebra-o-proprio-recorde-e-e-avaliada-em-r-15-2-milh-es-em-leil-o-em-uberaba-1.496369<\/a><\/span><\/p>\n<p><strong><span>Lei cria 24 cargos para a Educa\u00e7\u00e3o<\/span><\/strong><br \/><span>A Lei Municipal n\u00ba 3.189, sancionada em 24 de abril de 2025, cria 24 novos cargos tempor\u00e1rios para a \u00e1rea de Educa\u00e7\u00e3o em Arcos, com o objetivo de refor\u00e7ar servi\u00e7os essenciais nas escolas municipais. S\u00e3o 10 vagas para &#8220;Instrutor Educacional&#8221;, 10 para &#8220;Oficineiros&#8221; e 4 para &#8220;Coordenador de Tempo Integral&#8221;. Os cargos variam em remunera\u00e7\u00e3o de R$ 2.433,88 a R$ 3.042,35, com carga hor\u00e1ria semanal de 20 a 25 horas. Os profissionais atuar\u00e3o em \u00e1reas como Portugu\u00eas, Matem\u00e1tica, Oficinas de Arte, Esportes e Educa\u00e7\u00e3o Financeira, al\u00e9m de coordenar o projeto de Educa\u00e7\u00e3o Integral nas escolas. (Correio Centro Oeste \u2013 Arcos)<\/span><br \/><span><a href=\"https:\/\/www.jornalcco.com.br\/lei-municipal-de-arcos-cria-24-cargos-para-a-educacao\">https:\/\/www.jornalcco.com.br\/lei-municipal-de-arcos-cria-24-cargos-para-a-educacao<\/a><\/span><\/p>\n<p><strong><span>Ind\u00fastria aeron\u00e1utica atrai R$ 1,1 bilh\u00e3o <\/span><\/strong><br \/><span>A ind\u00fastria aeron\u00e1utica em Minas Gerais vive uma fase de grande expans\u00e3o, atraindo R$ 1,1 bilh\u00e3o em investimentos nos \u00faltimos cinco anos, um aumento de 16 vezes em rela\u00e7\u00e3o ao per\u00edodo anterior. Cidades como Itajub\u00e1 e Santa Rita do Sapuca\u00ed, no Sul de Minas, se destacam como polos tecnol\u00f3gicos com 67 empresas e 1,4 mil empregos diretos na manuten\u00e7\u00e3o de aeronaves, incluindo a Helibras, l\u00edder mundial em helic\u00f3pteros. O Estado tamb\u00e9m est\u00e1 ampliando sua infraestrutura aeroportu\u00e1ria, com foco em novos voos e terminais, e intensificando a atra\u00e7\u00e3o de empresas a\u00e9reas para fortalecer o setor, incluindo negocia\u00e7\u00f5es para a fabrica\u00e7\u00e3o de aeronaves e turbinas. (Di\u00e1rio do Com\u00e9rcio \u2013 Belo Horizonte)<\/span><br \/><span><a href=\"https:\/\/diariodocomercio.com.br\/economia\/industria-aeronautica-atracao-investimentos-minas-gerais\/\">https:\/\/diariodocomercio.com.br\/economia\/industria-aeronautica-atracao-investimentos-minas-gerais\/<\/a><\/span><\/p>\n<p><strong><span>Vacina\u00e7\u00e3o contra influenza \u00e9 ampliada<\/span><\/strong><br \/><span>O Governo de Minas Gerais ampliou a vacina\u00e7\u00e3o contra a influenza para toda a popula\u00e7\u00e3o a partir de 6 meses de idade, com o objetivo de reduzir a incid\u00eancia de doen\u00e7as respirat\u00f3rias durante o outono. A medida foi oficializada pela Secretaria de Estado de Sa\u00fade (SES-MG) e visa proteger um n\u00famero maior de pessoas, especialmente durante o per\u00edodo de maior circula\u00e7\u00e3o de v\u00edrus respirat\u00f3rios. A vacina\u00e7\u00e3o est\u00e1 dispon\u00edvel nas Unidades B\u00e1sicas de Sa\u00fade (UBS), vacim\u00f3veis e postos itinerantes, com hor\u00e1rios ampliados, incluindo fins de semana e hor\u00e1rios de almo\u00e7o. A campanha tamb\u00e9m inclui a\u00e7\u00f5es espec\u00edficas para grupos vulner\u00e1veis, como pessoas em situa\u00e7\u00e3o de rua e comunidades quilombolas. (Correio da Cidade \u2013 Lafaiete)<\/span><br \/><span><a href=\"https:\/\/jornalcorreiodacidade.com.br\/noticias\/41383-vacinacao-contra-influenza-e-ampliada-para-todos-os-mineiros-a-partir-de-6-meses\">https:\/\/jornalcorreiodacidade.com.br\/noticias\/41383-vacinacao-contra-influenza-e-ampliada-para-todos-os-mineiros-a-partir-de-6-meses<\/a><\/span><\/p>\n<p><strong><span>Com\u00e9rcio reivindica menos burocracia<\/span><\/strong><br \/><span>Em uma audi\u00eancia p\u00fablica realizada em 29 de abril, representantes do com\u00e9rcio de Governador Valadares se reuniram para discutir a atualiza\u00e7\u00e3o das legisla\u00e7\u00f5es relacionadas ao uso e ocupa\u00e7\u00e3o do solo, com o objetivo de desburocratizar processos e impulsionar o desenvolvimento do setor. O debate abordou temas como a instala\u00e7\u00e3o de parklets, regras para mesas e cadeiras nas cal\u00e7adas, e regulamenta\u00e7\u00f5es sobre publicidade. Os participantes ressaltaram a necessidade de modernizar as normas vigentes, garantindo clareza e objetividade nas leis para evitar inseguran\u00e7a jur\u00eddica e facilitar a atua\u00e7\u00e3o dos empres\u00e1rios. (Di\u00e1rio do Rio Doce \u2013 Valadares)<\/span><br \/><span><a href=\"https:\/\/drd.com.br\/setor-de-comercio-em-valadares-reivindica-menos-burocracia-e-mais-clareza-nas-leis-municipais\/\">https:\/\/drd.com.br\/setor-de-comercio-em-valadares-reivindica-menos-burocracia-e-mais-clareza-nas-leis-municipais\/<\/a><\/span><\/p>\n<p><strong><span>Eleitores de Caet\u00e9 perdem t\u00edtulos<\/span><\/strong><br \/><span>Eleitores que n\u00e3o votaram e n\u00e3o justificaram a aus\u00eancia \u00e0s urnas nos tr\u00eas \u00faltimos turnos de vota\u00e7\u00e3o devem regularizar a situa\u00e7\u00e3o perante a Justi\u00e7a Eleitoral at\u00e9 o dia 19 de maio. Em Minas Gerais, 504.820 pessoas est\u00e3o nessa situa\u00e7\u00e3o, o que equivale a 3,07% do eleitorado apto a votar (16.465.068). S\u00f3 Caet\u00e9, 658 pessoas tamb\u00e9m correm o risco de terem o t\u00edtulo cancelado, num universo de 34.538 eleitores aptos atualmente. Quem n\u00e3o regularizar a situa\u00e7\u00e3o at\u00e9 19 de maio ter\u00e1 o t\u00edtulo de eleitor cancelado e ficar\u00e1 sem quita\u00e7\u00e3o eleitoral. (Jornal Opini\u00e3o \u2013 Caet\u00e9)<\/span><br \/><span><a href=\"https:\/\/www.opiniaocaete.com.br\/658-titulos-de-eleitor-podem-ser-cancelados-em-caete-no-dia-20-de-maio\/\">https:\/\/www.opiniaocaete.com.br\/658-titulos-de-eleitor-podem-ser-cancelados-em-caete-no-dia-20-de-maio\/<\/a><\/span><\/p>\n<p><span><\/span><\/p>\n<p>\u00a0<\/p>","protected":false},"excerpt":{"rendered":"<p>Foto: Divulga\u00e7\u00e3o\/Programa Leil\u00f5es COLUNA MGPrincipais destaques dos jornais e portais integrantes da rede Sindijori MG www.sindijorimg.com.br Vaca avaliada em R$ 15,2 milh\u00f5esUm novo marco foi estabelecido no mercado de pecu\u00e1ria de elite com a valoriza\u00e7\u00e3o da vaca Ibiza FIV Surreal, da ra\u00e7a Nelore Pintado. Aos quatro anos de idade, o animal alcan\u00e7ou o impressionante valor [&hellip;]<\/p>\n","protected":false},"author":0,"featured_media":29666,"comment_status":"open","ping_status":"open","sticky":false,"template":"","format":"standard","meta":{"rop_custom_images_group":[],"rop_custom_messages_group":[],"rop_publish_now":"initial","rop_publish_now_accounts":[],"rop_publish_now_history":[],"rop_publish_now_status":"pending","footnotes":""},"categories":[6745],"tags":[],"class_list":["post-29665","post","type-post","status-publish","format-standard","has-post-thumbnail","hentry","category-coluna-sindijori"],"_links":{"self":[{"href":"https:\/\/diariotribuna.com.br\/index.php?rest_route=\/wp\/v2\/posts\/29665"}],"collection":[{"href":"https:\/\/diariotribuna.com.br\/index.php?rest_route=\/wp\/v2\/posts"}],"about":[{"href":"https:\/\/diariotribuna.com.br\/index.php?rest_route=\/wp\/v2\/types\/post"}],"replies":[{"embeddable":true,"href":"https:\/\/diariotribuna.com.br\/index.php?rest_route=%2Fwp%2Fv2%2Fcomments&post=29665"}],"version-history":[{"count":0,"href":"https:\/\/diariotribuna.com.br\/index.php?rest_route=\/wp\/v2\/posts\/29665\/revisions"}],"wp:featuredmedia":[{"embeddable":true,"href":"https:\/\/diariotribuna.com.br\/index.php?rest_route=\/wp\/v2\/media\/29666"}],"wp:attachment":[{"href":"https:\/\/diariotribuna.com.br\/index.php?rest_route=%2Fwp%2Fv2%2Fmedia&parent=29665"}],"wp:term":[{"taxonomy":"category","embeddable":true,"href":"https:\/\/diariotribuna.com.br\/index.php?rest_route=%2Fwp%2Fv2%2Fcategories&post=29665"},{"taxonomy":"post_tag","embeddable":true,"href":"https:\/\/diariotribuna.com.br\/index.php?rest_route=%2Fwp%2Fv2%2Ftags&post=29665"}],"curies":[{"name":"wp","href":"https:\/\/api.w.org\/{rel}","templated":true}]}}