{"id":29667,"date":"2025-05-02T14:18:05","date_gmt":"2025-05-02T17:18:05","guid":{"rendered":"https:\/\/diariotribuna.com.br\/?p=29667"},"modified":"2025-05-02T14:18:05","modified_gmt":"2025-05-02T17:18:05","slug":"pecuaristas-do-norte-de-minas-investem-em-leiloes","status":"publish","type":"post","link":"https:\/\/diariotribuna.com.br\/?p=29667","title":{"rendered":"Pecuaristas do Norte de Minas investem em leil\u00f5es\u00a0"},"content":{"rendered":"<p class=\"MsoNormal\"><span>FAEMG SENAR | Divulga\u00e7\u00e3o<\/span><\/p>\n<p><\/p>\n<p class=\"\">Uma das regi\u00f5es de Minas Gerais com maior n\u00famero de bovinos \u2014 <strong>mais de 2,5 milh\u00f5es de cabe\u00e7as<\/strong> \u2014, o <strong>Norte do estado<\/strong> tem conquistado novos mercados com a evolu\u00e7\u00e3o gen\u00e9tica e a qualidade da cria\u00e7\u00e3o. O trabalho nas propriedades conta com o apoio do <strong>Programa de Assist\u00eancia T\u00e9cnica e Gerencial (ATeG)<\/strong>, que contribui diretamente para o planejamento das <strong>pequenas e m\u00e9dias fazendas dedicadas \u00e0 bovinocultura<\/strong>. Nesses locais, os produtores t\u00eam se especializado em <strong>mapeamento de mercado<\/strong>, atuando com efici\u00eancia na <strong>compra e venda de animais em leil\u00f5es e feiras<\/strong>.<\/p>\n<p class=\"\">Em <strong>S\u00e3o Francisco<\/strong>, o produtor rural <strong>Jos\u00e9 Alvino Pinto Vieira<\/strong> prepara, mensalmente, novos lotes para comercializa\u00e7\u00e3o. A fazenda, que antes era voltada \u00e0 produ\u00e7\u00e3o de leite, passou por uma transforma\u00e7\u00e3o nos \u00faltimos anos: houve <strong>padroniza\u00e7\u00e3o do rebanho<\/strong>, <strong>melhoria das pastagens<\/strong>, <strong>an\u00e1lises de solo<\/strong> e <strong>ado\u00e7\u00e3o de t\u00e9cnicas de aduba\u00e7\u00e3o<\/strong> \u2014 tudo voltado para garantir a entrega de <strong>animais de alta qualidade<\/strong> ao mercado.<\/p>\n<p class=\"\">\u201cJ\u00e1 tem de quatro a cinco anos que eu fa\u00e7o a recria. Adquiro os bezerros nos leil\u00f5es com m\u00e9dia de cinco arrobas e meia, e levamos at\u00e9 10 arrobas, no m\u00e1ximo 11, para a venda ao criador que vai fazer a termina\u00e7\u00e3o\u201d, explica Jos\u00e9 Alvino.<\/p>\n<p class=\"\">Outro exemplo vem de <strong>Eduardo Jos\u00e9 Vieira J\u00fanior<\/strong>, que identificou nos leil\u00f5es uma boa oportunidade de neg\u00f3cio. Ao lado do t\u00e9cnico de campo do ATeG, ele montou uma estrat\u00e9gia para <strong>aproveitar o calend\u00e1rio das feiras de animais com maior precis\u00e3o<\/strong>.<\/p>\n<p class=\"\">\n<\/p><p class=\"\">\u201cAntes a gente n\u00e3o tinha per\u00edodo certo para colocar os animais em reprodu\u00e7\u00e3o. Agora definimos o per\u00edodo de monta j\u00e1 visualizando o leil\u00e3o, planejamos o cruzamento no momento em que o capim j\u00e1 est\u00e1 verde. Hoje, os leil\u00f5es representam uma parcela significativa da renda da fazenda\u201d, afirma o produtor.<\/p>\n<p>\u00a0<\/p>","protected":false},"excerpt":{"rendered":"<p>FAEMG SENAR | Divulga\u00e7\u00e3o Uma das regi\u00f5es de Minas Gerais com maior n\u00famero de bovinos \u2014 mais de 2,5 milh\u00f5es de cabe\u00e7as \u2014, o Norte do estado tem conquistado novos mercados com a evolu\u00e7\u00e3o gen\u00e9tica e a qualidade da cria\u00e7\u00e3o. O trabalho nas propriedades conta com o apoio do Programa de Assist\u00eancia T\u00e9cnica e Gerencial [&hellip;]<\/p>\n","protected":false},"author":0,"featured_media":29668,"comment_status":"open","ping_status":"open","sticky":false,"template":"","format":"standard","meta":{"rop_custom_images_group":[],"rop_custom_messages_group":[],"rop_publish_now":"initial","rop_publish_now_accounts":[],"rop_publish_now_history":[],"rop_publish_now_status":"pending","footnotes":""},"categories":[6745],"tags":[],"class_list":["post-29667","post","type-post","status-publish","format-standard","has-post-thumbnail","hentry","category-coluna-sindijori"],"_links":{"self":[{"href":"https:\/\/diariotribuna.com.br\/index.php?rest_route=\/wp\/v2\/posts\/29667"}],"collection":[{"href":"https:\/\/diariotribuna.com.br\/index.php?rest_route=\/wp\/v2\/posts"}],"about":[{"href":"https:\/\/diariotribuna.com.br\/index.php?rest_route=\/wp\/v2\/types\/post"}],"replies":[{"embeddable":true,"href":"https:\/\/diariotribuna.com.br\/index.php?rest_route=%2Fwp%2Fv2%2Fcomments&post=29667"}],"version-history":[{"count":0,"href":"https:\/\/diariotribuna.com.br\/index.php?rest_route=\/wp\/v2\/posts\/29667\/revisions"}],"wp:featuredmedia":[{"embeddable":true,"href":"https:\/\/diariotribuna.com.br\/index.php?rest_route=\/wp\/v2\/media\/29668"}],"wp:attachment":[{"href":"https:\/\/diariotribuna.com.br\/index.php?rest_route=%2Fwp%2Fv2%2Fmedia&parent=29667"}],"wp:term":[{"taxonomy":"category","embeddable":true,"href":"https:\/\/diariotribuna.com.br\/index.php?rest_route=%2Fwp%2Fv2%2Fcategories&post=29667"},{"taxonomy":"post_tag","embeddable":true,"href":"https:\/\/diariotribuna.com.br\/index.php?rest_route=%2Fwp%2Fv2%2Ftags&post=29667"}],"curies":[{"name":"wp","href":"https:\/\/api.w.org\/{rel}","templated":true}]}}