{"id":29669,"date":"2025-05-02T20:34:26","date_gmt":"2025-05-02T23:34:26","guid":{"rendered":"https:\/\/diariotribuna.com.br\/?p=29669"},"modified":"2025-05-07T23:09:23","modified_gmt":"2025-05-08T02:09:23","slug":"maio-laranja-pcmg-reforca-combate-ao-abuso-e-a-exploracao-sexual-infantojuvenil","status":"publish","type":"post","link":"https:\/\/diariotribuna.com.br\/?p=29669","title":{"rendered":"Maio Laranja: PCMG refor\u00e7a combate ao abuso e \u00e0 explora\u00e7\u00e3o sexual infantojuvenil"},"content":{"rendered":"\n<figure class=\"wp-block-image size-full is-resized\"><img loading=\"lazy\" decoding=\"async\" width=\"700\" height=\"456\" src=\"https:\/\/diariotribuna.com.br\/wp-content\/uploads\/2025\/05\/Imagem-do-WhatsApp-de-2025-04-30-as-11.02.03_2be30cac.jpg\" alt=\"\" class=\"wp-image-29672\" style=\"width:377px;height:auto\" srcset=\"https:\/\/diariotribuna.com.br\/wp-content\/uploads\/2025\/05\/Imagem-do-WhatsApp-de-2025-04-30-as-11.02.03_2be30cac.jpg 700w, https:\/\/diariotribuna.com.br\/wp-content\/uploads\/2025\/05\/Imagem-do-WhatsApp-de-2025-04-30-as-11.02.03_2be30cac-300x195.jpg 300w, https:\/\/diariotribuna.com.br\/wp-content\/uploads\/2025\/05\/Imagem-do-WhatsApp-de-2025-04-30-as-11.02.03_2be30cac-696x453.jpg 696w, https:\/\/diariotribuna.com.br\/wp-content\/uploads\/2025\/05\/Imagem-do-WhatsApp-de-2025-04-30-as-11.02.03_2be30cac-645x420.jpg 645w\" sizes=\"(max-width: 700px) 100vw, 700px\" \/><\/figure>\n\n\n\n<p><strong>\u201cA viol\u00eancia d\u00e1 sinais\u201d. Esse \u00e9 o tema da campanha educativa da Pol\u00edcia Civil de Minas Gerais (PCMG),<\/strong> que convida pais e respons\u00e1veis a atuarem na preven\u00e7\u00e3o de crimes sexuais que vitimam o p\u00fablico infantojuvenil. A iniciativa marca o Maio Laranja, movimento nacional de a\u00e7\u00f5es efetivas de combate ao abuso e \u00e0 explora\u00e7\u00e3o sexual de crian\u00e7as e adolescentes durante o m\u00eas.<\/p>\n\n\n\n<p>A campanha institucional, que tamb\u00e9m tem o objetivo de aumentar a visibilidade do problema e incentivar a den\u00fancia de crimes, re\u00fane informa\u00e7\u00f5es sobre os principais sinais de viol\u00eancia, o que caracteriza os abusos sexuais \u2014 entre eles a pornografia infantil e o estupro de vulner\u00e1vel nos meios digitais \u2014 e chama a aten\u00e7\u00e3o para a forma como o abusador costuma atuar.<\/p>\n\n\n\n<p><strong>Para a chefe da PCMG, delegada-geral Let\u00edcia Gamboge, o assunto cabe a todos.<\/strong> \u201cNesta campanha, a Pol\u00edcia Civil busca sensibilizar a sociedade sobre a import\u00e2ncia de proteger os direitos de nossas crian\u00e7as e nossos adolescentes e garantir um ambiente seguro para o desenvolvimento deles&#8221;, destaca, ao acrescentar: &#8220;Convidamos toda a popula\u00e7\u00e3o a enfrentarmos juntos esse tipo de viol\u00eancia.&#8221;<\/p>\n\n\n\n<p>A delegada ainda ressalta os canais de den\u00fancia. &#8220;Essa \u00e9 mais uma campanha para a sociedade se envolver e auxiliar a PCMG com den\u00fancias acerca de eventuais viol\u00eancias contra crian\u00e7as e adolescentes. Denuncie pelo Disque 100, ou de forma an\u00f4nima no 181 e ainda pelo telefone 197. Estamos prontos para enfrentar juntos a viol\u00eancia sexual infantil em Minas&#8221;, assegura.<\/p>\n\n\n\n<p>Para al\u00e9m da repress\u00e3o, em maio a PCMG intensificar\u00e1 a atua\u00e7\u00e3o preventiva com o Projeto Sem\u00e1foro do Toque, em escolas, creches e outras institui\u00e7\u00f5es. De forma l\u00fadica, as crian\u00e7as aprendem sobre os cuidados com o corpo, como podem se proteger e identificar uma viola\u00e7\u00e3o, e a quem pedir ajuda.<\/p>\n\n\n\n<p>\u201cA a\u00e7\u00e3o ensina sobre limites, usando as cores do sem\u00e1foro e as partes do corpo da crian\u00e7a como uma forma de demonstrar onde pode ou n\u00e3o ser tocada. \u00c9 uma atividade j\u00e1 realizada pela PCMG, com orienta\u00e7\u00e3o para toda a comunidade escolar\u201d, explica a delegada Dan\u00fabia Quadros, chefe da Divis\u00e3o Especializada em Orienta\u00e7\u00e3o e Prote\u00e7\u00e3o \u00e0 Crian\u00e7a e ao Adolescente&nbsp;(Dopcad). (Assessoria de comunica\u00e7\u00e3o\/ PCMG\/ Nanuque).<\/p>\n","protected":false},"excerpt":{"rendered":"<p>\u201cA viol\u00eancia d\u00e1 sinais\u201d. Esse \u00e9 o tema da campanha educativa da Pol\u00edcia Civil de Minas Gerais (PCMG), que convida pais e respons\u00e1veis a atuarem na preven\u00e7\u00e3o de crimes sexuais que vitimam o p\u00fablico infantojuvenil. A iniciativa marca o Maio Laranja, movimento nacional de a\u00e7\u00f5es efetivas de combate ao abuso e \u00e0 explora\u00e7\u00e3o sexual de [&hellip;]<\/p>\n","protected":false},"author":1,"featured_media":29672,"comment_status":"open","ping_status":"open","sticky":false,"template":"","format":"standard","meta":{"rop_custom_images_group":[],"rop_custom_messages_group":[],"rop_publish_now":"initial","rop_publish_now_accounts":[],"rop_publish_now_history":[],"rop_publish_now_status":"pending","footnotes":""},"categories":[19],"tags":[39,7134,7133,1005,292],"class_list":["post-29669","post","type-post","status-publish","format-standard","has-post-thumbnail","hentry","category-gerais","tag-campanha","tag-exploracao-sexual-infantojuvenil","tag-maio-laranja","tag-mg","tag-policia-civil"],"_links":{"self":[{"href":"https:\/\/diariotribuna.com.br\/index.php?rest_route=\/wp\/v2\/posts\/29669"}],"collection":[{"href":"https:\/\/diariotribuna.com.br\/index.php?rest_route=\/wp\/v2\/posts"}],"about":[{"href":"https:\/\/diariotribuna.com.br\/index.php?rest_route=\/wp\/v2\/types\/post"}],"author":[{"embeddable":true,"href":"https:\/\/diariotribuna.com.br\/index.php?rest_route=\/wp\/v2\/users\/1"}],"replies":[{"embeddable":true,"href":"https:\/\/diariotribuna.com.br\/index.php?rest_route=%2Fwp%2Fv2%2Fcomments&post=29669"}],"version-history":[{"count":2,"href":"https:\/\/diariotribuna.com.br\/index.php?rest_route=\/wp\/v2\/posts\/29669\/revisions"}],"predecessor-version":[{"id":29675,"href":"https:\/\/diariotribuna.com.br\/index.php?rest_route=\/wp\/v2\/posts\/29669\/revisions\/29675"}],"wp:featuredmedia":[{"embeddable":true,"href":"https:\/\/diariotribuna.com.br\/index.php?rest_route=\/wp\/v2\/media\/29672"}],"wp:attachment":[{"href":"https:\/\/diariotribuna.com.br\/index.php?rest_route=%2Fwp%2Fv2%2Fmedia&parent=29669"}],"wp:term":[{"taxonomy":"category","embeddable":true,"href":"https:\/\/diariotribuna.com.br\/index.php?rest_route=%2Fwp%2Fv2%2Fcategories&post=29669"},{"taxonomy":"post_tag","embeddable":true,"href":"https:\/\/diariotribuna.com.br\/index.php?rest_route=%2Fwp%2Fv2%2Ftags&post=29669"}],"curies":[{"name":"wp","href":"https:\/\/api.w.org\/{rel}","templated":true}]}}