{"id":29676,"date":"2025-05-02T23:03:14","date_gmt":"2025-05-03T02:03:14","guid":{"rendered":"https:\/\/diariotribuna.com.br\/?p=29676"},"modified":"2025-05-02T23:14:38","modified_gmt":"2025-05-03T02:14:38","slug":"pm-ambiental-prende-tres-foragidos-da-justica-durante-operacao-dia-do-trabalhador-no-vale-do-jequitinhonha","status":"publish","type":"post","link":"https:\/\/diariotribuna.com.br\/?p=29676","title":{"rendered":"PM Ambiental prende tr\u00eas foragidos da justi\u00e7a durante opera\u00e7\u00e3o \u201cDia do Trabalhador\u201d no Vale do Jequitinhonha"},"content":{"rendered":"\n<p>Durante a opera\u00e7\u00e3o \u201cPMMG 250 anos: Dia do Trabalhador 2025\u201d, no Vale do Jequitinhonha, a Pol\u00edcia Militar do Meio Ambiente prendeu tr\u00eas foragidos da justi\u00e7a, na quinta e sexta-feira, 1\u00ba e 2 de maio, dois deles j\u00e1 tinham antecedentes criminais.<\/p>\n\n\n\n<figure class=\"wp-block-image size-full is-resized\"><img loading=\"lazy\" decoding=\"async\" width=\"700\" height=\"369\" src=\"https:\/\/diariotribuna.com.br\/wp-content\/uploads\/2025\/05\/Imagem-do-WhatsApp-de-2025-05-02-as-22.49.56_2fa73707.jpg\" alt=\"\" class=\"wp-image-29677\" style=\"width:460px;height:auto\" srcset=\"https:\/\/diariotribuna.com.br\/wp-content\/uploads\/2025\/05\/Imagem-do-WhatsApp-de-2025-05-02-as-22.49.56_2fa73707.jpg 700w, https:\/\/diariotribuna.com.br\/wp-content\/uploads\/2025\/05\/Imagem-do-WhatsApp-de-2025-05-02-as-22.49.56_2fa73707-300x158.jpg 300w, https:\/\/diariotribuna.com.br\/wp-content\/uploads\/2025\/05\/Imagem-do-WhatsApp-de-2025-05-02-as-22.49.56_2fa73707-696x367.jpg 696w\" sizes=\"(max-width: 700px) 100vw, 700px\" \/><\/figure>\n\n\n\n<p>A primeira ocorr\u00eancia foi registrada na quinta-feira, 1\u00ba de maio, na rua Salvador, bairro Planalto, em Almenara. Durante a opera\u00e7\u00e3o, os militares foram informados que havia um mandado de pris\u00e3o em aberto contra um homem, referente a um processo na 1\u00aa Vara C\u00edvel, Criminal e de Execu\u00e7\u00f5es Penais da Comarca de Almenara. O foragido foi localizado e preso, e conduzido \u00e0 delegacia de Pol\u00edcia Civil para as medidas de pol\u00edcia judici\u00e1ria. Segundo a PM, ele j\u00e1 tinha antecedentes criminais, tr\u00e1fico de drogas. Equipe 1: comando 5\u00ba Pelot\u00e3o, tenente Heberth Dias, sargentos Martins e Colares. Equipe 2: sargentos Avilmar e Adaelson.<\/p>\n\n\n\n<p>A segunda pris\u00e3o aconteceu na manh\u00e3 desta sexta-feira, 2 de maio, na fazenda Laranjeiras, em Almenara. Durante a opera\u00e7\u00e3o, os militares constataram que havia um mandado de pris\u00e3o contra um homem, oriundo da 1\u00aa Vara C\u00edvel, Criminal e de Execu\u00e7\u00f5es Penais da Comarca de Almenara. Os militares foram at\u00e9 a fazenda, onde o foragido foi encontrado e preso, e conduzido \u00e0 delegacia de Pol\u00edcia Civil. Segundo a PM, ele j\u00e1 tinha antecedentes criminais, adultera\u00e7\u00e3o e clonagem de ve\u00edculo. Equipe 1: comando 5\u00ba Pelot\u00e3o, tenente Heberth Dias, sargentos Martins e Colares. Equipe 2: sargentos Avilmar e Adaelson.<\/p>\n\n\n\n<p>A terceira pris\u00e3o foi na tarde desta sexta-feira, 2 de maio, na rua Juiz de Paz Pedro Carvalho, bairro Canoeiro, em Ara\u00e7ua\u00ed. Durante patrulhamento pela cidade, ao receberem informa\u00e7\u00f5es de que havia um mandado de pris\u00e3o em aberto contra um homem, os militares foram at\u00e9 o local, onde abordaram e fizeram busca pessoal no suspeito, e confirmaram a exist\u00eancia do mandado, sendo ele preso e encaminhado, primeiro a um hospital para procedimentos de praxe, em seguida para a delegacia de Pol\u00edcia Civil. Equipe: sargentos Elton e Versiani, cabos Saldanha e Mauricio.<\/p>\n\n\n\n<figure class=\"wp-block-gallery has-nested-images columns-default is-cropped wp-block-gallery-1 is-layout-flex wp-block-gallery-is-layout-flex\">\n<figure class=\"wp-block-image size-large\"><img loading=\"lazy\" decoding=\"async\" width=\"700\" height=\"576\" data-id=\"29679\" src=\"https:\/\/diariotribuna.com.br\/wp-content\/uploads\/2025\/05\/Imagem-do-WhatsApp-de-2025-05-02-as-08.35.57_300a77d6-1.jpg\" alt=\"\" class=\"wp-image-29679\" srcset=\"https:\/\/diariotribuna.com.br\/wp-content\/uploads\/2025\/05\/Imagem-do-WhatsApp-de-2025-05-02-as-08.35.57_300a77d6-1.jpg 700w, https:\/\/diariotribuna.com.br\/wp-content\/uploads\/2025\/05\/Imagem-do-WhatsApp-de-2025-05-02-as-08.35.57_300a77d6-1-300x247.jpg 300w, https:\/\/diariotribuna.com.br\/wp-content\/uploads\/2025\/05\/Imagem-do-WhatsApp-de-2025-05-02-as-08.35.57_300a77d6-1-696x573.jpg 696w, https:\/\/diariotribuna.com.br\/wp-content\/uploads\/2025\/05\/Imagem-do-WhatsApp-de-2025-05-02-as-08.35.57_300a77d6-1-510x420.jpg 510w\" sizes=\"(max-width: 700px) 100vw, 700px\" \/><\/figure>\n\n\n\n<figure class=\"wp-block-image size-large\"><img loading=\"lazy\" decoding=\"async\" width=\"700\" height=\"406\" data-id=\"29680\" src=\"https:\/\/diariotribuna.com.br\/wp-content\/uploads\/2025\/05\/Imagem-do-WhatsApp-de-2025-05-01-as-16.32.18_cf807c2c.jpg\" alt=\"\" class=\"wp-image-29680\" srcset=\"https:\/\/diariotribuna.com.br\/wp-content\/uploads\/2025\/05\/Imagem-do-WhatsApp-de-2025-05-01-as-16.32.18_cf807c2c.jpg 700w, https:\/\/diariotribuna.com.br\/wp-content\/uploads\/2025\/05\/Imagem-do-WhatsApp-de-2025-05-01-as-16.32.18_cf807c2c-300x174.jpg 300w, https:\/\/diariotribuna.com.br\/wp-content\/uploads\/2025\/05\/Imagem-do-WhatsApp-de-2025-05-01-as-16.32.18_cf807c2c-696x404.jpg 696w\" sizes=\"(max-width: 700px) 100vw, 700px\" \/><\/figure>\n<\/figure>\n\n\n\n<p><strong>(Informa\u00e7\u00f5es\/Fotos: tenente Heberth Dias, comandante da Pol\u00edcia Militar de Meio Ambiente no Vale do Jequitinhonha).<\/strong><\/p>\n","protected":false},"excerpt":{"rendered":"<p>Durante a opera\u00e7\u00e3o \u201cPMMG 250 anos: Dia do Trabalhador 2025\u201d, no Vale do Jequitinhonha, a Pol\u00edcia Militar do Meio Ambiente prendeu tr\u00eas foragidos da justi\u00e7a, na quinta e sexta-feira, 1\u00ba e 2 de maio, dois deles j\u00e1 tinham antecedentes criminais. A primeira ocorr\u00eancia foi registrada na quinta-feira, 1\u00ba de maio, na rua Salvador, bairro Planalto, [&hellip;]<\/p>\n","protected":false},"author":1,"featured_media":29677,"comment_status":"open","ping_status":"open","sticky":false,"template":"","format":"standard","meta":{"rop_custom_images_group":[],"rop_custom_messages_group":[],"rop_publish_now":"initial","rop_publish_now_accounts":[],"rop_publish_now_history":[],"rop_publish_now_status":"pending","footnotes":""},"categories":[25,20],"tags":[],"class_list":["post-29676","post","type-post","status-publish","format-standard","has-post-thumbnail","hentry","category-destaque","category-policia"],"_links":{"self":[{"href":"https:\/\/diariotribuna.com.br\/index.php?rest_route=\/wp\/v2\/posts\/29676"}],"collection":[{"href":"https:\/\/diariotribuna.com.br\/index.php?rest_route=\/wp\/v2\/posts"}],"about":[{"href":"https:\/\/diariotribuna.com.br\/index.php?rest_route=\/wp\/v2\/types\/post"}],"author":[{"embeddable":true,"href":"https:\/\/diariotribuna.com.br\/index.php?rest_route=\/wp\/v2\/users\/1"}],"replies":[{"embeddable":true,"href":"https:\/\/diariotribuna.com.br\/index.php?rest_route=%2Fwp%2Fv2%2Fcomments&post=29676"}],"version-history":[{"count":5,"href":"https:\/\/diariotribuna.com.br\/index.php?rest_route=\/wp\/v2\/posts\/29676\/revisions"}],"predecessor-version":[{"id":29686,"href":"https:\/\/diariotribuna.com.br\/index.php?rest_route=\/wp\/v2\/posts\/29676\/revisions\/29686"}],"wp:featuredmedia":[{"embeddable":true,"href":"https:\/\/diariotribuna.com.br\/index.php?rest_route=\/wp\/v2\/media\/29677"}],"wp:attachment":[{"href":"https:\/\/diariotribuna.com.br\/index.php?rest_route=%2Fwp%2Fv2%2Fmedia&parent=29676"}],"wp:term":[{"taxonomy":"category","embeddable":true,"href":"https:\/\/diariotribuna.com.br\/index.php?rest_route=%2Fwp%2Fv2%2Fcategories&post=29676"},{"taxonomy":"post_tag","embeddable":true,"href":"https:\/\/diariotribuna.com.br\/index.php?rest_route=%2Fwp%2Fv2%2Ftags&post=29676"}],"curies":[{"name":"wp","href":"https:\/\/api.w.org\/{rel}","templated":true}]}}