{"id":29687,"date":"2025-05-03T12:13:19","date_gmt":"2025-05-03T15:13:19","guid":{"rendered":"https:\/\/diariotribuna.com.br\/?p=29687"},"modified":"2025-05-03T12:13:19","modified_gmt":"2025-05-03T15:13:19","slug":"pizzaria-de-gv-no-50-top-pizza-america","status":"publish","type":"post","link":"https:\/\/diariotribuna.com.br\/?p=29687","title":{"rendered":"Pizzaria de GV no 50 Top Pizza Am\u00e9rica\u00a0"},"content":{"rendered":"<p>Foto: Divulga\u00e7\u00e3o Quintal 333<\/p>\n<p><strong><span>COLUNA MG<\/span><\/strong><br \/><span>Principais destaques dos jornais e portais integrantes da rede Sindijori MG <\/span><br \/><span><a href=\"http:\/\/www.sindijorimg.com.br\/\">www.sindijorimg.com.br<\/a><\/span><\/p>\n<p><strong><span>Pizza de GV no 50 Top Am\u00e9rica<\/span><\/strong><br \/><span>Um ano atr\u00e1s, a hist\u00f3ria da Quintal 333 come\u00e7ou a ganhar os holofotes dentro e fora de Valadares. Em 2024, uma pizzaria artesanal de Governador Valadares surpreendeu ao ser eleita uma das 30 melhores da Am\u00e9rica Latina pelo prestigiado guia italiano 50 Top Pizza. O feito parecia improv\u00e1vel para um neg\u00f3cio que come\u00e7ou literalmente no quintal de casa. Agora, em 2025, a conquista se repete \u2014 e vai al\u00e9m: a pizzaria subiu quatro posi\u00e7\u00f5es no ranking e aparece em 26\u00ba lugar na Am\u00e9rica Latina, consolidando-se como a melhor de Minas Gerais. (Di\u00e1rio do Rio Doce \u2013 Governador Valadares)<\/span><br \/><span><a href=\"https:\/\/drd.com.br\/pela-segunda-vez-consecutiva-pizzaria-em-valadares-esta-na-lista-do-ranking-50-top-pizza-america-latina\/\">https:\/\/drd.com.br\/pela-segunda-vez-consecutiva-pizzaria-em-valadares-esta-na-lista-do-ranking-50-top-pizza-america-latina\/<\/a><\/span><\/p>\n<p><strong><span>\u00c1gua mais cara em Juiz de Fora<\/span><\/strong><br \/><span>As contas de \u00e1gua e esgoto aumentaram 7,95% em Juiz de Fora, na \u00faltima quinta-feira (1\u00ba). De acordo com a Companhia de Saneamento Municipal (Cesama), o reajuste foi determinado conforme estudo tarif\u00e1rio realizado pela Ag\u00eancia Reguladora Intermunicipal de Saneamento B\u00e1sico de Minas Gerais (Arisb-MG). A Cesama lembra que \u201ccabe \u00e0 Arisb-MG definir o reajuste anual das tarifas de \u00e1gua e esgoto, estabelecendo valores que sejam justos, tanto para o usu\u00e1rio quanto para a Cesama\u201d. \u201cAl\u00e9m de ter poder fiscalizador, uma ag\u00eancia reguladora estabelece normas, padr\u00f5es e metas para a adequada presta\u00e7\u00e3o dos servi\u00e7os de \u00e1gua e esgoto e a satisfa\u00e7\u00e3o dos usu\u00e1rios\u201d. (Tribuna de Minas \u2013 Juiz de Fora)<\/span><br \/><span><a href=\"https:\/\/tribunademinas.com.br\/noticias\/cidade\/02-05-2025\/conta.html\">https:\/\/tribunademinas.com.br\/noticias\/cidade\/02-05-2025\/conta.html<\/a><\/span><\/p>\n<p><strong><span>Debate na C\u00e2mara pode terminar em a\u00e7\u00e3o<\/span><\/strong><br \/><span>A visita da Secret\u00e1ria Municipal de Pol\u00edticas Sociais, Marcela Reis, para responder questionamentos dos vereadores sobre as a\u00e7\u00f5es da pasta da qual \u00e9 titular, virou um verdadeiro bate boca na C\u00e2mara de Pouso Alegre. O vereador Leandro Morais, de forma intempestiva, interpelou a secret\u00e1ria e de forma agressiva, chama-la de incompetente e mal-educada, afirmando que havia recebido uma den\u00fancia grav\u00edssima, por meio de servidores do Cemapa, que dava conta de um indiv\u00edduo que teria sido deixado no canil daquela institui\u00e7\u00e3o, totalmente sem roupas e se a secretaria em quest\u00e3o tinha conhecimento do ocorrido. (Di\u00e1rio Regional \u2013 Pouso Alegre)<\/span><br \/><span><a href=\"https:\/\/jornaldiarioregional.com.br\/2025\/05\/02\/bate-boca-na-camara-pode-terminar-em-acao-judicial-contra-vereador\/\">https:\/\/jornaldiarioregional.com.br\/2025\/05\/02\/bate-boca-na-camara-pode-terminar-em-acao-judicial-contra-vereador\/<\/a><\/span><\/p>\n<p><strong><span>Divin\u00f3polis debate mobilidade<\/span><\/strong><br \/><span>A mobilidade urbana \u00e9 um dos grandes desafios enfrentados pelas cidades atualmente, impactando diretamente a qualidade de vida da popula\u00e7\u00e3o. Em Divin\u00f3polis, quest\u00f5es como a necessidade de cria\u00e7\u00e3o de novas rotas de circula\u00e7\u00e3o, a desorganiza\u00e7\u00e3o do tr\u00e1fego urbano, as defici\u00eancias no transporte coletivo e a car\u00eancia de fiscaliza\u00e7\u00e3o eficaz dificultam o deslocamento di\u00e1rio e evidenciam a urg\u00eancia de solu\u00e7\u00f5es bem planejadas. Para discutir esses problemas e ouvir as demandas da popula\u00e7\u00e3o, acontece, na pr\u00f3xima segunda-feira, 5, a 1\u00aa Confer\u00eancia Municipal de Mobilidade Urbana. (Jornal Agora \u2013 Divin\u00f3polis)<\/span><br \/><span><a href=\"https:\/\/www.agoracomvoce.com.br\/2025\/05\/01\/conferencia-municipal-debate-a-questao-da-mobilidade-na-cidade\/\">https:\/\/www.agoracomvoce.com.br\/2025\/05\/01\/conferencia-municipal-debate-a-questao-da-mobilidade-na-cidade\/<\/a><\/span><\/p>\n<p><strong><span>800 aguardam resson\u00e2ncia em Po\u00e7os<\/span><\/strong><br \/><span>Em resposta ao Requerimento apresentado pelo vereador Fl\u00e1vio Togni de Lima e Silva, a Secretaria de Sa\u00fade de Po\u00e7os de Caldas informou que h\u00e1 atualmente 860 solicita\u00e7\u00f5es de resson\u00e2ncia magn\u00e9tica em espera. Os pedidos est\u00e3o organizados em fila \u00fanica, sob responsabilidade da Central Unificada de Regula\u00e7\u00e3o (Cure). Os crit\u00e9rios de prioriza\u00e7\u00e3o seguem protocolo dispon\u00edvel no Portal da Transpar\u00eancia do munic\u00edpio. Segundo o documento assinado pelo secret\u00e1rio de Sa\u00fade Jos\u00e9 Gabriel Pontes Baeta da Costa, o paciente que aguardava h\u00e1 mais tempo na fila foi inclu\u00eddo em outubro de 2024, mas j\u00e1 realizou o exame em 1\u00ba de abril de 2025. (Po\u00e7os J\u00e1)<\/span><br \/><span><a href=\"https:\/\/pocosja.com.br\/2025\/05\/02\/pocos-tem-mais-de-800-pessoas-aguardando-por-exame-de-ressonancia-magnetica\/\">https:\/\/pocosja.com.br\/2025\/05\/02\/pocos-tem-mais-de-800-pessoas-aguardando-por-exame-de-ressonancia-magnetica\/<\/a><\/span><\/p>\n<p><strong><span>Muria\u00e9 celebra 50\u00aa cirurgia<\/span><\/strong><br \/><span>A Funda\u00e7\u00e3o Cristiano Varella, mantenedora do Hospital do C\u00e2ncer de Muria\u00e9, celebrou a realiza\u00e7\u00e3o da 50\u00aa cirurgia rob\u00f3tica no centro cir\u00fargico da institui\u00e7\u00e3o. O marco consolida o compromisso da Funda\u00e7\u00e3o em oferecer tecnologia de ponta, seguran\u00e7a e atendimento de excel\u00eancia para todos os pacientes, sem distin\u00e7\u00e3o entre atendimentos particulares, por conv\u00eanios ou via Sistema \u00danico de Sa\u00fade (SUS). As cirurgias s\u00e3o realizadas com o Da Vinci X, um dos sistemas mais avan\u00e7ados do mundo na \u00e1rea de cirurgia rob\u00f3tica. Com ele, a institui\u00e7\u00e3o integra o seleto grupo de hospitais brasileiros habilitados a oferecer esse tipo de procedimento de alta precis\u00e3o para pacientes do SUS. (Gazeta de Muria\u00e9)<\/span><br \/><span><a href=\"https:\/\/gazetademuriae.com.br\/noticia\/detalhe\/16015\/fundacao-cristiano-varella-celebra-marco-da-50a-cirurgia-robotica-realizada-em-muriae\">https:\/\/gazetademuriae.com.br\/noticia\/detalhe\/16015\/fundacao-cristiano-varella-celebra-marco-da-50a-cirurgia-robotica-realizada-em-muriae<\/a><\/span><\/p>\n<p><span><\/span><\/p>\n<p>\u00a0<\/p>","protected":false},"excerpt":{"rendered":"<p>Foto: Divulga\u00e7\u00e3o Quintal 333 COLUNA MGPrincipais destaques dos jornais e portais integrantes da rede Sindijori MG www.sindijorimg.com.br Pizza de GV no 50 Top Am\u00e9ricaUm ano atr\u00e1s, a hist\u00f3ria da Quintal 333 come\u00e7ou a ganhar os holofotes dentro e fora de Valadares. Em 2024, uma pizzaria artesanal de Governador Valadares surpreendeu ao ser eleita uma das [&hellip;]<\/p>\n","protected":false},"author":0,"featured_media":29688,"comment_status":"open","ping_status":"open","sticky":false,"template":"","format":"standard","meta":{"rop_custom_images_group":[],"rop_custom_messages_group":[],"rop_publish_now":"initial","rop_publish_now_accounts":[],"rop_publish_now_history":[],"rop_publish_now_status":"pending","footnotes":""},"categories":[6745],"tags":[],"class_list":["post-29687","post","type-post","status-publish","format-standard","has-post-thumbnail","hentry","category-coluna-sindijori"],"_links":{"self":[{"href":"https:\/\/diariotribuna.com.br\/index.php?rest_route=\/wp\/v2\/posts\/29687"}],"collection":[{"href":"https:\/\/diariotribuna.com.br\/index.php?rest_route=\/wp\/v2\/posts"}],"about":[{"href":"https:\/\/diariotribuna.com.br\/index.php?rest_route=\/wp\/v2\/types\/post"}],"replies":[{"embeddable":true,"href":"https:\/\/diariotribuna.com.br\/index.php?rest_route=%2Fwp%2Fv2%2Fcomments&post=29687"}],"version-history":[{"count":0,"href":"https:\/\/diariotribuna.com.br\/index.php?rest_route=\/wp\/v2\/posts\/29687\/revisions"}],"wp:featuredmedia":[{"embeddable":true,"href":"https:\/\/diariotribuna.com.br\/index.php?rest_route=\/wp\/v2\/media\/29688"}],"wp:attachment":[{"href":"https:\/\/diariotribuna.com.br\/index.php?rest_route=%2Fwp%2Fv2%2Fmedia&parent=29687"}],"wp:term":[{"taxonomy":"category","embeddable":true,"href":"https:\/\/diariotribuna.com.br\/index.php?rest_route=%2Fwp%2Fv2%2Fcategories&post=29687"},{"taxonomy":"post_tag","embeddable":true,"href":"https:\/\/diariotribuna.com.br\/index.php?rest_route=%2Fwp%2Fv2%2Ftags&post=29687"}],"curies":[{"name":"wp","href":"https:\/\/api.w.org\/{rel}","templated":true}]}}