{"id":29689,"date":"2025-05-03T14:08:04","date_gmt":"2025-05-03T17:08:04","guid":{"rendered":"https:\/\/diariotribuna.com.br\/?p=29689"},"modified":"2025-05-03T14:08:04","modified_gmt":"2025-05-03T17:08:04","slug":"programa-do-senar-em-parceria-com-o-spr-sete-lagoas-e-a-abccmm-transforma-a-vida-de-tratador-de-cavalos","status":"publish","type":"post","link":"https:\/\/diariotribuna.com.br\/?p=29689","title":{"rendered":"Programa do Senar, em parceria com o SPR Sete Lagoas e a ABCCMM, transforma a vida de tratador de cavalos\u00a0"},"content":{"rendered":"<p class=\"MsoNormal\"><span>FAEMG SENAR | Divulga\u00e7\u00e3o<\/span><\/p>\n<p><\/p>\n<p class=\"\">\u201cEste programa do Sistema Faemg Senar ajudou a transformar a minha vida por completo. Recebi muito conhecimento e me tornei um profissional mais competente. Abriu portas para eu conseguir um trabalho melhor, em um lugar completamente diferente, com mais qualidade de vida e com minha fam\u00edlia mais perto de mim\u201d.<\/p>\n<p class=\"\">No m\u00eas de anivers\u00e1rio do <strong>Senar Minas<\/strong>, o depoimento do tratador de cavalos <strong>Bruno Virgilato<\/strong> representa milhares de hist\u00f3rias de vidas transformadas pelos cursos e programas oferecidos pelo <a href=\"https:\/\/www.sistemafaemg.org.br\/senar\"><strong>Servi\u00e7o Nacional de Aprendizagem Rural em Minas Gerais<\/strong>.<\/a><\/p>\n<p class=\"\">Bruno foi um dos 11 participantes do <strong>Programa de Forma\u00e7\u00e3o por Compet\u00eancias em Equideocultura<\/strong>, promovido pelo <strong>Sistema Faemg Senar<\/strong> no munic\u00edpio de <strong>Sete Lagoas<\/strong>. A proposta de um novo emprego surgiu enquanto ele ainda realizava a capacita\u00e7\u00e3o, que contou com <strong>540 horas de forma\u00e7\u00e3o<\/strong> \u2014 com m\u00f3dulos que abrangem desde no\u00e7\u00f5es b\u00e1sicas at\u00e9 <strong>gest\u00e3o avan\u00e7ada<\/strong> \u2014 voltada \u00e0 forma\u00e7\u00e3o de profissionais capacitados para atuar na <strong>cadeia da equideocultura no Brasil<\/strong>.<\/p>\n<p class=\"\">\u201cNa \u00e9poca, eu trabalhava em um haras em <strong>Pedro Leopoldo<\/strong> e me deslocava at\u00e9 Sete Lagoas para participar do programa. Durante as aulas, o propriet\u00e1rio de um haras entrou em contato com uma proposta de emprego, oferecendo melhor remunera\u00e7\u00e3o\u201d, contou Bruno.<\/p>\n<p class=\"\">Ele concluiu o curso no fim de janeiro e, no m\u00eas seguinte, j\u00e1 se mudou com a esposa, <strong>Alessandra<\/strong>, e as tr\u00eas filhas para assumir a nova fun\u00e7\u00e3o no <strong>Haras Tri\u00e2ngulo Mineiro<\/strong>, na cidade de <strong>Ver\u00edssimo<\/strong>.<\/p>\n<p class=\"\">\n<\/p><p class=\"\">\n<\/p><p class=\"\">No novo trabalho, Bruno \u00e9 respons\u00e1vel pelos cuidados com <strong>31 cavalos da ra\u00e7a Mangalarga Marchador<\/strong>.<\/p>\n<p class=\"\">\u201cAqui estou aplicando todo o conhecimento que adquiri no programa \u2014 desde o trato e o manejo sanit\u00e1rio at\u00e9 o processo de doma dos animais. O curso me ajudou a ter uma <strong>vis\u00e3o macro do dia a dia da propriedade<\/strong>\u201d, explicou.<\/p>\n\n<p class=\"\">Para o futuro, Bruno deseja continuar se capacitando e j\u00e1 sonha em <strong>compartilhar seu aprendizado<\/strong>, contribuindo para a forma\u00e7\u00e3o de outros profissionais.<\/p>\n<p>\u00a0<\/p>","protected":false},"excerpt":{"rendered":"<p>FAEMG SENAR | Divulga\u00e7\u00e3o \u201cEste programa do Sistema Faemg Senar ajudou a transformar a minha vida por completo. Recebi muito conhecimento e me tornei um profissional mais competente. Abriu portas para eu conseguir um trabalho melhor, em um lugar completamente diferente, com mais qualidade de vida e com minha fam\u00edlia mais perto de mim\u201d. No [&hellip;]<\/p>\n","protected":false},"author":0,"featured_media":29690,"comment_status":"open","ping_status":"open","sticky":false,"template":"","format":"standard","meta":{"rop_custom_images_group":[],"rop_custom_messages_group":[],"rop_publish_now":"initial","rop_publish_now_accounts":[],"rop_publish_now_history":[],"rop_publish_now_status":"pending","footnotes":""},"categories":[6745],"tags":[],"class_list":["post-29689","post","type-post","status-publish","format-standard","has-post-thumbnail","hentry","category-coluna-sindijori"],"_links":{"self":[{"href":"https:\/\/diariotribuna.com.br\/index.php?rest_route=\/wp\/v2\/posts\/29689"}],"collection":[{"href":"https:\/\/diariotribuna.com.br\/index.php?rest_route=\/wp\/v2\/posts"}],"about":[{"href":"https:\/\/diariotribuna.com.br\/index.php?rest_route=\/wp\/v2\/types\/post"}],"replies":[{"embeddable":true,"href":"https:\/\/diariotribuna.com.br\/index.php?rest_route=%2Fwp%2Fv2%2Fcomments&post=29689"}],"version-history":[{"count":0,"href":"https:\/\/diariotribuna.com.br\/index.php?rest_route=\/wp\/v2\/posts\/29689\/revisions"}],"wp:featuredmedia":[{"embeddable":true,"href":"https:\/\/diariotribuna.com.br\/index.php?rest_route=\/wp\/v2\/media\/29690"}],"wp:attachment":[{"href":"https:\/\/diariotribuna.com.br\/index.php?rest_route=%2Fwp%2Fv2%2Fmedia&parent=29689"}],"wp:term":[{"taxonomy":"category","embeddable":true,"href":"https:\/\/diariotribuna.com.br\/index.php?rest_route=%2Fwp%2Fv2%2Fcategories&post=29689"},{"taxonomy":"post_tag","embeddable":true,"href":"https:\/\/diariotribuna.com.br\/index.php?rest_route=%2Fwp%2Fv2%2Ftags&post=29689"}],"curies":[{"name":"wp","href":"https:\/\/api.w.org\/{rel}","templated":true}]}}