{"id":2969,"date":"2020-08-20T02:01:00","date_gmt":"2020-08-20T05:01:00","guid":{"rendered":"https:\/\/diariotribuna.com.br\/?p=2969"},"modified":"2020-08-20T02:01:01","modified_gmt":"2020-08-20T05:01:01","slug":"prf-apreende-carga-de-carvao-vegetal-sem-nota-fiscal-em-teofilo-otoni","status":"publish","type":"post","link":"https:\/\/diariotribuna.com.br\/?p=2969","title":{"rendered":"PRF apreende carga de carv\u00e3o vegetal sem nota fiscal em Te\u00f3filo Otoni"},"content":{"rendered":"\n<figure class=\"wp-block-image size-large is-resized\"><img loading=\"lazy\" decoding=\"async\" src=\"https:\/\/diariotribuna.com.br\/wp-content\/uploads\/2020\/08\/ab28f586-289b-4d5a-9a54-e3c5e1a549ae.jpg\" alt=\"\" class=\"wp-image-2970\" width=\"450\" height=\"252\" srcset=\"https:\/\/diariotribuna.com.br\/wp-content\/uploads\/2020\/08\/ab28f586-289b-4d5a-9a54-e3c5e1a549ae.jpg 600w, https:\/\/diariotribuna.com.br\/wp-content\/uploads\/2020\/08\/ab28f586-289b-4d5a-9a54-e3c5e1a549ae-300x169.jpg 300w\" sizes=\"(max-width: 450px) 100vw, 450px\" \/><\/figure>\n\n\n\n<p>A Pol\u00edcia Rodovi\u00e1ria Federal realizava um patrulhamento ostensivo na BR 116 em Te\u00f3filo Otoni, no s\u00e1bado (15\/08), quando os policiais abordaram um caminh\u00e3o com placas da cidade de C\u00e2ndido Sales, estado da Bahia. Ao checarem a carga transportada, ficou constatado que estava sendo transportado 66 metros c\u00fabicos de carv\u00e3o vegetal de eucalipto, desprovida de documenta\u00e7\u00e3o fiscal acobertando o transporte rodovi\u00e1rio. O carregamento de carv\u00e3o que saiu da cidade baiana de C\u00e2ndido Sales, tendo como destino a cidade de Petr\u00f3polis\/RJ, permaneceu apreendido no p\u00e1tio da Pol\u00edcia Rodovi\u00e1ria Federal, em Te\u00f3filo Otoni aguardando a devida an\u00e1lise por parte da Secretaria Estadual de Fazenda do Estado de Minas Gerais, e regulariza\u00e7\u00e3o para ser liberado. (Informa\u00e7\u00f5es\/ Foto: PRF-Te\u00f3filo Otoni).<\/p>\n","protected":false},"excerpt":{"rendered":"<p>A Pol\u00edcia Rodovi\u00e1ria Federal realizava um patrulhamento ostensivo na BR 116 em Te\u00f3filo Otoni, no s\u00e1bado (15\/08), quando os policiais abordaram um caminh\u00e3o com placas da cidade de C\u00e2ndido Sales, estado da Bahia. Ao checarem a carga transportada, ficou constatado que estava sendo transportado 66 metros c\u00fabicos de carv\u00e3o vegetal de eucalipto, desprovida de documenta\u00e7\u00e3o [&hellip;]<\/p>\n","protected":false},"author":1,"featured_media":2970,"comment_status":"open","ping_status":"open","sticky":false,"template":"","format":"standard","meta":{"rop_custom_images_group":[],"rop_custom_messages_group":[],"rop_publish_now":"initial","rop_publish_now_accounts":[],"rop_publish_now_history":[],"rop_publish_now_status":"pending","footnotes":""},"categories":[20],"tags":[1143,1142,184,75],"class_list":["post-2969","post","type-post","status-publish","format-standard","has-post-thumbnail","hentry","category-policia","tag-appreensao","tag-carga-de-carvao-vegetal","tag-prf","tag-teofilo-otoni"],"_links":{"self":[{"href":"https:\/\/diariotribuna.com.br\/index.php?rest_route=\/wp\/v2\/posts\/2969"}],"collection":[{"href":"https:\/\/diariotribuna.com.br\/index.php?rest_route=\/wp\/v2\/posts"}],"about":[{"href":"https:\/\/diariotribuna.com.br\/index.php?rest_route=\/wp\/v2\/types\/post"}],"author":[{"embeddable":true,"href":"https:\/\/diariotribuna.com.br\/index.php?rest_route=\/wp\/v2\/users\/1"}],"replies":[{"embeddable":true,"href":"https:\/\/diariotribuna.com.br\/index.php?rest_route=%2Fwp%2Fv2%2Fcomments&post=2969"}],"version-history":[{"count":1,"href":"https:\/\/diariotribuna.com.br\/index.php?rest_route=\/wp\/v2\/posts\/2969\/revisions"}],"predecessor-version":[{"id":2971,"href":"https:\/\/diariotribuna.com.br\/index.php?rest_route=\/wp\/v2\/posts\/2969\/revisions\/2971"}],"wp:featuredmedia":[{"embeddable":true,"href":"https:\/\/diariotribuna.com.br\/index.php?rest_route=\/wp\/v2\/media\/2970"}],"wp:attachment":[{"href":"https:\/\/diariotribuna.com.br\/index.php?rest_route=%2Fwp%2Fv2%2Fmedia&parent=2969"}],"wp:term":[{"taxonomy":"category","embeddable":true,"href":"https:\/\/diariotribuna.com.br\/index.php?rest_route=%2Fwp%2Fv2%2Fcategories&post=2969"},{"taxonomy":"post_tag","embeddable":true,"href":"https:\/\/diariotribuna.com.br\/index.php?rest_route=%2Fwp%2Fv2%2Ftags&post=2969"}],"curies":[{"name":"wp","href":"https:\/\/api.w.org\/{rel}","templated":true}]}}