{"id":29693,"date":"2025-05-05T08:32:33","date_gmt":"2025-05-05T11:32:33","guid":{"rendered":"https:\/\/diariotribuna.com.br\/?p=29693"},"modified":"2025-05-05T08:32:33","modified_gmt":"2025-05-05T11:32:33","slug":"40o-congresso-mineiro-de-municipios-da-amm-sera-transmitido-ao-vivo-pelo-canal-ammtvminas-no-youtube","status":"publish","type":"post","link":"https:\/\/diariotribuna.com.br\/?p=29693","title":{"rendered":"40\u00ba Congresso Mineiro de Munic\u00edpios da AMM ser\u00e1 transmitido ao vivo pelo canal AMMTVMinas no YouTube\u00a0"},"content":{"rendered":"<p class=\"MsoNormal\"><span>AMM | Divulga\u00e7\u00e3o<\/span><span><\/span><\/p>\n<p><span><\/span><\/p>\n<p><span>Os gestores e servidores p\u00fablicos que n\u00e3o puderem comparecer ao 40\u00ba Congresso Mineiro de Munic\u00edpios poder\u00e3o acompanhar o evento <\/span><strong>ao vivo<\/strong><span> pelo canal da <\/span><strong>AMMTVMinas no YouTube<\/strong><span>: <\/span><a class=\"\" target=\"_new\" href=\"https:\/\/www.youtube.com\/@AMMTVMinas\" rel=\"noopener\">https:\/\/www.youtube.com\/@AMMTVMinas<\/a><span>. A transmiss\u00e3o ser\u00e1 simult\u00e2nea dos pain\u00e9is e palestras realizadas no <\/span><strong>Palco Minas Gerais<\/strong><span> e no <\/span><strong>Audit\u00f3rio AMM<\/strong><span>.<\/span><\/p>\n<h4 class=\"\">Transmiss\u00f5es ao vivo:<\/h4>\n<p class=\"\"><strong>Dia 06\/05 (Ter\u00e7a feira):<\/strong><\/p>\n<p class=\"\"><strong>. 09h<\/strong> \u2013 <em>Abertura solene<\/em>, no Palco Minas Gerais<\/p>\n<p class=\"\"><strong>. 13h30<\/strong> \u2013 <em>4\u00ba F\u00f3rum de Licita\u00e7\u00f5es e Contrata\u00e7\u00f5es P\u00fablicas \u2013 Novos desafios da Lei 14.133\/2021<\/em>, no Palco Minas Gerais<\/p>\n<p class=\"\"><strong>. 13h30<\/strong> \u2013 <em>2\u00ba F\u00f3rum Mineiro de Comunica\u00e7\u00e3o<\/em>, no Audit\u00f3rio AMM<\/p>\n<p class=\"\"><strong>Dia 07\/05 (Quarta feira):<\/strong><\/p>\n<p><strong>. 09h<\/strong> \u2013 <em>F\u00f3rum sobre a Reforma Tribut\u00e1ria e os impactos para os munic\u00edpios<\/em>, no Palco Minas Gerais<\/p>\n<p><strong>. 09h<\/strong> \u2013 <em>F\u00f3rum Sebrae Minas<\/em>, no Audit\u00f3rio AMM<\/p>\n<p><strong>. 13h30<\/strong> \u2013 <em>F\u00f3rum Sebrae<\/em>, no Audit\u00f3rio AMM<\/p>\n<p><strong>. 17h30<\/strong> \u2013 <em>Posse da nova diretoria da AMM (2025\u20132028)<\/em>, no Palco Minas Gerais<\/p>\n<p class=\"\">. Confira a programa\u00e7\u00e3o completa no site oficial ou <a href=\"\/\/congresso.amm-mg.org.br\/40\/assets\/programacao.pdf\">clicando aqui<\/a><\/p>\n<h3 class=\"\">Um congresso hist\u00f3rico<\/h3>\n<p class=\"\">Realizado pela <a href=\"https:\/\/congresso.amm-mg.org.br\/40\/\"><strong>Associa\u00e7\u00e3o Mineira de Munic\u00edpios (AMM)<\/strong><\/a>, o congresso celebra em 2025 sua <strong>40\u00aa edi\u00e7\u00e3o<\/strong>, com o tema:<\/p>\n<p class=\"\"><strong>&#8220;Capacita\u00e7\u00e3o e Gest\u00e3o Estrat\u00e9gica: as chaves para um mandato de sucesso&#8221;<\/strong><\/p>\n<p class=\"\">As inscri\u00e7\u00f5es s\u00e3o <strong>gratuitas<\/strong> e podem ser feitas pelo site<a href=\"https:\/\/congresso.amm-mg.org.br\/40\/\"> https:\/\/congresso.amm-mg.org.br\/40\/<\/a>. A expectativa \u00e9 reunir <strong>10 mil pessoas<\/strong> nos dias <strong>6 e 7 de maio de 2025<\/strong>, no <strong>Expominas<\/strong>, em <strong>Belo Horizonte<\/strong>.<\/p>\n<h3 class=\"\">Principais destaques do evento:<\/h3>\n<p class=\"\"><strong>2\u00ba F\u00f3rum Mineiro de Comunica\u00e7\u00e3o<\/strong><br \/>Dia 6\/5, com palestra de <strong>Marcelo Vitorino<\/strong>, refer\u00eancia nacional em comunica\u00e7\u00e3o governamental e marketing pol\u00edtico, com o tema:<br \/><em>&#8220;Como vencer o desafio de comunicar bem com os cidad\u00e3os e ter a gest\u00e3o reconhecida&#8221;<\/em><\/p>\n<p class=\"\"><strong>13\u00ba Pr\u00eamio AMM de Boas Pr\u00e1ticas na Gest\u00e3o Municipal<\/strong><br \/>Entrega no dia 6\/5, \u00e0s 17h30, destacando iniciativas inovadoras em <strong>Educa\u00e7\u00e3o, Meio Ambiente, Turismo<\/strong> e <strong>Desenvolvimento Econ\u00f4mico<\/strong>.<\/p>\n<p class=\"\"><strong>Posse da nova diretoria da AMM<\/strong><br \/>Acontece no dia 7\/5, com a posse do prefeito de Patos de Minas, <strong>Lu\u00eds Eduardo Falc\u00e3o Ferreira<\/strong>, como presidente da entidade para o tri\u00eanio <strong>2025\u20132028<\/strong>.<\/p>\n<p class=\"\"><strong>38\u00aa Feira para o Desenvolvimento dos Munic\u00edpios<\/strong><br \/>Com expositores de solu\u00e7\u00f5es, produtos e servi\u00e7os para a gest\u00e3o p\u00fablica, promovendo <strong>networking<\/strong>, <strong>inova\u00e7\u00e3o<\/strong> e <strong>parcerias estrat\u00e9gicas<\/strong>.<\/p>\n<h3 class=\"\">Servi\u00e7o:<\/h3>\n\n<p class=\"\"><strong>Evento:<\/strong> 40\u00ba Congresso Mineiro de Munic\u00edpios<\/p>\n<p class=\"\"><strong>Data:<\/strong> 6 e 7 de maio de 2025<\/p>\n<p class=\"\"><strong>Local:<\/strong> Expominas \u2013 Av. Amazonas, 6200 \u2013 Gameleira, Belo Horizonte<\/p>\n<p class=\"\"><strong>Inscri\u00e7\u00f5es:<\/strong> Gratuitas, pelo site <a class=\"\" target=\"_new\" href=\"https:\/\/congresso.amm-mg.org.br\/40\/\" rel=\"noopener\">https:\/\/congresso.amm-mg.org.br\/40\/<\/a><\/p>\n<p>\u00a0<\/p>","protected":false},"excerpt":{"rendered":"<p>AMM | Divulga\u00e7\u00e3o Os gestores e servidores p\u00fablicos que n\u00e3o puderem comparecer ao 40\u00ba Congresso Mineiro de Munic\u00edpios poder\u00e3o acompanhar o evento ao vivo pelo canal da AMMTVMinas no YouTube: https:\/\/www.youtube.com\/@AMMTVMinas. A transmiss\u00e3o ser\u00e1 simult\u00e2nea dos pain\u00e9is e palestras realizadas no Palco Minas Gerais e no Audit\u00f3rio AMM. Transmiss\u00f5es ao vivo: Dia 06\/05 (Ter\u00e7a feira): [&hellip;]<\/p>\n","protected":false},"author":0,"featured_media":29694,"comment_status":"open","ping_status":"open","sticky":false,"template":"","format":"standard","meta":{"rop_custom_images_group":[],"rop_custom_messages_group":[],"rop_publish_now":"initial","rop_publish_now_accounts":[],"rop_publish_now_history":[],"rop_publish_now_status":"pending","footnotes":""},"categories":[6745],"tags":[],"class_list":["post-29693","post","type-post","status-publish","format-standard","has-post-thumbnail","hentry","category-coluna-sindijori"],"_links":{"self":[{"href":"https:\/\/diariotribuna.com.br\/index.php?rest_route=\/wp\/v2\/posts\/29693"}],"collection":[{"href":"https:\/\/diariotribuna.com.br\/index.php?rest_route=\/wp\/v2\/posts"}],"about":[{"href":"https:\/\/diariotribuna.com.br\/index.php?rest_route=\/wp\/v2\/types\/post"}],"replies":[{"embeddable":true,"href":"https:\/\/diariotribuna.com.br\/index.php?rest_route=%2Fwp%2Fv2%2Fcomments&post=29693"}],"version-history":[{"count":0,"href":"https:\/\/diariotribuna.com.br\/index.php?rest_route=\/wp\/v2\/posts\/29693\/revisions"}],"wp:featuredmedia":[{"embeddable":true,"href":"https:\/\/diariotribuna.com.br\/index.php?rest_route=\/wp\/v2\/media\/29694"}],"wp:attachment":[{"href":"https:\/\/diariotribuna.com.br\/index.php?rest_route=%2Fwp%2Fv2%2Fmedia&parent=29693"}],"wp:term":[{"taxonomy":"category","embeddable":true,"href":"https:\/\/diariotribuna.com.br\/index.php?rest_route=%2Fwp%2Fv2%2Fcategories&post=29693"},{"taxonomy":"post_tag","embeddable":true,"href":"https:\/\/diariotribuna.com.br\/index.php?rest_route=%2Fwp%2Fv2%2Ftags&post=29693"}],"curies":[{"name":"wp","href":"https:\/\/api.w.org\/{rel}","templated":true}]}}