{"id":29695,"date":"2025-05-05T12:12:49","date_gmt":"2025-05-05T15:12:49","guid":{"rendered":"https:\/\/diariotribuna.com.br\/?p=29695"},"modified":"2025-05-05T12:12:49","modified_gmt":"2025-05-05T15:12:49","slug":"mec-suspende-implantacao-do-curso-de-medicina","status":"publish","type":"post","link":"https:\/\/diariotribuna.com.br\/?p=29695","title":{"rendered":"MEC suspende implanta\u00e7\u00e3o do curso de medicina\u00a0"},"content":{"rendered":"<p><em><span>Foto: Divulga\u00e7\u00e3o UNIS<\/span><\/em><\/p>\n<p><strong><span>COLUNA MG<\/span><\/strong><br \/><span>Principais destaques dos jornais e portais integrantes da rede Sindijori MG <\/span><br \/><span><a href=\"http:\/\/www.sindijorimg.com.br\/\">www.sindijorimg.com.br<\/a><\/span><\/p>\n<p><strong><span>MEC suspende curso de medicina<\/span><\/strong><br \/><span>Ap\u00f3s grandes investimentos realizados pelo Grupo Unis para o in\u00edcio do cruso de Medicina, o MEC suspendeu inesperadamente a autoriza\u00e7\u00e3o que ocorreu no in\u00edcio de abril. O Grupo Unis entrou com um recurso no Tribunal Regional Federal da 6\u00aa Regi\u00e3o (TRF-6). O pedido de indeferimento foi feito no dia 22 de abril. Gustavo Chalfun, advogado da institui\u00e7\u00e3o, informou que o Grupo Unis vem realizando todos os investimentos requisitados desde 2022 para outorgar a gradua\u00e7\u00e3o do curso de medicina em Varginha. (O Debate \u2013 Varginha)<\/span><br \/><span><a href=\"https:\/\/www.odebatenoticias.com.br\/post\/autoriza%C3%A7%C3%A3o-para-o-curso-de-medicina-no-grupo-unis-%C3%A9-suspensa-pelo-mec\">https:\/\/www.odebatenoticias.com.br\/post\/autoriza%C3%A7%C3%A3o-para-o-curso-de-medicina-no-grupo-unis-%C3%A9-suspensa-pelo-mec<\/a><\/span><\/p>\n<p><strong><span>Obras do Senac s\u00e3o autorizadas<\/span><\/strong><br \/><span>O Sindcom\u00e9rcio de Te\u00f3filo Otoni e a Prefeitura Municipal realizaram reuni\u00e3o de alinhamento para marcar o in\u00edcio das obras da sede pr\u00f3pria do Senac no munic\u00edpio. Com a presen\u00e7a do prefeito F\u00e1bio Marinho, e o presidente da C\u00e2mara Municipal, vereador Ugleno Alves, o encontro destacou os investimentos que est\u00e3o sendo realizados e o impacto positivo que essa iniciativa trar\u00e1 para o desenvolvimento da cidade e de toda a regi\u00e3o. Durante a reuni\u00e3o, foi entregue o alvar\u00e1 que autoriza oficialmente o in\u00edcio da constru\u00e7\u00e3o da nova unidade do Senac na cidade. (Di\u00e1rio Tribuna \u2013 Te\u00f3filo Otoni)<\/span><br \/><span><a href=\"https:\/\/diariotribuna.com.br\/?p=29657\">https:\/\/diariotribuna.com.br\/?p=29657<\/a><\/span><\/p>\n<p><strong><span>Evento em JF capacita chefs<\/span><\/strong><br \/><span>A Associa\u00e7\u00e3o Brasileira de Bares e Restaurantes (Abrasel) Zona da Mata, em parceria com a Epamig Instituto C\u00e2ndido Tostes (Epamig\/ILCT), realizaram o Workshop Queijos Minas, um evento voltado para capacitar chefs e jurados que participar\u00e3o do JF Sabor 2025 Ouro de Minas, um dos mais tradicionais festivais gastron\u00f4micos da regi\u00e3o. O objetivo do encontro foi aprofundar o conhecimento sobre os queijos Minas artesanais e industriais, destacando suas caracter\u00edsticas sensoriais, t\u00e9cnicas de produ\u00e7\u00e3o e possibilidades de harmoniza\u00e7\u00e3o. (RCW TV \u2013 Juiz de Fora)<\/span><br \/><span><a href=\"https:\/\/www.rcwtv.com.br\/noticia\/abrasel-e-epamig-instituto-candido-tostes-promovem-workshop-sobre-queijos-minas-em-preparacao-para-o-jf-sabor-2025\">https:\/\/www.rcwtv.com.br\/noticia\/abrasel-e-epamig-instituto-candido-tostes-promovem-workshop-sobre-queijos-minas-em-preparacao-para-o-jf-sabor-2025<\/a><\/span><\/p>\n<p><strong><span>Falc\u00e3o assume AMM nesta ter\u00e7a<\/span><\/strong><br \/><span>A Associa\u00e7\u00e3o Mineira de Munic\u00edpios (AMM) realiza, nesta ter\u00e7a-feira (6), o 40\u00ba Congresso Mineiro de Munic\u00edpios. Al\u00e9m da posse da nova diretoria, o evento dever\u00e1 ser pautado pelas maiores preocupa\u00e7\u00f5es dos gestores municipais para os pr\u00f3ximos anos. No topo da lista est\u00e1 retirar a &#8220;corda do pesco\u00e7o dos prefeitos&#8221; e rediscutir a divis\u00e3o de recursos entre prefeituras, governos estaduais e a Uni\u00e3o, segundo o presidente eleito da entidade, Lu\u00eds Eduardo Falc\u00e3o (sem partido), prefeito de Patos de Minas. (Jornal dos Vales).<\/span><br \/><span><a href=\"https:\/\/www.jornaldosvales.com.br\/noticia\/54454\/falcao-toma-posse-como-presidente-no-congresso-da-amm-deve-priorizar-debate-sobre-reforma-tributaria\">https:\/\/www.jornaldosvales.com.br\/noticia\/54454\/falcao-toma-posse-como-presidente-no-congresso-da-amm-deve-priorizar-debate-sobre-reforma-tributaria<\/a><\/span><\/p>\n<p><strong><span>Divin\u00f3polis ter\u00e1 hor\u00e1rio especial <\/span><\/strong><br \/><span>Com a proximidade do Dia das M\u00e3es, comemorado em 11 de maio (domingo), a CDL Divin\u00f3polis refor\u00e7a a import\u00e2ncia de um planejamento estrat\u00e9gico por parte dos lojistas para aproveitar uma das datas mais importantes do varejo. Atrav\u00e9s de acordo firmado entre a CDL, o Sindicato do Com\u00e9rcio Varejista de Divin\u00f3polis (SinCom\u00e9rcio) e o Sindicato dos Empregados no Com\u00e9rcio Varejista e Atacadista da regi\u00e3o, ficou autorizado o funcionamento do com\u00e9rcio no s\u00e1bado, 10 de maio, das 9h \u00e0s 18h, exclusivamente para empresas que est\u00e3o em dia com suas obriga\u00e7\u00f5es sindicais. (Portal G37 \u2013 Divin\u00f3polis)<\/span><br \/><span><a href=\"https:\/\/g37.com.br\/divinopolis\/cdl-divinopolis-informa-horario-especial-para-o-dia-das-maes\/\">https:\/\/g37.com.br\/divinopolis\/cdl-divinopolis-informa-horario-especial-para-o-dia-das-maes\/<\/a><\/span><\/p>\n<p><strong><span>MoC capacita diretores<\/span><\/strong><br \/><span>A Pol\u00edcia Civil de Minas Gerais (PCMG) realizou, na semana passada, uma capacita\u00e7\u00e3o voltada para gestores e diretores de escolas p\u00fablicas e particulares de Montes Claros. O encontro ocorreu no audit\u00f3rio da Secretaria Municipal de Educa\u00e7\u00e3o, reunindo representantes das redes municipal, estadual e privada de ensino. A a\u00e7\u00e3o teve como foco o fortalecimento de estrat\u00e9gias para acolhimento de relatos de viol\u00eancia contra crian\u00e7as e adolescentes, em prepara\u00e7\u00e3o para as atividades do Maio Laranja, m\u00eas dedicado ao combate ao abuso e \u00e0 explora\u00e7\u00e3o sexual de menores. (Gazeta Norte Mineira \u2013 Montes Claros)<\/span><br \/><span><a href=\"https:\/\/gazetanm.com.br\/capacitacao-orienta-gestores-no-combate-a-violencia-infantil\/\">https:\/\/gazetanm.com.br\/capacitacao-orienta-gestores-no-combate-a-violencia-infantil\/<\/a><\/span><\/p>\n<p><strong><span>Mineira entre as mais velhas do mundo<\/span><\/strong><br \/><span>Com 114 anos e 201 dias, Izabel Rosa Pereira, moradora de Caputira, est\u00e1 oficialmente entre as cinco pessoas mais velhas do mundo, segundo o ranking internacional da LongeviQuest, entidade que se apresenta como o principal banco de dados sobre longevidade global. Nascida em uma fazenda pr\u00f3xima a Caputira, Izabel \u00e9 filha de Manoel Pinto Moreira e Francisca Leoc\u00e1rdia Moreira. Foi a quarta de cinco filhos. Casou-se com Ant\u00f4nio Jos\u00e9 Pereira, com quem teve 12 filhos. At\u00e9 fevereiro de 2024, nove deles permaneciam vivos: Lairdes, Maria, Manoel, Joaquim, Sebasti\u00e3o, Jo\u00e3o, Vicente, Francisca e Helena. Sua idade foi confirmada em outubro de 2023 por uma equipe de tr\u00eas verificadores da LongeviQuest. (Di\u00e1rio de Caratinga)<\/span><br \/><span><a href=\"https:\/\/diariodecaratinga.com.br\/mineira-de-caputira-esta-entre-as-cinco-pessoas-mais-velhas-do-mundo\/\">https:\/\/diariodecaratinga.com.br\/mineira-de-caputira-esta-entre-as-cinco-pessoas-mais-velhas-do-mundo\/<\/a><\/span><\/p>\n<p><span><\/span><\/p>\n<p>\u00a0<\/p>","protected":false},"excerpt":{"rendered":"<p>Foto: Divulga\u00e7\u00e3o UNIS COLUNA MGPrincipais destaques dos jornais e portais integrantes da rede Sindijori MG www.sindijorimg.com.br MEC suspende curso de medicinaAp\u00f3s grandes investimentos realizados pelo Grupo Unis para o in\u00edcio do cruso de Medicina, o MEC suspendeu inesperadamente a autoriza\u00e7\u00e3o que ocorreu no in\u00edcio de abril. O Grupo Unis entrou com um recurso no Tribunal [&hellip;]<\/p>\n","protected":false},"author":0,"featured_media":29696,"comment_status":"open","ping_status":"open","sticky":false,"template":"","format":"standard","meta":{"rop_custom_images_group":[],"rop_custom_messages_group":[],"rop_publish_now":"initial","rop_publish_now_accounts":[],"rop_publish_now_history":[],"rop_publish_now_status":"pending","footnotes":""},"categories":[6745],"tags":[],"class_list":["post-29695","post","type-post","status-publish","format-standard","has-post-thumbnail","hentry","category-coluna-sindijori"],"_links":{"self":[{"href":"https:\/\/diariotribuna.com.br\/index.php?rest_route=\/wp\/v2\/posts\/29695"}],"collection":[{"href":"https:\/\/diariotribuna.com.br\/index.php?rest_route=\/wp\/v2\/posts"}],"about":[{"href":"https:\/\/diariotribuna.com.br\/index.php?rest_route=\/wp\/v2\/types\/post"}],"replies":[{"embeddable":true,"href":"https:\/\/diariotribuna.com.br\/index.php?rest_route=%2Fwp%2Fv2%2Fcomments&post=29695"}],"version-history":[{"count":0,"href":"https:\/\/diariotribuna.com.br\/index.php?rest_route=\/wp\/v2\/posts\/29695\/revisions"}],"wp:featuredmedia":[{"embeddable":true,"href":"https:\/\/diariotribuna.com.br\/index.php?rest_route=\/wp\/v2\/media\/29696"}],"wp:attachment":[{"href":"https:\/\/diariotribuna.com.br\/index.php?rest_route=%2Fwp%2Fv2%2Fmedia&parent=29695"}],"wp:term":[{"taxonomy":"category","embeddable":true,"href":"https:\/\/diariotribuna.com.br\/index.php?rest_route=%2Fwp%2Fv2%2Fcategories&post=29695"},{"taxonomy":"post_tag","embeddable":true,"href":"https:\/\/diariotribuna.com.br\/index.php?rest_route=%2Fwp%2Fv2%2Ftags&post=29695"}],"curies":[{"name":"wp","href":"https:\/\/api.w.org\/{rel}","templated":true}]}}