{"id":29701,"date":"2025-05-06T10:02:33","date_gmt":"2025-05-06T13:02:33","guid":{"rendered":"https:\/\/diariotribuna.com.br\/?p=29701"},"modified":"2025-05-06T10:02:33","modified_gmt":"2025-05-06T13:02:33","slug":"spr-de-muriae-lanca-projeto-gratuito-de-equoterapia","status":"publish","type":"post","link":"https:\/\/diariotribuna.com.br\/?p=29701","title":{"rendered":"SPR de Muria\u00e9 lan\u00e7a projeto gratuito de equoterapia\u00a0"},"content":{"rendered":"<p class=\"MsoNormal\"><span>FAEMG SENAR | Divulga\u00e7\u00e3o<\/span><\/p>\n<p><\/p>\n<p class=\"\"><strong>M\u00e9todo terap\u00eautico utiliza o cavalo para o desenvolvimento f\u00edsico e emocional de pessoas<\/strong><\/p>\n<p class=\"\">O <strong>Sindicato dos Produtores Rurais (SPR)<\/strong> de Muria\u00e9 deu in\u00edcio ao <strong>Projeto Equoterapia<\/strong>, que j\u00e1 est\u00e1 sendo oferecido gratuitamente \u00e0 popula\u00e7\u00e3o do munic\u00edpio e da regi\u00e3o. A equoterapia \u00e9 um m\u00e9todo terap\u00eautico que utiliza o cavalo para promover o <strong>desenvolvimento f\u00edsico, emocional e social<\/strong> de pessoas com defici\u00eancia, transtornos mentais ou outras necessidades especiais.<\/p>\n<p class=\"\">A psic\u00f3loga e equoterapeuta respons\u00e1vel pelas sess\u00f5es, <strong>C\u00edntia Muglia<\/strong>, destaca o impacto social da iniciativa:<br \/><strong>\u201c\u00c9 magn\u00edfico ofertar esse tratamento para as crian\u00e7as. Com o acompanhamento, j\u00e1 percebemos evolu\u00e7\u00e3o, principalmente nos casos de sa\u00fade mental.\u201d<\/strong><br \/>Segundo ela, a intera\u00e7\u00e3o com o cavalo \u2014 desde os primeiros contatos at\u00e9 a montaria \u2014 contribui diretamente para <strong>a socializa\u00e7\u00e3o, autoconfian\u00e7a e autoestima<\/strong> dos participantes.<\/p>\n<p class=\"\">O projeto acontece no <strong>Parque de Exposi\u00e7\u00f5es de Muria\u00e9<\/strong>, com o uso de animais do Sindicato e acompanhamento profissional especializado. Os interessados podem obter mais informa\u00e7\u00f5es ou se inscrever pelo telefone: <strong>(32) 99806-6506<\/strong>.<\/p>\n<p class=\"\">\u201c<strong>Convidamos toda a popula\u00e7\u00e3o a conhecer e participar<\/strong>\u201d, refor\u00e7a o presidente do SPR de Muria\u00e9, <strong>Altomirando Viegas<\/strong>.<\/p>\n\n<p class=\"\">A iniciativa conta com a parceria do <strong>Cisleste<\/strong>, por meio do prefeito de Vieiras, <strong>Ricardo Maia<\/strong>, e com o apoio do <strong>Sicoob Credisudeste<\/strong> e <strong>Sicredi<\/strong>.<\/p>\n<p>\u00a0<\/p>","protected":false},"excerpt":{"rendered":"<p>FAEMG SENAR | Divulga\u00e7\u00e3o M\u00e9todo terap\u00eautico utiliza o cavalo para o desenvolvimento f\u00edsico e emocional de pessoas O Sindicato dos Produtores Rurais (SPR) de Muria\u00e9 deu in\u00edcio ao Projeto Equoterapia, que j\u00e1 est\u00e1 sendo oferecido gratuitamente \u00e0 popula\u00e7\u00e3o do munic\u00edpio e da regi\u00e3o. A equoterapia \u00e9 um m\u00e9todo terap\u00eautico que utiliza o cavalo para promover [&hellip;]<\/p>\n","protected":false},"author":0,"featured_media":29702,"comment_status":"open","ping_status":"open","sticky":false,"template":"","format":"standard","meta":{"rop_custom_images_group":[],"rop_custom_messages_group":[],"rop_publish_now":"initial","rop_publish_now_accounts":[],"rop_publish_now_history":[],"rop_publish_now_status":"pending","footnotes":""},"categories":[6745],"tags":[],"class_list":["post-29701","post","type-post","status-publish","format-standard","has-post-thumbnail","hentry","category-coluna-sindijori"],"_links":{"self":[{"href":"https:\/\/diariotribuna.com.br\/index.php?rest_route=\/wp\/v2\/posts\/29701"}],"collection":[{"href":"https:\/\/diariotribuna.com.br\/index.php?rest_route=\/wp\/v2\/posts"}],"about":[{"href":"https:\/\/diariotribuna.com.br\/index.php?rest_route=\/wp\/v2\/types\/post"}],"replies":[{"embeddable":true,"href":"https:\/\/diariotribuna.com.br\/index.php?rest_route=%2Fwp%2Fv2%2Fcomments&post=29701"}],"version-history":[{"count":0,"href":"https:\/\/diariotribuna.com.br\/index.php?rest_route=\/wp\/v2\/posts\/29701\/revisions"}],"wp:featuredmedia":[{"embeddable":true,"href":"https:\/\/diariotribuna.com.br\/index.php?rest_route=\/wp\/v2\/media\/29702"}],"wp:attachment":[{"href":"https:\/\/diariotribuna.com.br\/index.php?rest_route=%2Fwp%2Fv2%2Fmedia&parent=29701"}],"wp:term":[{"taxonomy":"category","embeddable":true,"href":"https:\/\/diariotribuna.com.br\/index.php?rest_route=%2Fwp%2Fv2%2Fcategories&post=29701"},{"taxonomy":"post_tag","embeddable":true,"href":"https:\/\/diariotribuna.com.br\/index.php?rest_route=%2Fwp%2Fv2%2Ftags&post=29701"}],"curies":[{"name":"wp","href":"https:\/\/api.w.org\/{rel}","templated":true}]}}