{"id":29703,"date":"2025-05-06T12:04:50","date_gmt":"2025-05-06T15:04:50","guid":{"rendered":"https:\/\/diariotribuna.com.br\/?p=29703"},"modified":"2025-05-06T12:04:50","modified_gmt":"2025-05-06T15:04:50","slug":"dia-das-maes-deve-movimentar-r-4-bilhoes","status":"publish","type":"post","link":"https:\/\/diariotribuna.com.br\/?p=29703","title":{"rendered":"Dia das M\u00e3es deve movimentar R$ 4 bilh\u00f5es\u00a0"},"content":{"rendered":"<p><em><span>Foto: Di\u00e1rio do Com\u00e9rcio \/ Dione AS<\/span><\/em><\/p>\n<p><strong><span>COLUNA MG<\/span><\/strong><br \/><span>Principais destaques dos jornais e portais integrantes da rede Sindijori MG <\/span><br \/><span><a href=\"http:\/\/www.sindijorimg.com.br\/\">www.sindijorimg.com.br<\/a><\/span><\/p>\n<p><strong><span>Dia das M\u00e3es deve movimentar R$ 4 bi<\/span><\/strong><br \/><span>O Dia das M\u00e3es, segunda melhor data para o varejo em termos de vendas, deve movimentar R$ 3,89 bilh\u00f5es em Minas Gerais em 2025. Com forte apelo emocional, a comemora\u00e7\u00e3o ser\u00e1 respons\u00e1vel por levar 12 milh\u00f5es de mineiros \u00e0s compras, com inten\u00e7\u00e3o m\u00e9dia de gastos de R$ 293,13 , o que representa 7,4% a mais que no ano passado. Os dados foram levantados pela Federa\u00e7\u00e3o das C\u00e2maras de Dirigentes Lojistas do Estado de Minas Gerais (FCDL-MG). A pesquisa tamb\u00e9m destaca que 84% dos entrevistados pretendem ainda celebrar a data com um almo\u00e7o ou jantar especial. (Di\u00e1rio do Com\u00e9rcio \u2013 Belo Horizonte)<\/span><br \/><span><a href=\"https:\/\/diariodocomercio.com.br\/economia\/dia-das-maes-varejo-minas-gerais-2025\/\">https:\/\/diariodocomercio.com.br\/economia\/dia-das-maes-varejo-minas-gerais-2025\/<\/a><\/span><\/p>\n<p><strong><span>Congresso capacita gestores<\/span><\/strong><br \/><span>O 40\u00ba Congresso Mineiro de Munic\u00edpios, promovido pela Associa\u00e7\u00e3o Mineira de Munic\u00edpios (AMM), acontece nos dias 6 e 7 de maio de 2025 no Expominas, em Belo Horizonte, com expectativa de reunir 10 mil participantes. Com o tema \u201cCapacita\u00e7\u00e3o e Gest\u00e3o Estrat\u00e9gica: as chaves para um mandato de sucesso\u201d, o evento re\u00fane prefeitos, vereadores, secret\u00e1rios e agentes p\u00fablicos para discutir temas como desenvolvimento econ\u00f4mico, moderniza\u00e7\u00e3o da gest\u00e3o e comunica\u00e7\u00e3o governamental. A programa\u00e7\u00e3o inclui f\u00f3runs, semin\u00e1rios, premia\u00e7\u00f5es e a Feira para o Desenvolvimento dos Munic\u00edpios. (Cidade Conecta \u2013 Nova Lima)<\/span><br \/><span><a href=\"https:\/\/www.cidadeconecta.com\/noticias\/congresso-capacita-gestores-de-cidades-de-minas\/\">https:\/\/www.cidadeconecta.com\/noticias\/congresso-capacita-gestores-de-cidades-de-minas\/<\/a><\/span><\/p>\n<p><strong><span>Po\u00e7os faz lan\u00e7amento da Canpack<\/span><\/strong><br \/><span>Nesta quarta-feira, 7, a Prefeitura de Po\u00e7os de Caldas, por meio da Secretaria de Desenvolvimento Econ\u00f4mico e Inova\u00e7\u00e3o, realiza o lan\u00e7amento oficial da pedra fundamental da Canpack, evento que marca o in\u00edcio das obras da nova unidade industrial da multinacional no munic\u00edpio. A cerim\u00f4nia acontece \u00e0s 10h30, no terreno da empresa, localizado no Distrito Industrial. As negocia\u00e7\u00f5es tiveram in\u00edcio em 2022 e, ap\u00f3s um trabalho t\u00e9cnico e institucional liderado pela Prefeitura, o protocolo de inten\u00e7\u00f5es foi assinado em novembro de 2024. Agora, com o lan\u00e7amento da pedra fundamental, a empresa anuncia o in\u00edcio oficial das obras, com previs\u00e3o de conclus\u00e3o e opera\u00e7\u00e3o em fases ao longo dos pr\u00f3ximos dois anos. (Jornal Mantiqueira &#8211; Po\u00e7os de Caldas)<\/span><br \/><span><a href=\"https:\/\/www.jornalmantiqueira.com.br\/2025\/05\/05\/prefeitura-lanca-pedra-fundamental-da-canpack-nesta-quarta-feira\/\">https:\/\/www.jornalmantiqueira.com.br\/2025\/05\/05\/prefeitura-lanca-pedra-fundamental-da-canpack-nesta-quarta-feira\/<\/a><\/span><\/p>\n<p><strong><span>Maio laranja em Patroc\u00ednio <\/span><\/strong><br \/><span>O Projeto Prote\u00e7\u00e3o e Conscientiza\u00e7\u00e3o, promovido pelo CMDCA de Patroc\u00ednio\/MG durante o Maio Laranja, mobilizou a cidade em defesa dos direitos de crian\u00e7as e adolescentes. A campanha teve in\u00edcio na Fenacaf\u00e9 com o lan\u00e7amento do banner \u201cJuntos pelo Futuro de Nossas Crian\u00e7as\u201d e a\u00e7\u00f5es educativas com a popula\u00e7\u00e3o. No Dia do Trabalhador, a iniciativa ganhou for\u00e7a ao refor\u00e7ar a import\u00e2ncia da den\u00fancia e da prote\u00e7\u00e3o cont\u00ednua. Com apoio de \u00f3rg\u00e3os municipais e parceiros, a campanha ampliou seu alcance. (Jornal de Patroc\u00ednio)<\/span><br \/><span><a href=\"https:\/\/www.jornaldepatrocinio.com\/maio-laranja-protecao-e-conscientizacao-em-patrocinio\">https:\/\/www.jornaldepatrocinio.com\/maio-laranja-protecao-e-conscientizacao-em-patrocinio<\/a><\/span><\/p>\n<p><strong><span>Arax\u00e1 ter\u00e1 unidade do H\u00e9lio Angotti<\/span><\/strong><br \/><span>A cidade de Arax\u00e1 est\u00e1 avan\u00e7ando nas tratativas para receber uma unidade do Hospital de C\u00e2ncer H\u00e9lio Angotti, refer\u00eancia no Tri\u00e2ngulo Mineiro. A proposta, discutida em reuni\u00e3o em Bras\u00edlia com representantes do hospital e autoridades locais, visa oferecer servi\u00e7os como quimioterapia, hormonioterapia e acompanhamento por telemedicina, descentralizando o atendimento oncol\u00f3gico e proporcionando mais conforto aos pacientes. Uma visita t\u00e9cnica ser\u00e1 realizada nos dias 8 e 9 de maio para avaliar o local indicado pela prefeitura. (Clarim.Net \u2013 Arax\u00e1)<\/span><br \/><span><a href=\"https:\/\/clarim.net.br\/araxa-avanca-para-receber-unidade-do-hospital-helio-angotti\/\">https:\/\/clarim.net.br\/araxa-avanca-para-receber-unidade-do-hospital-helio-angotti\/<\/a><\/span><\/p>\n<p><strong><span>SIM de Formiga \u00e9 destaque no F\u00f3rum<\/span><\/strong><br \/><span>O Servi\u00e7o de Inspe\u00e7\u00e3o Municipal (SIM) de Formiga foi destaque no 4\u00ba F\u00f3rum Estadual Agroind\u00fastria Legal, realizado em Divin\u00f3polis, ao apresentar suas iniciativas inovadoras no setor agroindustrial. Representado pelo diretor de Pol\u00edticas Rurais, Anuar Teodoro, o SIM foi reconhecido como modelo de excel\u00eancia em inspe\u00e7\u00e3o municipal, com atua\u00e7\u00e3o t\u00e9cnica rigorosa, apoio aos produtores e parcerias com institui\u00e7\u00f5es acad\u00eamicas. Entre suas conquistas est\u00e3o o pioneirismo na concess\u00e3o do Selo ARTE para produtos c\u00e1rneos, pr\u00eamios nacionais e internacionais e a cria\u00e7\u00e3o de um laborat\u00f3rio de an\u00e1lises de leite. (O Pergaminho \u2013 Formiga)<\/span><br \/><span><a href=\"https:\/\/www.opergaminho.com.br\/sim-de-formiga-e-destaque-no-4o-forum-estadual-agroindustria-legal\">https:\/\/www.opergaminho.com.br\/sim-de-formiga-e-destaque-no-4o-forum-estadual-agroindustria-legal<\/a><\/span><\/p>\n<p><span><\/span><\/p>\n<p>\u00a0<\/p>","protected":false},"excerpt":{"rendered":"<p>Foto: Di\u00e1rio do Com\u00e9rcio \/ Dione AS COLUNA MGPrincipais destaques dos jornais e portais integrantes da rede Sindijori MG www.sindijorimg.com.br Dia das M\u00e3es deve movimentar R$ 4 biO Dia das M\u00e3es, segunda melhor data para o varejo em termos de vendas, deve movimentar R$ 3,89 bilh\u00f5es em Minas Gerais em 2025. Com forte apelo emocional, [&hellip;]<\/p>\n","protected":false},"author":0,"featured_media":29704,"comment_status":"open","ping_status":"open","sticky":false,"template":"","format":"standard","meta":{"rop_custom_images_group":[],"rop_custom_messages_group":[],"rop_publish_now":"initial","rop_publish_now_accounts":[],"rop_publish_now_history":[],"rop_publish_now_status":"pending","footnotes":""},"categories":[6745],"tags":[],"class_list":["post-29703","post","type-post","status-publish","format-standard","has-post-thumbnail","hentry","category-coluna-sindijori"],"_links":{"self":[{"href":"https:\/\/diariotribuna.com.br\/index.php?rest_route=\/wp\/v2\/posts\/29703"}],"collection":[{"href":"https:\/\/diariotribuna.com.br\/index.php?rest_route=\/wp\/v2\/posts"}],"about":[{"href":"https:\/\/diariotribuna.com.br\/index.php?rest_route=\/wp\/v2\/types\/post"}],"replies":[{"embeddable":true,"href":"https:\/\/diariotribuna.com.br\/index.php?rest_route=%2Fwp%2Fv2%2Fcomments&post=29703"}],"version-history":[{"count":0,"href":"https:\/\/diariotribuna.com.br\/index.php?rest_route=\/wp\/v2\/posts\/29703\/revisions"}],"wp:featuredmedia":[{"embeddable":true,"href":"https:\/\/diariotribuna.com.br\/index.php?rest_route=\/wp\/v2\/media\/29704"}],"wp:attachment":[{"href":"https:\/\/diariotribuna.com.br\/index.php?rest_route=%2Fwp%2Fv2%2Fmedia&parent=29703"}],"wp:term":[{"taxonomy":"category","embeddable":true,"href":"https:\/\/diariotribuna.com.br\/index.php?rest_route=%2Fwp%2Fv2%2Fcategories&post=29703"},{"taxonomy":"post_tag","embeddable":true,"href":"https:\/\/diariotribuna.com.br\/index.php?rest_route=%2Fwp%2Fv2%2Ftags&post=29703"}],"curies":[{"name":"wp","href":"https:\/\/api.w.org\/{rel}","templated":true}]}}