{"id":29709,"date":"2025-05-06T23:42:04","date_gmt":"2025-05-07T02:42:04","guid":{"rendered":"https:\/\/diariotribuna.com.br\/?p=29709"},"modified":"2025-05-06T23:42:06","modified_gmt":"2025-05-07T02:42:06","slug":"19o-bpm-realiza-operacao-conjunta-com-orgaos-publicos-em-teofilo-otoni","status":"publish","type":"post","link":"https:\/\/diariotribuna.com.br\/?p=29709","title":{"rendered":"19\u00ba BPM realiza opera\u00e7\u00e3o conjunta com \u00f3rg\u00e3os p\u00fablicos em Te\u00f3filo Otoni"},"content":{"rendered":"\n<figure class=\"wp-block-gallery has-nested-images columns-2 is-cropped wp-block-gallery-1 is-layout-flex wp-block-gallery-is-layout-flex\">\n<figure class=\"wp-block-image size-large\"><img loading=\"lazy\" decoding=\"async\" width=\"700\" height=\"410\" data-id=\"29715\" src=\"https:\/\/diariotribuna.com.br\/wp-content\/uploads\/2025\/05\/2-1.jpg\" alt=\"\" class=\"wp-image-29715\" srcset=\"https:\/\/diariotribuna.com.br\/wp-content\/uploads\/2025\/05\/2-1.jpg 700w, https:\/\/diariotribuna.com.br\/wp-content\/uploads\/2025\/05\/2-1-300x176.jpg 300w, https:\/\/diariotribuna.com.br\/wp-content\/uploads\/2025\/05\/2-1-696x408.jpg 696w\" sizes=\"(max-width: 700px) 100vw, 700px\" \/><\/figure>\n\n\n\n<figure class=\"wp-block-image size-large\"><img loading=\"lazy\" decoding=\"async\" width=\"700\" height=\"422\" data-id=\"29714\" src=\"https:\/\/diariotribuna.com.br\/wp-content\/uploads\/2025\/05\/1-1.jpg\" alt=\"\" class=\"wp-image-29714\" srcset=\"https:\/\/diariotribuna.com.br\/wp-content\/uploads\/2025\/05\/1-1.jpg 700w, https:\/\/diariotribuna.com.br\/wp-content\/uploads\/2025\/05\/1-1-300x181.jpg 300w, https:\/\/diariotribuna.com.br\/wp-content\/uploads\/2025\/05\/1-1-696x420.jpg 696w, https:\/\/diariotribuna.com.br\/wp-content\/uploads\/2025\/05\/1-1-697x420.jpg 697w\" sizes=\"(max-width: 700px) 100vw, 700px\" \/><\/figure>\n<\/figure>\n\n\n\n<p>A opera\u00e7\u00e3o Vulcano, realizada na segunda-feira (5\/5), teve como objetivo regulamentar a execu\u00e7\u00e3o da fiscaliza\u00e7\u00e3o por meio da colabora\u00e7\u00e3o entre a Pol\u00edcia Militar, o Minist\u00e9rio P\u00fablico do Trabalho e Emprego, o Corpo de Bombeiros de Minas Gerais, a Pol\u00edcia Militar de Meio Ambiente, a Secretaria Municipal de Fazenda e Posturas, e a Delegacia Fiscal de Receita Estadual. Esta a\u00e7\u00e3o visa a fiscaliza\u00e7\u00e3o de ferros-velhos, recicladoras e com\u00e9rcios de baterias e transformadores usados no munic\u00edpio de Te\u00f3filo Otoni\/MG.<\/p>\n\n\n\n<p><strong>Os principais objetivos foram:<\/strong> verificar o cumprimento do C\u00f3digo de Posturas do Munic\u00edpio de Te\u00f3filo Otoni\/MG, garantir a validade do alvar\u00e1 de funcionamento, licenciamento ambiental e AVCB, conferir a documenta\u00e7\u00e3o que comprove a origem legal dos materiais adquiridos, reprimir a recepta\u00e7\u00e3o de materiais provenientes de crimes e orientar os respons\u00e1veis sobre a legisla\u00e7\u00e3o vigente.<\/p>\n\n\n\n<figure class=\"wp-block-gallery has-nested-images columns-default is-cropped wp-block-gallery-2 is-layout-flex wp-block-gallery-is-layout-flex\">\n<figure class=\"wp-block-image size-large\"><img loading=\"lazy\" decoding=\"async\" width=\"700\" height=\"426\" data-id=\"29717\" src=\"https:\/\/diariotribuna.com.br\/wp-content\/uploads\/2025\/05\/4-1.jpg\" alt=\"\" class=\"wp-image-29717\" srcset=\"https:\/\/diariotribuna.com.br\/wp-content\/uploads\/2025\/05\/4-1.jpg 700w, https:\/\/diariotribuna.com.br\/wp-content\/uploads\/2025\/05\/4-1-300x183.jpg 300w, https:\/\/diariotribuna.com.br\/wp-content\/uploads\/2025\/05\/4-1-696x424.jpg 696w, https:\/\/diariotribuna.com.br\/wp-content\/uploads\/2025\/05\/4-1-690x420.jpg 690w\" sizes=\"(max-width: 700px) 100vw, 700px\" \/><\/figure>\n\n\n\n<figure class=\"wp-block-image size-large\"><img loading=\"lazy\" decoding=\"async\" width=\"700\" height=\"405\" data-id=\"29716\" src=\"https:\/\/diariotribuna.com.br\/wp-content\/uploads\/2025\/05\/3-1.jpg\" alt=\"\" class=\"wp-image-29716\" srcset=\"https:\/\/diariotribuna.com.br\/wp-content\/uploads\/2025\/05\/3-1.jpg 700w, https:\/\/diariotribuna.com.br\/wp-content\/uploads\/2025\/05\/3-1-300x174.jpg 300w, https:\/\/diariotribuna.com.br\/wp-content\/uploads\/2025\/05\/3-1-696x403.jpg 696w\" sizes=\"(max-width: 700px) 100vw, 700px\" \/><\/figure>\n<\/figure>\n\n\n\n<p>O Comandante do Batalh\u00e3o, tenente-coronel Jean Michel Costa do Amaral, ressaltou a signific\u00e2ncia de promover essa a\u00e7\u00e3o integrada com \u00f3rg\u00e3os espec\u00edficos. Ele enfatizou a import\u00e2ncia de orientar os trabalhadores na coleta de materiais e as empresas nas quest\u00f5es relacionadas \u00e0 organiza\u00e7\u00e3o, efici\u00eancia e inova\u00e7\u00e3o na filtragem dos produtos.<\/p>\n\n\n\n<p><strong>Resultado Parcial &#8211;<\/strong> A assessoria do 19\u00ba BPM informou ao Di\u00e1rio Tribuna que na opera\u00e7\u00e3o tiveram dois presos por recepta\u00e7\u00e3o, autua\u00e7\u00e3o de algumas localidades pela Pol\u00edcia de Meio Ambiente, em torno de R$ 60 mil, devido \u00e0 identifica\u00e7\u00e3o de infra\u00e7\u00f5es ambientais e determina\u00e7\u00e3o de suspens\u00e3o&nbsp;das&nbsp;atividades. E teve ainda a apreens\u00e3o de fios de cobre e tampas de ferro&nbsp;da&nbsp;Copasa. O somat\u00f3rio total ainda n\u00e3o foi divulgado. (Informa\u00e7\u00f5es\/Fotos: assessoria de comunica\u00e7\u00e3o do 19\u00ba BPM\/ Te\u00f3filo Otoni).<\/p>\n","protected":false},"excerpt":{"rendered":"<p>A opera\u00e7\u00e3o Vulcano, realizada na segunda-feira (5\/5), teve como objetivo regulamentar a execu\u00e7\u00e3o da fiscaliza\u00e7\u00e3o por meio da colabora\u00e7\u00e3o entre a Pol\u00edcia Militar, o Minist\u00e9rio P\u00fablico do Trabalho e Emprego, o Corpo de Bombeiros de Minas Gerais, a Pol\u00edcia Militar de Meio Ambiente, a Secretaria Municipal de Fazenda e Posturas, e a Delegacia Fiscal de [&hellip;]<\/p>\n","protected":false},"author":1,"featured_media":29714,"comment_status":"open","ping_status":"open","sticky":false,"template":"","format":"standard","meta":{"rop_custom_images_group":[],"rop_custom_messages_group":[],"rop_publish_now":"initial","rop_publish_now_accounts":[],"rop_publish_now_history":[],"rop_publish_now_status":"pending","footnotes":""},"categories":[25,20],"tags":[7115,2251,7137,6459,3514,76,75],"class_list":["post-29709","post","type-post","status-publish","format-standard","has-post-thumbnail","hentry","category-destaque","category-policia","tag-cbmmg","tag-mpt","tag-operacao-vulcano","tag-pm-meio-ambiente","tag-pmto","tag-policia-militar","tag-teofilo-otoni"],"_links":{"self":[{"href":"https:\/\/diariotribuna.com.br\/index.php?rest_route=\/wp\/v2\/posts\/29709"}],"collection":[{"href":"https:\/\/diariotribuna.com.br\/index.php?rest_route=\/wp\/v2\/posts"}],"about":[{"href":"https:\/\/diariotribuna.com.br\/index.php?rest_route=\/wp\/v2\/types\/post"}],"author":[{"embeddable":true,"href":"https:\/\/diariotribuna.com.br\/index.php?rest_route=\/wp\/v2\/users\/1"}],"replies":[{"embeddable":true,"href":"https:\/\/diariotribuna.com.br\/index.php?rest_route=%2Fwp%2Fv2%2Fcomments&post=29709"}],"version-history":[{"count":1,"href":"https:\/\/diariotribuna.com.br\/index.php?rest_route=\/wp\/v2\/posts\/29709\/revisions"}],"predecessor-version":[{"id":29718,"href":"https:\/\/diariotribuna.com.br\/index.php?rest_route=\/wp\/v2\/posts\/29709\/revisions\/29718"}],"wp:featuredmedia":[{"embeddable":true,"href":"https:\/\/diariotribuna.com.br\/index.php?rest_route=\/wp\/v2\/media\/29714"}],"wp:attachment":[{"href":"https:\/\/diariotribuna.com.br\/index.php?rest_route=%2Fwp%2Fv2%2Fmedia&parent=29709"}],"wp:term":[{"taxonomy":"category","embeddable":true,"href":"https:\/\/diariotribuna.com.br\/index.php?rest_route=%2Fwp%2Fv2%2Fcategories&post=29709"},{"taxonomy":"post_tag","embeddable":true,"href":"https:\/\/diariotribuna.com.br\/index.php?rest_route=%2Fwp%2Fv2%2Ftags&post=29709"}],"curies":[{"name":"wp","href":"https:\/\/api.w.org\/{rel}","templated":true}]}}