{"id":29719,"date":"2025-05-06T23:55:40","date_gmt":"2025-05-07T02:55:40","guid":{"rendered":"https:\/\/diariotribuna.com.br\/?p=29719"},"modified":"2025-05-08T14:26:27","modified_gmt":"2025-05-08T17:26:27","slug":"minascon-2025-vai-movimentar-setor-da-construcao-civil-no-leste-de-minas","status":"publish","type":"post","link":"https:\/\/diariotribuna.com.br\/?p=29719","title":{"rendered":"Minascon 2025 vai movimentar setor da constru\u00e7\u00e3o civil no Leste de Minas"},"content":{"rendered":"\n<p><em><strong>Evento acontece pela primeira vez em Governador Valadares e vai reunir cerca de 3 mil participantes nos dias 15 e 16 de maio<\/strong><\/em><\/p>\n\n\n\n<figure class=\"wp-block-image size-full is-resized\"><img loading=\"lazy\" decoding=\"async\" width=\"700\" height=\"320\" src=\"https:\/\/diariotribuna.com.br\/wp-content\/uploads\/2025\/05\/Minascon-2025-1-1024x396-1.jpg\" alt=\"\" class=\"wp-image-29720\" style=\"width:515px;height:auto\" srcset=\"https:\/\/diariotribuna.com.br\/wp-content\/uploads\/2025\/05\/Minascon-2025-1-1024x396-1.jpg 700w, https:\/\/diariotribuna.com.br\/wp-content\/uploads\/2025\/05\/Minascon-2025-1-1024x396-1-300x137.jpg 300w, https:\/\/diariotribuna.com.br\/wp-content\/uploads\/2025\/05\/Minascon-2025-1-1024x396-1-696x318.jpg 696w\" sizes=\"(max-width: 700px) 100vw, 700px\" \/><\/figure>\n\n\n\n<p>Governador Valadares se prepara para receber, pela primeira vez, o Minascon, maior evento da constru\u00e7\u00e3o civil de Minas Gerais. A 22\u00aa edi\u00e7\u00e3o da feira ser\u00e1 realizada nos dias 15 e 16 de maio, marcando um momento hist\u00f3rico para o setor e para a cidade, que \u00e9 um dos principais p\u00f3los econ\u00f4micos do Leste do Estado. As inscri\u00e7\u00f5es para participa\u00e7\u00e3o gratuita na feira e nas palestras j\u00e1 est\u00e3o abertas na plataforma Sympla. Clique aqui.<\/p>\n\n\n\n<p>A programa\u00e7\u00e3o \u00e9 extensa e abrange 12 palestras t\u00e9cnicas sobre inova\u00e7\u00e3o, sustentabilidade e tend\u00eancias da constru\u00e7\u00e3o civil, al\u00e9m de uma feira com expositores de marcas do setor, sal\u00e3o de neg\u00f3cios para networking e o concurso estudantil \u201cA Ponte\u201d, que desafia alunos a constru\u00edrem uma ponte resistente usando apenas palitos de picol\u00e9 e cola branca.<\/p>\n\n\n\n<p>A expectativa \u00e9 atrair cerca de 3 mil visitantes, entre empres\u00e1rios, profissionais liberais, estudantes universit\u00e1rios, fornecedores e interessados no setor. O p\u00fablico-alvo inclui ind\u00fastrias, micro e pequenas empresas da cadeia da constru\u00e7\u00e3o civil, al\u00e9m de institui\u00e7\u00f5es de ensino e \u00f3rg\u00e3os p\u00fablicos.<\/p>\n\n\n\n<p>\u201cO Minascon \u00e9 uma oportunidade \u00fanica de capacita\u00e7\u00e3o, gera\u00e7\u00e3o de neg\u00f3cios e atualiza\u00e7\u00e3o tecnol\u00f3gica. Trazer esse evento para Governador Valadares reconhece a import\u00e2ncia da cidade como polo industrial e comercial do Leste mineiro\u201d, afirma Marcos Lopes, presidente da FIEMG Regional Vale do Rio Doce.<\/p>\n\n\n\n<p>O evento \u00e9 uma realiza\u00e7\u00e3o conjunta do Sindicato das Ind\u00fastrias da Constru\u00e7\u00e3o Civil de Governador Valadares (Sinduscon-GV), do SENAI e da Federa\u00e7\u00e3o das Ind\u00fastrias do Estado de Minas Gerais (FIEMG). O Minascon 2025 conta ainda com patroc\u00ednio ouro do Conselho Regional de Engenharia e Agronomia de Minas Gerais (Crea-MG), apoio m\u00e1ster do Sebrae, parceria do Conselho de Arquitetura de Urbanismo de Minas Gerais (CAU\/MG) e apoio do SEST SENAT.<\/p>\n\n\n\n<p><strong>Valadares em destaque &#8211; <\/strong>A escolha de Governador Valadares como sede do Minascon reflete o forte crescimento da constru\u00e7\u00e3o civil no munic\u00edpio. Em 2024, o setor registrou um aumento de 25,33% no n\u00famero de trabalhadores com carteira assinada, sendo respons\u00e1vel por 47,81% dos novos empregos gerados na cidade no per\u00edodo.<\/p>\n\n\n\n<p>Atualmente, o munic\u00edpio conta com 2.914 trabalhadores formais na constru\u00e7\u00e3o civil e 538 empresas registradas no setor. Esses dados refor\u00e7am o papel estrat\u00e9gico da cidade no desenvolvimento econ\u00f4mico regional e estadual. (Tha\u00eds Mota\/ Imprensa FIEMG).<\/p>\n","protected":false},"excerpt":{"rendered":"<p>Evento acontece pela primeira vez em Governador Valadares e vai reunir cerca de 3 mil participantes nos dias 15 e 16 de maio Governador Valadares se prepara para receber, pela primeira vez, o Minascon, maior evento da constru\u00e7\u00e3o civil de Minas Gerais. A 22\u00aa edi\u00e7\u00e3o da feira ser\u00e1 realizada nos dias 15 e 16 de [&hellip;]<\/p>\n","protected":false},"author":1,"featured_media":29720,"comment_status":"open","ping_status":"open","sticky":false,"template":"","format":"standard","meta":{"rop_custom_images_group":[],"rop_custom_messages_group":[],"rop_publish_now":"initial","rop_publish_now_accounts":[],"rop_publish_now_history":[],"rop_publish_now_status":"pending","footnotes":""},"categories":[19],"tags":[6896,82,1712,7138],"class_list":["post-29719","post","type-post","status-publish","format-standard","has-post-thumbnail","hentry","category-gerais","tag-6896","tag-fiemg","tag-governador-valadares","tag-minascon"],"_links":{"self":[{"href":"https:\/\/diariotribuna.com.br\/index.php?rest_route=\/wp\/v2\/posts\/29719"}],"collection":[{"href":"https:\/\/diariotribuna.com.br\/index.php?rest_route=\/wp\/v2\/posts"}],"about":[{"href":"https:\/\/diariotribuna.com.br\/index.php?rest_route=\/wp\/v2\/types\/post"}],"author":[{"embeddable":true,"href":"https:\/\/diariotribuna.com.br\/index.php?rest_route=\/wp\/v2\/users\/1"}],"replies":[{"embeddable":true,"href":"https:\/\/diariotribuna.com.br\/index.php?rest_route=%2Fwp%2Fv2%2Fcomments&post=29719"}],"version-history":[{"count":1,"href":"https:\/\/diariotribuna.com.br\/index.php?rest_route=\/wp\/v2\/posts\/29719\/revisions"}],"predecessor-version":[{"id":29721,"href":"https:\/\/diariotribuna.com.br\/index.php?rest_route=\/wp\/v2\/posts\/29719\/revisions\/29721"}],"wp:featuredmedia":[{"embeddable":true,"href":"https:\/\/diariotribuna.com.br\/index.php?rest_route=\/wp\/v2\/media\/29720"}],"wp:attachment":[{"href":"https:\/\/diariotribuna.com.br\/index.php?rest_route=%2Fwp%2Fv2%2Fmedia&parent=29719"}],"wp:term":[{"taxonomy":"category","embeddable":true,"href":"https:\/\/diariotribuna.com.br\/index.php?rest_route=%2Fwp%2Fv2%2Fcategories&post=29719"},{"taxonomy":"post_tag","embeddable":true,"href":"https:\/\/diariotribuna.com.br\/index.php?rest_route=%2Fwp%2Fv2%2Ftags&post=29719"}],"curies":[{"name":"wp","href":"https:\/\/api.w.org\/{rel}","templated":true}]}}