{"id":29722,"date":"2025-05-07T07:40:18","date_gmt":"2025-05-07T10:40:18","guid":{"rendered":"https:\/\/diariotribuna.com.br\/?p=29722"},"modified":"2025-05-07T07:40:18","modified_gmt":"2025-05-07T10:40:18","slug":"abertura-do-40o-congresso-mineiro-de-municipios-reune-mais-de-cinco-mil-pessoas-em-debate-sobre-o-futuro-do-municipalismo","status":"publish","type":"post","link":"https:\/\/diariotribuna.com.br\/?p=29722","title":{"rendered":"Abertura do 40\u00ba Congresso Mineiro de Munic\u00edpios re\u00fane mais de cinco mil pessoas em debate sobre o futuro do municipalismo\u00a0"},"content":{"rendered":"<p class=\"MsoNormal\"><span>AMM | Divulga\u00e7\u00e3o<\/span><span><\/span><\/p>\n<p><span><\/span><\/p>\n<p><strong>Evento promovido pela AMM destaca a import\u00e2ncia da uni\u00e3o entre gestores p\u00fablicos e refor\u00e7a pautas estrat\u00e9gicas para o fortalecimento dos munic\u00edpios.<\/strong><\/p>\n<p>Mais de <strong>5.500 participantes<\/strong> marcaram presen\u00e7a na abertura do <strong>40\u00ba Congresso Mineiro de Munic\u00edpios<\/strong>, maior evento municipalista estadual do pa\u00eds, promovido pela <a href=\"https:\/\/congresso.amm-mg.org.br\/40\/\"><strong>Associa\u00e7\u00e3o Mineira de Munic\u00edpios (AMM)<\/strong><\/a>. O encontro aconteceu nos dias <strong>6 e 7 de maio de 2025<\/strong>, no <strong>Expominas<\/strong>, em <strong>Belo Horizonte<\/strong>, reunindo prefeitos, vereadores, autoridades estaduais e federais, al\u00e9m de representantes da sociedade civil.<\/p>\n<p>Ao lado do governador <strong>Romeu Zema<\/strong>, do vice-governador <strong>Professor Mateus<\/strong>, do presidente da ALMG, <strong>Tadeu Martins Leite<\/strong>, e outras autoridades, o presidente da AMM e 1\u00ba vice-presidente da Confedera\u00e7\u00e3o Nacional de Munic\u00edpios (CNM), <strong>Dr. Marcos Vinicius<\/strong>, abriu o evento com um chamado \u00e0 <strong>uni\u00e3o dos prefeitos<\/strong>, acima de ideologias e partidos, para que a entidade siga avan\u00e7ando nas conquistas do municipalismo.<\/p>\n<p>\u201cEstamos na linha de frente da <strong>PEC da Sustentabilidade Fiscal<\/strong>, debatendo a <strong>Reforma Tribut\u00e1ria<\/strong>, porque acreditamos que o municipalismo verdadeiro \u00e9 aquele que age, constr\u00f3i e transforma\u201d, afirmou Dr. Marcos. Ele tamb\u00e9m apresentou uma breve retrospectiva de sua gest\u00e3o, destacando as conquistas obtidas nos \u00faltimos tr\u00eas anos, a import\u00e2ncia do associativismo e os aprendizados \u00e0 frente da AMM.<\/p>\n<p>O presidente da CNM, <strong>Paulo Ziulkoski<\/strong>, elogiou a atua\u00e7\u00e3o da atual gest\u00e3o da AMM e refor\u00e7ou a necessidade de manter a unidade:<\/p>\n<p>\u201cA AMM vai continuar forte porque h\u00e1 muitas batalhas a serem enfrentadas em defesa dos munic\u00edpios, independentemente das diferen\u00e7as partid\u00e1rias.\u201d<\/p>\n<p>O tema central do congresso \u2014 <strong>\u201cCapacita\u00e7\u00e3o e Gest\u00e3o Estrat\u00e9gica: as chaves para um mandato de sucesso\u201d<\/strong> \u2014 foi apontado como estrat\u00e9gico pelo presidente do Sebrae e da CDL-BH, <strong>Marcelo de Souza<\/strong>, por estar alinhado ao fortalecimento da governan\u00e7a e apoio aos pequenos neg\u00f3cios.<\/p>\n<p>A presidente da Codemge, <strong>Luiza Barreto<\/strong>, aproveitou o evento para lan\u00e7ar o programa <strong>Cidades Parceiras<\/strong>, que busca incentivar Parcerias P\u00fablico-Privadas (PPPs) nos munic\u00edpios mineiros.<\/p>\n<p>J\u00e1 o governador Romeu Zema destacou os acordos hist\u00f3ricos firmados entre o Estado e os munic\u00edpios:<\/p>\n<p>\u201cFirmamos grandes acordos com a AMM, como ICMS, IPVA, Fundeb e sa\u00fade. Isso demonstra nossa disposi\u00e7\u00e3o de trabalhar lado a lado com os munic\u00edpios.\u201d<\/p>\n<p>O vice-governador <strong>Mateus Sim\u00f5es<\/strong> refor\u00e7ou a parceria do Estado com os prefeitos mineiros:<\/p>\n<p>\u201cVoc\u00eas est\u00e3o na linha de frente da gest\u00e3o p\u00fablica. Contem com o apoio do governo de Minas.\u201d<\/p>\n<p>No Congresso, tamb\u00e9m se manifestaram parlamentares como o deputado federal <strong>Domingos S\u00e1vio<\/strong>, que enfatizou o papel priorit\u00e1rio dos munic\u00edpios na vida dos cidad\u00e3os, e a deputada federal <strong>Greyce Elias<\/strong>, que representou o presidente da C\u00e2mara dos Deputados, Hugo Motta, refor\u00e7ando a import\u00e2ncia da atua\u00e7\u00e3o coletiva dos gestores p\u00fablicos.<\/p>\n<h3>Resolu\u00e7\u00e3o 001\/2025 fortalece atua\u00e7\u00e3o regional da AMM<\/h3>\n<p>Durante a cerim\u00f4nia, foi assinada a <strong>Resolu\u00e7\u00e3o 001\/2025<\/strong>, que destina <strong>R$ 1,5 milh\u00e3o<\/strong> \u00e0s <strong>microrregionais mineiras<\/strong>, por meio do projeto <strong>AMM Mais Micros<\/strong>. Cada microrregional receber\u00e1 <strong>R$ 30 mil<\/strong> para investir em capacita\u00e7\u00e3o, aquisi\u00e7\u00e3o de equipamentos, melhorias nas sedes e divulga\u00e7\u00e3o de produtos e servi\u00e7os da AMM.<\/p>\n<h3>Congresso celebra 40 anos com programa\u00e7\u00e3o intensa<\/h3>\n<p>Comemorando sua <strong>40\u00aa edi\u00e7\u00e3o<\/strong>, o congresso tem como foco <strong>capacita\u00e7\u00e3o, articula\u00e7\u00e3o institucional e moderniza\u00e7\u00e3o da gest\u00e3o p\u00fablica<\/strong>. A programa\u00e7\u00e3o inclui f\u00f3runs, semin\u00e1rios e salas t\u00e9cnicas voltadas \u00e0 melhoria dos servi\u00e7os prestados \u00e0 popula\u00e7\u00e3o e ao desenvolvimento econ\u00f4mico dos munic\u00edpios.<\/p>\n<p>Os gestores que n\u00e3o puderem comparecer ao Expominas podem acompanhar a transmiss\u00e3o ao vivo pelo canal <a href=\"https:\/\/www.youtube.com\/@AMMTVMinas\"><strong>AMMTVMinas<\/strong><\/a> no YouTube.<\/p>\n<h3>Destaques da programa\u00e7\u00e3o:<\/h3>\n<p><strong>2\u00ba F\u00f3rum Mineiro de Comunica\u00e7\u00e3o<\/strong> \u2013 Realizado em 6\/5, com palestra de <strong>Marcelo Vitorino<\/strong>, especialista em comunica\u00e7\u00e3o governamental, abordando o tema: <em>\u201cComo vencer o desafio de comunicar bem com os cidad\u00e3os e ter a gest\u00e3o reconhecida\u201d<\/em>.<\/p>\n<p><strong>13\u00ba Pr\u00eamio AMM de Boas Pr\u00e1ticas na Gest\u00e3o Municipal<\/strong> \u2013 Entregue em 6\/5, \u00e0s 17h30, premiando iniciativas inovadoras nas \u00e1reas de Educa\u00e7\u00e3o, Meio Ambiente, Turismo e Desenvolvimento Econ\u00f4mico.<\/p>\n<p><strong>Posse da nova diretoria da AMM<\/strong> \u2013 Acontece no dia 7\/5, marcando a transi\u00e7\u00e3o da presid\u00eancia da entidade para o prefeito de Patos de Minas, <strong>Lu\u00eds Eduardo Falc\u00e3o Ferreira<\/strong>, para o tri\u00eanio <strong>2025-2028<\/strong>.<\/p>\n<p><strong>38\u00aa Feira para o Desenvolvimento dos Munic\u00edpios<\/strong> \u2013 Tradicional feira que re\u00fane empresas e institui\u00e7\u00f5es com solu\u00e7\u00f5es inovadoras voltadas para a gest\u00e3o municipal.<\/p>\n<h3>Servi\u00e7o:<\/h3>\n\n<p><strong>Data:<\/strong> 6 e 7 de maio de 2025<br \/><strong>Local:<\/strong> Expominas \u2013 Av. Amazonas, 6200 \u2013 Gameleira, Belo Horizonte<br \/><strong>Programa\u00e7\u00e3o completa:<\/strong> <a href=\"https:\/\/congresso.amm-mg.org.br\/40\/\">Dispon\u00edvel no site da AMM<\/a><\/p>\n<p>\u00a0<\/p>","protected":false},"excerpt":{"rendered":"<p>AMM | Divulga\u00e7\u00e3o Evento promovido pela AMM destaca a import\u00e2ncia da uni\u00e3o entre gestores p\u00fablicos e refor\u00e7a pautas estrat\u00e9gicas para o fortalecimento dos munic\u00edpios. Mais de 5.500 participantes marcaram presen\u00e7a na abertura do 40\u00ba Congresso Mineiro de Munic\u00edpios, maior evento municipalista estadual do pa\u00eds, promovido pela Associa\u00e7\u00e3o Mineira de Munic\u00edpios (AMM). O encontro aconteceu nos [&hellip;]<\/p>\n","protected":false},"author":0,"featured_media":29723,"comment_status":"open","ping_status":"open","sticky":false,"template":"","format":"standard","meta":{"rop_custom_images_group":[],"rop_custom_messages_group":[],"rop_publish_now":"initial","rop_publish_now_accounts":[],"rop_publish_now_history":[],"rop_publish_now_status":"pending","footnotes":""},"categories":[6745],"tags":[],"class_list":["post-29722","post","type-post","status-publish","format-standard","has-post-thumbnail","hentry","category-coluna-sindijori"],"_links":{"self":[{"href":"https:\/\/diariotribuna.com.br\/index.php?rest_route=\/wp\/v2\/posts\/29722"}],"collection":[{"href":"https:\/\/diariotribuna.com.br\/index.php?rest_route=\/wp\/v2\/posts"}],"about":[{"href":"https:\/\/diariotribuna.com.br\/index.php?rest_route=\/wp\/v2\/types\/post"}],"replies":[{"embeddable":true,"href":"https:\/\/diariotribuna.com.br\/index.php?rest_route=%2Fwp%2Fv2%2Fcomments&post=29722"}],"version-history":[{"count":0,"href":"https:\/\/diariotribuna.com.br\/index.php?rest_route=\/wp\/v2\/posts\/29722\/revisions"}],"wp:featuredmedia":[{"embeddable":true,"href":"https:\/\/diariotribuna.com.br\/index.php?rest_route=\/wp\/v2\/media\/29723"}],"wp:attachment":[{"href":"https:\/\/diariotribuna.com.br\/index.php?rest_route=%2Fwp%2Fv2%2Fmedia&parent=29722"}],"wp:term":[{"taxonomy":"category","embeddable":true,"href":"https:\/\/diariotribuna.com.br\/index.php?rest_route=%2Fwp%2Fv2%2Fcategories&post=29722"},{"taxonomy":"post_tag","embeddable":true,"href":"https:\/\/diariotribuna.com.br\/index.php?rest_route=%2Fwp%2Fv2%2Ftags&post=29722"}],"curies":[{"name":"wp","href":"https:\/\/api.w.org\/{rel}","templated":true}]}}