{"id":29724,"date":"2025-05-07T12:18:53","date_gmt":"2025-05-07T15:18:53","guid":{"rendered":"https:\/\/diariotribuna.com.br\/?p=29724"},"modified":"2025-05-07T12:18:53","modified_gmt":"2025-05-07T15:18:53","slug":"preco-do-tomate-sobe-32","status":"publish","type":"post","link":"https:\/\/diariotribuna.com.br\/?p=29724","title":{"rendered":"Pre\u00e7o do tomate sobe 32%\u00a0"},"content":{"rendered":"<p><em><span>Foto: Felipe Couri<\/span><\/em><\/p>\n<p><strong><span>COLUNA MG<\/span><\/strong><br \/><span>Principais destaques dos jornais e portais integrantes da rede Sindijori MG <\/span><br \/><span><a href=\"http:\/\/www.sindijorimg.com.br\/\">www.sindijorimg.com.br<\/a><\/span><\/p>\n<p><strong><span>Pre\u00e7o do tomate sobe 32% <\/span><\/strong><br \/><span>O pre\u00e7o do tomate subiu mais de 32%, de acordo com a pr\u00e9via do IPCA-15 divulgada pelo Instituto Brasileiro de Geografia e Estat\u00edstica (IBGE). Sozinho, ele respondeu por 18,6% da alta registrada no \u00edndice, sendo o item que mais pressionou a infla\u00e7\u00e3o em abril. Este foi o segundo m\u00eas consecutivo de alta de dois d\u00edgitos no pre\u00e7o do tomate. Em mar\u00e7o, o aumento foi de 12,57%. Em Juiz de Fora, a disparada de pre\u00e7os tamb\u00e9m \u00e9 observada. Na Central de Abastecimento (Ceasa), o tomate registrou alta de 25% no per\u00edodo analisado pelo IPCA-15, entre 18 de mar\u00e7o e 14 de abril deste ano. (Tribuna de Minas \u2013 Juiz de Fora)<\/span><br \/><span><a href=\"https:\/\/tribunademinas.com.br\/noticias\/economia\/04-05-2025\/tomate-inflacao-em-abril.html\">https:\/\/tribunademinas.com.br\/noticias\/economia\/04-05-2025\/tomate-inflacao-em-abril.html<\/a><\/span><\/p>\n<p><strong><span>Pra Geral chega a Sabar\u00e1<\/span><\/strong><br \/><span>O Pra Geral, um festival cultural que celebra a arte e a vida comunit\u00e1ria, acontecer\u00e1 em Sabar\u00e1 no dia 1\u00ba de junho, oferecendo uma programa\u00e7\u00e3o gratuita e diversificada. O evento busca valorizar os talentos locais, abrindo edital para artistas de m\u00fasica, teatro, dan\u00e7a, circo e grafite, com inscri\u00e7\u00f5es at\u00e9 10 de maio. Al\u00e9m de atra\u00e7\u00f5es convidadas, o festival contar\u00e1 com apresenta\u00e7\u00f5es cont\u00ednuas, incluindo performances teatrais, musicais e circenses, al\u00e9m de atividades como rua de lazer para crian\u00e7as, grafite ao vivo e exposi\u00e7\u00f5es de artesanato. (Folha de Sabar\u00e1)<\/span><br \/><span><a href=\"https:\/\/folhadesabara.com.br\/noticia\/44883\/pra-geral-chega-a-sabara\">https:\/\/folhadesabara.com.br\/noticia\/44883\/pra-geral-chega-a-sabara<\/a><\/span><\/p>\n<p><strong><span>Nota Mineira ter\u00e1 sorteio especial <\/span><\/strong><br \/><span>O Governo de Minas Gerais, por meio da Secretaria de Estado de Fazenda (SEF), realizar\u00e1 um sorteio especial de R$ 200 mil no programa Nota Fiscal Mineira, em homenagem ao m\u00eas das m\u00e3es. O sorteio ocorrer\u00e1 em 26 de maio de 2025 e participar\u00e3o os bilhetes gerados entre 22\/4 e 11\/5 por consumidores que inclu\u00edrem o CPF na nota fiscal. O governador Romeu Zema destacou o valor simb\u00f3lico do pr\u00eamio e o est\u00edmulo \u00e0 cidadania fiscal. (Balc\u00e3o News \u2013 Belo Horizonte)<\/span><br \/><span><a href=\"https:\/\/balcaonews.com.br\/2025\/05\/07\/nota-fiscal-mineira-tera-sorteio-especial-de-r-200-mil-em-maio-mes-das-maes\/\">https:\/\/balcaonews.com.br\/2025\/05\/07\/nota-fiscal-mineira-tera-sorteio-especial-de-r-200-mil-em-maio-mes-das-maes\/<\/a><\/span><\/p>\n<p><strong><span>Energisa com 24 vagas de emprego<\/span><\/strong><br \/><span>A Energisa est\u00e1 oferecendo 24 vagas de emprego em Minas Gerais, distribu\u00eddas entre as cidades de Al\u00e9m Para\u00edba, Cataguases, Leopoldina, Manhua\u00e7u e Muria\u00e9, com um banco de talentos espec\u00edfico para pessoas com defici\u00eancia. As vagas incluem diversos cargos, como analista t\u00e9cnico e eletricistas, com sal\u00e1rios variados de acordo com o cargo e a experi\u00eancia. Os colaboradores da Energisa tamb\u00e9m t\u00eam acesso a uma s\u00e9rie de benef\u00edcios, como planos de sa\u00fade, previd\u00eancia privada e programas de qualidade de vida. (Di\u00e1rio de Caratinga)<\/span><br \/><span><a href=\"https:\/\/diariodecaratinga.com.br\/energisa-esta-com-24-vagas-de-emprego-para-minas-gerais\/\">https:\/\/diariodecaratinga.com.br\/energisa-esta-com-24-vagas-de-emprego-para-minas-gerais\/<\/a><\/span><\/p>\n<p><strong><span>UFLA destaca potencial do campus Para\u00edso<\/span><\/strong><br \/><span>O reitor da Universidade Federal de Lavras (UFLA), professor Jos\u00e9 Roberto Soares Scolforo, tra\u00e7ou um panorama otimista e ao mesmo tempo cr\u00edtico sobre o desenvolvimento do campus de S\u00e3o Sebasti\u00e3o do Para\u00edso. O dirigente abordou desde a concep\u00e7\u00e3o dos cursos at\u00e9 as perspectivas de crescimento, destacando a import\u00e2ncia do apoio institucional e da integra\u00e7\u00e3o com a comunidade local. O reitor explicou que o campus segue o modelo de forma\u00e7\u00e3o em etapas. (Jornal do Sudoeste \u2013 SS Para\u00edso)<\/span><br \/><span><a href=\"https:\/\/jornaldosudoeste.com.br\/noticia_detalhe.php?id=219094\">https:\/\/jornaldosudoeste.com.br\/noticia_detalhe.php?id=219094<\/a><\/span><\/p>\n<p><strong><span>Divin\u00f3polis entra em alerta<\/span><\/strong><br \/><span>A Prefeitura de Divin\u00f3polis, por meio da Secretaria Municipal de Sa\u00fade (Semusa), registrou um aumento expressivo nos atendimentos por doen\u00e7as respirat\u00f3rias nos primeiros quatro meses de 2025. De janeiro a abril, os atendimentos por S\u00edndrome Respirat\u00f3ria na Unidade de Pronto Atendimento (UPA) Padre Roberto cresceram cerca de 98%, enquanto os casos de S\u00edndrome Respirat\u00f3ria Aguda Grave (SRAG) aumentaram 91%. Nas unidades de sa\u00fade da Aten\u00e7\u00e3o Prim\u00e1ria, o crescimento foi de aproximadamente 86% no mesmo per\u00edodo. O cen\u00e1rio segue a tend\u00eancia estadual. Na \u00faltima sexta-feira (2\/5), o Governo de Minas decretou situa\u00e7\u00e3o de emerg\u00eancia sanit\u00e1ria devido ao avan\u00e7o expressivo dos casos de SRAG. (Portal G37 \u2013 Divin\u00f3polis)<\/span><br \/><span><a href=\"https:\/\/g37.com.br\/divinopolis\/divinopolis-entra-em-alerta-com-aumento-de-doencas-respiratorias-e-reforca-medidas-de-prevencao\/\">https:\/\/g37.com.br\/divinopolis\/divinopolis-entra-em-alerta-com-aumento-de-doencas-respiratorias-e-reforca-medidas-de-prevencao\/<\/a><\/span><\/p>\n<p><strong><span>Presidente da Usimina assume ABM<\/span><\/strong><br \/><span>Em cerim\u00f4nia realizada nesta ter\u00e7a-feira, 5\/6, em S\u00e3o Paulo, o presidente da Usiminas, Marcelo Chara, tomou posse como novo presidente do Conselho de Administra\u00e7\u00e3o da Associa\u00e7\u00e3o Brasileira de Metalurgia e Materiais e Minera\u00e7\u00e3o (ABM), institui\u00e7\u00e3o que \u00e9 refer\u00eancia t\u00e9cnica no mercado, com 80 anos de atua\u00e7\u00e3o. Ao seu lado, como vice-presidente, estar\u00e1 Frederico Ayres, presidente da Aperam South America. Chara assume o bi\u00eanio 2025-2027, dando continuidade ao trabalho que vem sendo desenvolvido por Sergio Leite de Andrade, vice-presidente de Assuntos Estrat\u00e9gicos da Usiminas. (Jornal dos Vales \u2013 Ipatinga)<\/span><br \/><span><a href=\"https:\/\/www.jornaldosvales.com.br\/noticia\/54520\/presidente-da-usiminas-marcelo-chara-assume-presidencia-da-abm\">https:\/\/www.jornaldosvales.com.br\/noticia\/54520\/presidente-da-usiminas-marcelo-chara-assume-presidencia-da-abm<\/a><\/span><\/p>\n<p><span><\/span><\/p>\n<p>\u00a0<\/p>","protected":false},"excerpt":{"rendered":"<p>Foto: Felipe Couri COLUNA MGPrincipais destaques dos jornais e portais integrantes da rede Sindijori MG www.sindijorimg.com.br Pre\u00e7o do tomate sobe 32% O pre\u00e7o do tomate subiu mais de 32%, de acordo com a pr\u00e9via do IPCA-15 divulgada pelo Instituto Brasileiro de Geografia e Estat\u00edstica (IBGE). Sozinho, ele respondeu por 18,6% da alta registrada no \u00edndice, [&hellip;]<\/p>\n","protected":false},"author":0,"featured_media":29725,"comment_status":"open","ping_status":"open","sticky":false,"template":"","format":"standard","meta":{"rop_custom_images_group":[],"rop_custom_messages_group":[],"rop_publish_now":"initial","rop_publish_now_accounts":[],"rop_publish_now_history":[],"rop_publish_now_status":"pending","footnotes":""},"categories":[6745],"tags":[],"class_list":["post-29724","post","type-post","status-publish","format-standard","has-post-thumbnail","hentry","category-coluna-sindijori"],"_links":{"self":[{"href":"https:\/\/diariotribuna.com.br\/index.php?rest_route=\/wp\/v2\/posts\/29724"}],"collection":[{"href":"https:\/\/diariotribuna.com.br\/index.php?rest_route=\/wp\/v2\/posts"}],"about":[{"href":"https:\/\/diariotribuna.com.br\/index.php?rest_route=\/wp\/v2\/types\/post"}],"replies":[{"embeddable":true,"href":"https:\/\/diariotribuna.com.br\/index.php?rest_route=%2Fwp%2Fv2%2Fcomments&post=29724"}],"version-history":[{"count":0,"href":"https:\/\/diariotribuna.com.br\/index.php?rest_route=\/wp\/v2\/posts\/29724\/revisions"}],"wp:featuredmedia":[{"embeddable":true,"href":"https:\/\/diariotribuna.com.br\/index.php?rest_route=\/wp\/v2\/media\/29725"}],"wp:attachment":[{"href":"https:\/\/diariotribuna.com.br\/index.php?rest_route=%2Fwp%2Fv2%2Fmedia&parent=29724"}],"wp:term":[{"taxonomy":"category","embeddable":true,"href":"https:\/\/diariotribuna.com.br\/index.php?rest_route=%2Fwp%2Fv2%2Fcategories&post=29724"},{"taxonomy":"post_tag","embeddable":true,"href":"https:\/\/diariotribuna.com.br\/index.php?rest_route=%2Fwp%2Fv2%2Ftags&post=29724"}],"curies":[{"name":"wp","href":"https:\/\/api.w.org\/{rel}","templated":true}]}}